{"id":6557,"date":"2020-03-27T15:32:51","date_gmt":"2020-03-27T14:32:51","guid":{"rendered":"https:\/\/www.harecker.de\/blog\/?p=6557"},"modified":"2024-02-08T12:03:43","modified_gmt":"2024-02-08T11:03:43","slug":"nachhaltigkeit","status":"publish","type":"post","link":"https:\/\/www.harecker.de\/blog\/nachhaltigkeit\/","title":{"rendered":"Nachhaltigkeit unserer Produkte"},"content":{"rendered":"<h2 class=\"wp-block-heading\"><a href=\"https:\/\/de.wikipedia.org\/wiki\/Nachhaltigkeit\" target=\"_blank\" rel=\"noreferrer noopener\">Nachhaltigkeit<\/a> ist uns schon sehr lange wichtig!<\/h2>\n\n\n\n<p>Warum zahlt es sich f&#xFC;r Sie als Kunde aus, ein Kochgeschirr von Pfannen Harecker zu kaufen?<\/p>\n\n\n\n<p>Weil Sie ein Produkt kaufen, welches nachhaltig produziert wurde. Damit leisten Sie einen wertvollen Beitrag zur Verringerung der Umweltbelastung. Zudem sch&#xFC;tzen Sie Ihre Gesundheit und sparen langfristig bares Geld. Eine einzige Anschaffung eines hochwertigen Kochgeschirrs gen&#xFC;gt, um all diese Vorteile zu vereinen und Sie setzen dazu ein starkes Zeichen. Denn Nachhaltigkeit geht uns alle an!<\/p>\n\n\n\n<p>Unser Kochgeschirr erlebt einen perfekt abgestimmten und vor allem nachhaltigen Kreislauf. <\/p>\n\n\n\n<figure class=\"wp-block-gallery aligncenter has-nested-images columns-default wp-block-gallery-2 is-layout-flex wp-block-gallery-is-layout-flex\">\n<figure class=\"wp-block-image size-large\"><img loading=\"lazy\" decoding=\"async\" width=\"1024\" height=\"367\" data-id=\"6670\" src=\"https:\/\/www.harecker.de\/blog\/wp-content\/uploads\/2020\/03\/Halbe-Pfanne-mit-Wiese-WEB-1024x367.jpg\" alt=\"Harecker Pfanne gr&#xFC;n\" class=\"wp-image-6670\" srcset=\"https:\/\/www.harecker.de\/blog\/wp-content\/uploads\/2020\/03\/Halbe-Pfanne-mit-Wiese-WEB-1024x367.jpg 1024w, https:\/\/www.harecker.de\/blog\/wp-content\/uploads\/2020\/03\/Halbe-Pfanne-mit-Wiese-WEB-350x125.jpg 350w, https:\/\/www.harecker.de\/blog\/wp-content\/uploads\/2020\/03\/Halbe-Pfanne-mit-Wiese-WEB-768x275.jpg 768w, https:\/\/www.harecker.de\/blog\/wp-content\/uploads\/2020\/03\/Halbe-Pfanne-mit-Wiese-WEB-250x90.jpg 250w, https:\/\/www.harecker.de\/blog\/wp-content\/uploads\/2020\/03\/Halbe-Pfanne-mit-Wiese-WEB.jpg 1500w\" sizes=\"auto, (max-width: 1024px) 100vw, 1024px\"\/><\/figure>\n<figcaption class=\"blocks-gallery-caption wp-element-caption\"><strong>Die nachhaltige &#x201E;gr&#xFC;ne&#x201C; Pfannen von Pfannen Harecker<\/strong><\/figcaption><\/figure>\n\n\n\n<h2 class=\"wp-block-heading\">Was ist so besonders an diesem Kochgeschirr?<\/h2>\n\n\n\n<h3 class=\"wp-block-heading\"><strong>Made in Germany<\/strong><\/h3>\n\n\n\n<p>Die Produktion unseres Kochgeschirrs erfolgt ausschlie&#xDF;lich in Deutschland.<\/p>\n\n\n\n<h3 class=\"wp-block-heading\">Kurze Transportwege<\/h3>\n\n\n\n<p>Durch die Produktion und das Recycling aller Bauteile in Deutschland sichern wir so kurze Wege wie nur m&#xF6;glich. Damit haben wir weniger Umweltbelastung.<\/p>\n\n\n\n<h3 class=\"wp-block-heading\"><strong>Nachhaltig auch im Recycling<\/strong><\/h3>\n\n\n\n<p>Alle Teile werden einem fachgerechten Recycling zugef&#xFC;hrt. Gerade das Aluminium kann mit einem vergleichsweise kleinen &#x201E;Verlust&#x201C; von 5 bis 10% wieder komplett recycelt werden. Das ist durchdacht und nachhaltig.<\/p>\n\n\n\n<h3 class=\"wp-block-heading\">Sichert Nachhaltigkeit durch h&#xF6;chste Qualit&#xE4;t<\/h3>\n\n\n\n<p>Unser Kochgeschirr vereint hochwertige Rohmaterialien mit 45 Jahren Erfahrung in Entwicklung und Produktion zu einem extrem ausgereiften und damit robusten und langlebigen Produkt. Unser Kochgeschirr ist auch f&#xFC;r den extremen Einsatz in der Gastronomie entwickelt &#x2013; damit Sie lange Freude daran haben!<\/p>\n\n\n\n<h3 class=\"wp-block-heading\"><strong>Spart Energie, Fett und Sp&#xFC;lmittel<\/strong><\/h3>\n\n\n\n<p>Harecker-Pfannen und besonders die Harecker Induktionspfannen leiten die Hitze schnell in die gesamte Pfanne und sparen damit bis zu 20% Energie im Vergleich zu herk&#xF6;mmlichen Pfannen! <\/p>\n\n\n\n<p>Mit der <a class=\"glossaryLink\" href=\"https:\/\/www.harecker.de\/blog\/glossary\/titan-ii\/\" data-gt-translate-attributes='[{\"attribute\":\"data-cmtooltip\", \"format\":\"html\"}]' tabindex=\"0\" role=\"link\">Titan II<\/a> <a class=\"glossaryLink\" href=\"https:\/\/www.harecker.de\/blog\/glossary\/antihaftbeschichtung\/\" data-gt-translate-attributes='[{\"attribute\":\"data-cmtooltip\", \"format\":\"html\"}]' tabindex=\"0\" role=\"link\">Antihaftbeschichtung<\/a> k&#xF6;nnen Sie nahezu fettfrei braten. Das spart Geld und ist gesund. Die Reinigung Ihrer Harecker-Pfanne ist Dank der Spezialbeschichtung ebenfalls super einfach und ben&#xF6;tigt nahezu kein Sp&#xFC;lmittel. Einfaches Auswischen und ggf. ein paar Tropfen Sp&#xFC;lmittel reichen vollkommen aus!<\/p>\n\n\n\n<h3 class=\"wp-block-heading\"><strong>Leichte Reinigung<\/strong><\/h3>\n\n\n\n<p>Wer in der K&#xFC;che zum Reinigungs-Chef erkl&#xE4;rt wurde (meistens sind wir es ja selbst) der wird die Harecker Pfannen erst recht lieben. Denn so einfach kann das Reinigen einer Pfanne nach 2-3 Stunden schmoren im Backofen sein. Hei&#xDF;es oder kaltes Wasser in die Pfanne geben (gerne auch kalt &#x2013; hier kann sich ja nichts verziehen) etwas Sp&#xFC;lmittel dazu und mit dem gew&#xF6;hnlichen Sp&#xFC;l-Schwamm ein paar Runden drehen und schon ist die Pfanne wieder picobello sauber. <\/p>\n\n\n\n<h3 class=\"wp-block-heading\">Das Produkt kann &#x201E;nach Verbrauch&#x201C; auch wieder zur&#xFC;ckgegeben werden<\/h3>\n\n\n\n<p>Zu einem geschlossenen Kreislauf geh&#xF6;rt auch die R&#xFC;cknahme Ihrer alten Harecker-Pfannen. Und auch das ist uns etwas wert. Senden Sie uns Ihre alte Harecker-Pfanne und erhalten einen 10% Gutschein f&#xFC;r Ihre neue Harecker-Pfanne.<\/p>\n\n\n\n<figure class=\"wp-block-gallery has-nested-images columns-default is-cropped wp-block-gallery-3 is-layout-flex wp-block-gallery-is-layout-flex\">\n<figure class=\"wp-block-image size-large\"><img loading=\"lazy\" decoding=\"async\" width=\"722\" height=\"220\" data-id=\"6653\" src=\"https:\/\/www.harecker.de\/blog\/wp-content\/uploads\/2020\/03\/altgegenneu.jpg\" alt=\"\" class=\"wp-image-6653\" srcset=\"https:\/\/www.harecker.de\/blog\/wp-content\/uploads\/2020\/03\/altgegenneu.jpg 722w, https:\/\/www.harecker.de\/blog\/wp-content\/uploads\/2020\/03\/altgegenneu-350x107.jpg 350w, https:\/\/www.harecker.de\/blog\/wp-content\/uploads\/2020\/03\/altgegenneu-250x76.jpg 250w\" sizes=\"auto, (max-width: 722px) 100vw, 722px\"\/><\/figure>\n<\/figure>\n\n\n\n<div style=\"height:25px\" aria-hidden=\"true\" class=\"wp-block-spacer\"><\/div>\n\n\n\n<h2 class=\"wp-block-heading\"><strong>Qualit&#xE4;t, Handwerk und Tradition &#x2013; wir wollen, dass Sie mit Freude braten, kochen, d&#xFC;nsten, backen und das Leben genie&#xDF;en.<\/strong><\/h2>\n\n\n\n<p>Pfannen gibt es wie Sand am Meer &#x201E;und welche ist jetzt die richtige Pfanne f&#xFC;r mich?&#x201C;. Wer hat sich diese Frage nicht schon einmal gestellt. Verzweifelt steht man im Einkaufzentrum im Pfannen-Dschungel oder durchw&#xFC;hlt im Internet Seite f&#xFC;r Seite mit Pfannen-Angeboten.  <\/p>\n\n\n\n<p>Der Kopf raucht und es blinkt nur noch ein Gedanke auf: &#x201E;H&#xE4;tte ich doch nur nicht das Schlagwort &#x201E;Pfanne&#x201C; eingegeben.  Viele sehen optisch sehr &#xE4;hnlich aus und die Preis-Range bewegt sich von 5 Euro  bis sehr teuer. Das hilft auch nicht weiter.  Also &#x2013; wo steckt die EINE Pfanne &#x2013; die zu mir passt? Die unkompliziert ist, die meinen Anforderungen stand h&#xE4;lt, mit der ICH zurecht komme, die nicht &#xFC;berteuert ist und nach einem Jahr in die Gr&#xE4;tsche geht.  Ach ja &#x2013; und &#x201E;gr&#xFC;n&#x201C; soll Sie auch noch sein.<\/p>\n\n\n\n<p>Wo also finde ich jetzt nur die eine Pfanne die das alles erf&#xFC;llt und vor allem jeden Tag viel Spa&#xDF; und Freude in die K&#xFC;che bringt. Oh ja, es gibt sie, die eine richtige Pfanne, n&#xE4;mlich die Pfanne von Pfannen Harecker.<\/p>\n\n\n\n<div style=\"height:25px\" aria-hidden=\"true\" class=\"wp-block-spacer\"><\/div>\n\n\n\n<h2 class=\"wp-block-heading\"><strong>Made in Germany &#x2013; und das aus Tradition! <\/strong><\/h2>\n\n\n\n<p>Wir, das in 2. Generation Inhabergef&#xFC;hrte Traditions- und Familienunternehmen &#x201E;Pfannen Harecker&#x201C;, produzieren ganz <strong>ohne<\/strong> Zwischenh&#xE4;ndler hier <strong>in Deutschland<\/strong> auf <strong>h&#xF6;chster Qualit&#xE4;tsebene<\/strong> in einem speziellen Kokillengussverfahren. Ein planer, spannungsfreier und nicht verziehbarer Boden f&#xFC;r schnellste W&#xE4;rmeleitung ist das Ergebnis. Veredelt wird jede Pfanne mit einer besonderen Titan-Keramikoberf&#xE4;che auf h&#xF6;chster technischer Ebene &#x2013; ganz frei von PFOA. <\/p>\n\n\n\n<p>Endlich eine Oberfl&#xE4;che, die auch gro&#xDF;e Hitze vertr&#xE4;gt und die durch ihre Langlebigkeit, fettarmes- bzw. fettloses Braten erm&#xF6;glicht und alle W&#xFC;nsche erf&#xFC;llt. <\/p>\n\n\n\n<p><strong>Machen Sie sich ein Bild von unserem Fertigungsprozess:<\/strong> <strong>Denn Bilder sagen mehr als 1.000 Worte<\/strong><\/p>\n\n\n\n<figure class=\"wp-block-gallery has-nested-images columns-default is-cropped wp-block-gallery-4 is-layout-flex wp-block-gallery-is-layout-flex\">\n<figure class=\"wp-block-image size-large\"><img loading=\"lazy\" decoding=\"async\" width=\"642\" height=\"964\" data-id=\"1177\" src=\"https:\/\/www.harecker.de\/blog\/wp-content\/uploads\/2011\/09\/3.jpg\" alt=\"\" class=\"wp-image-1177\" srcset=\"https:\/\/www.harecker.de\/blog\/wp-content\/uploads\/2011\/09\/3.jpg 642w, https:\/\/www.harecker.de\/blog\/wp-content\/uploads\/2011\/09\/3-233x350.jpg 233w, https:\/\/www.harecker.de\/blog\/wp-content\/uploads\/2011\/09\/3-500x751.jpg 500w, https:\/\/www.harecker.de\/blog\/wp-content\/uploads\/2011\/09\/3-250x375.jpg 250w, https:\/\/www.harecker.de\/blog\/wp-content\/uploads\/2011\/09\/3-199x300.jpg 199w\" sizes=\"auto, (max-width: 642px) 100vw, 642px\"\/><figcaption class=\"wp-element-caption\">fl&#xFC;ssiges Aluminium<\/figcaption><\/figure>\n\n\n\n<figure class=\"wp-block-image size-large\"><img loading=\"lazy\" decoding=\"async\" width=\"642\" height=\"737\" data-id=\"1178\" src=\"https:\/\/www.harecker.de\/blog\/wp-content\/uploads\/2011\/09\/4.jpg\" alt=\"\" class=\"wp-image-1178\" srcset=\"https:\/\/www.harecker.de\/blog\/wp-content\/uploads\/2011\/09\/4.jpg 642w, https:\/\/www.harecker.de\/blog\/wp-content\/uploads\/2011\/09\/4-305x350.jpg 305w, https:\/\/www.harecker.de\/blog\/wp-content\/uploads\/2011\/09\/4-500x574.jpg 500w, https:\/\/www.harecker.de\/blog\/wp-content\/uploads\/2011\/09\/4-250x287.jpg 250w, https:\/\/www.harecker.de\/blog\/wp-content\/uploads\/2011\/09\/4-261x300.jpg 261w\" sizes=\"auto, (max-width: 642px) 100vw, 642px\"\/><figcaption class=\"wp-element-caption\">von Hand gegossen <\/figcaption><\/figure>\n\n\n\n<figure class=\"wp-block-image size-large\"><img loading=\"lazy\" decoding=\"async\" width=\"644\" height=\"429\" data-id=\"1176\" src=\"https:\/\/www.harecker.de\/blog\/wp-content\/uploads\/2011\/09\/2.jpg\" alt=\"\" class=\"wp-image-1176\" srcset=\"https:\/\/www.harecker.de\/blog\/wp-content\/uploads\/2011\/09\/2.jpg 644w, https:\/\/www.harecker.de\/blog\/wp-content\/uploads\/2011\/09\/2-350x233.jpg 350w, https:\/\/www.harecker.de\/blog\/wp-content\/uploads\/2011\/09\/2-500x333.jpg 500w, https:\/\/www.harecker.de\/blog\/wp-content\/uploads\/2011\/09\/2-250x167.jpg 250w, https:\/\/www.harecker.de\/blog\/wp-content\/uploads\/2011\/09\/2-300x199.jpg 300w\" sizes=\"auto, (max-width: 644px) 100vw, 644px\"\/><figcaption class=\"wp-element-caption\">Messinggewindebuchsen<\/figcaption><\/figure>\n\n\n\n<figure class=\"wp-block-image size-large\"><img loading=\"lazy\" decoding=\"async\" width=\"644\" height=\"966\" data-id=\"1175\" src=\"https:\/\/www.harecker.de\/blog\/wp-content\/uploads\/2011\/09\/1.jpg\" alt=\"\" class=\"wp-image-1175\" srcset=\"https:\/\/www.harecker.de\/blog\/wp-content\/uploads\/2011\/09\/1.jpg 644w, https:\/\/www.harecker.de\/blog\/wp-content\/uploads\/2011\/09\/1-233x350.jpg 233w, https:\/\/www.harecker.de\/blog\/wp-content\/uploads\/2011\/09\/1-500x750.jpg 500w, https:\/\/www.harecker.de\/blog\/wp-content\/uploads\/2011\/09\/1-250x375.jpg 250w, https:\/\/www.harecker.de\/blog\/wp-content\/uploads\/2011\/09\/1-199x300.jpg 199w\" sizes=\"auto, (max-width: 644px) 100vw, 644px\"\/><figcaption class=\"wp-element-caption\">3 &#x2013; 5 Minuten bis erkaltet <\/figcaption><\/figure>\n\n\n\n<figure class=\"wp-block-image size-large\"><img loading=\"lazy\" decoding=\"async\" width=\"642\" height=\"963\" data-id=\"1179\" src=\"https:\/\/www.harecker.de\/blog\/wp-content\/uploads\/2011\/09\/5.jpg\" alt=\"\" class=\"wp-image-1179\" srcset=\"https:\/\/www.harecker.de\/blog\/wp-content\/uploads\/2011\/09\/5.jpg 642w, https:\/\/www.harecker.de\/blog\/wp-content\/uploads\/2011\/09\/5-233x350.jpg 233w, https:\/\/www.harecker.de\/blog\/wp-content\/uploads\/2011\/09\/5-500x750.jpg 500w, https:\/\/www.harecker.de\/blog\/wp-content\/uploads\/2011\/09\/5-250x375.jpg 250w, https:\/\/www.harecker.de\/blog\/wp-content\/uploads\/2011\/09\/5-200x300.jpg 200w\" sizes=\"auto, (max-width: 642px) 100vw, 642px\"\/><figcaption class=\"wp-element-caption\">der Rohguss <\/figcaption><\/figure>\n\n\n\n<figure class=\"wp-block-image size-large\"><img loading=\"lazy\" decoding=\"async\" width=\"631\" height=\"940\" data-id=\"1184\" src=\"https:\/\/www.harecker.de\/blog\/wp-content\/uploads\/2011\/09\/10.jpg\" alt=\"\" class=\"wp-image-1184\" srcset=\"https:\/\/www.harecker.de\/blog\/wp-content\/uploads\/2011\/09\/10.jpg 631w, https:\/\/www.harecker.de\/blog\/wp-content\/uploads\/2011\/09\/10-235x350.jpg 235w, https:\/\/www.harecker.de\/blog\/wp-content\/uploads\/2011\/09\/10-500x745.jpg 500w, https:\/\/www.harecker.de\/blog\/wp-content\/uploads\/2011\/09\/10-250x372.jpg 250w, https:\/\/www.harecker.de\/blog\/wp-content\/uploads\/2011\/09\/10-201x300.jpg 201w\" sizes=\"auto, (max-width: 631px) 100vw, 631px\"\/><figcaption class=\"wp-element-caption\">Oberfl&#xE4;che  <\/figcaption><\/figure>\n\n\n\n<figure class=\"wp-block-image size-large\"><img loading=\"lazy\" decoding=\"async\" width=\"653\" height=\"435\" data-id=\"1181\" src=\"https:\/\/www.harecker.de\/blog\/wp-content\/uploads\/2011\/09\/7.jpg\" alt=\"\" class=\"wp-image-1181\" srcset=\"https:\/\/www.harecker.de\/blog\/wp-content\/uploads\/2011\/09\/7.jpg 653w, https:\/\/www.harecker.de\/blog\/wp-content\/uploads\/2011\/09\/7-350x233.jpg 350w, https:\/\/www.harecker.de\/blog\/wp-content\/uploads\/2011\/09\/7-500x333.jpg 500w, https:\/\/www.harecker.de\/blog\/wp-content\/uploads\/2011\/09\/7-250x167.jpg 250w, https:\/\/www.harecker.de\/blog\/wp-content\/uploads\/2011\/09\/7-300x199.jpg 300w\" sizes=\"auto, (max-width: 653px) 100vw, 653px\"\/><figcaption class=\"wp-element-caption\">Schleifen und S&#xE4;gen<\/figcaption><\/figure>\n\n\n\n<figure class=\"wp-block-image size-large\"><img loading=\"lazy\" decoding=\"async\" width=\"653\" height=\"979\" data-id=\"1182\" src=\"https:\/\/www.harecker.de\/blog\/wp-content\/uploads\/2011\/09\/8.jpg\" alt=\"\" class=\"wp-image-1182\" srcset=\"https:\/\/www.harecker.de\/blog\/wp-content\/uploads\/2011\/09\/8.jpg 653w, https:\/\/www.harecker.de\/blog\/wp-content\/uploads\/2011\/09\/8-233x350.jpg 233w, https:\/\/www.harecker.de\/blog\/wp-content\/uploads\/2011\/09\/8-500x750.jpg 500w, https:\/\/www.harecker.de\/blog\/wp-content\/uploads\/2011\/09\/8-250x375.jpg 250w, https:\/\/www.harecker.de\/blog\/wp-content\/uploads\/2011\/09\/8-200x300.jpg 200w\" sizes=\"auto, (max-width: 653px) 100vw, 653px\"\/><figcaption class=\"wp-element-caption\">Schleifen von Hand<\/figcaption><\/figure>\n<\/figure>\n\n\n\n<figure class=\"wp-block-gallery has-nested-images columns-default is-cropped wp-block-gallery-5 is-layout-flex wp-block-gallery-is-layout-flex\">\n<figure class=\"wp-block-image size-large\"><img loading=\"lazy\" decoding=\"async\" width=\"828\" height=\"259\" data-id=\"6579\" src=\"https:\/\/www.harecker.de\/blog\/wp-content\/uploads\/2020\/03\/Aufbau-Titan-Oberfl&#xE4;che2.jpg\" alt=\"\" class=\"wp-image-6579\" srcset=\"https:\/\/www.harecker.de\/blog\/wp-content\/uploads\/2020\/03\/Aufbau-Titan-Oberfl&#xE4;che2.jpg 828w, https:\/\/www.harecker.de\/blog\/wp-content\/uploads\/2020\/03\/Aufbau-Titan-Oberfl&#xE4;che2-350x109.jpg 350w, https:\/\/www.harecker.de\/blog\/wp-content\/uploads\/2020\/03\/Aufbau-Titan-Oberfl&#xE4;che2-768x240.jpg 768w, https:\/\/www.harecker.de\/blog\/wp-content\/uploads\/2020\/03\/Aufbau-Titan-Oberfl&#xE4;che2-250x78.jpg 250w\" sizes=\"auto, (max-width: 828px) 100vw, 828px\"\/><\/figure>\n<\/figure>\n\n\n\n<h3 class=\"wp-block-heading\">Kein Ankleben mehr!<\/h3>\n\n\n\n<p>Oh ja &#x2013; mit diesen Pfannen kleben Spiegeleier, Fisch, Steaks ganz ohne Fett nicht mehr an und dieser Zauber ist nicht nach 1 Jahr verpufft.<br>Herrlichste Bratergebnisse, wie &#x201E;resche Krusten&#x201C; oder &#x201E;karamellisierte Dampfnudeln&#x201C; geh&#xF6;ren hier einfach zum t&#xE4;glich Brot.  Da macht Kochen wieder Spa&#xDF; und so einfach ist es mit der richtigen Pfanne.<\/p>\n\n\n\n<figure class=\"wp-block-gallery has-nested-images columns-default is-cropped wp-block-gallery-6 is-layout-flex wp-block-gallery-is-layout-flex\">\n<figure class=\"wp-block-image\"><img loading=\"lazy\" decoding=\"async\" width=\"1024\" height=\"680\" data-id=\"980\" src=\"https:\/\/www.harecker.de\/blog\/wp-content\/uploads\/2011\/01\/Fotolia_24530660_M-1024x680.jpg\" alt=\"\" class=\"wp-image-980\" srcset=\"https:\/\/www.harecker.de\/blog\/wp-content\/uploads\/2011\/01\/Fotolia_24530660_M-1024x680.jpg 1024w, https:\/\/www.harecker.de\/blog\/wp-content\/uploads\/2011\/01\/Fotolia_24530660_M-350x232.jpg 350w, https:\/\/www.harecker.de\/blog\/wp-content\/uploads\/2011\/01\/Fotolia_24530660_M-768x510.jpg 768w, https:\/\/www.harecker.de\/blog\/wp-content\/uploads\/2011\/01\/Fotolia_24530660_M-500x332.jpg 500w, https:\/\/www.harecker.de\/blog\/wp-content\/uploads\/2011\/01\/Fotolia_24530660_M-250x166.jpg 250w, https:\/\/www.harecker.de\/blog\/wp-content\/uploads\/2011\/01\/Fotolia_24530660_M-300x199.jpg 300w, https:\/\/www.harecker.de\/blog\/wp-content\/uploads\/2011\/01\/Fotolia_24530660_M.jpg 1691w\" sizes=\"auto, (max-width: 1024px) 100vw, 1024px\"\/><figcaption class=\"wp-element-caption\">Dampfnudeln<\/figcaption><\/figure>\n\n\n\n<figure class=\"wp-block-image\"><img loading=\"lazy\" decoding=\"async\" width=\"424\" height=\"313\" data-id=\"5401\" src=\"https:\/\/www.harecker.de\/blog\/wp-content\/uploads\/2018\/05\/wok-pfanne.jpg\" alt=\"\" class=\"wp-image-5401\" srcset=\"https:\/\/www.harecker.de\/blog\/wp-content\/uploads\/2018\/05\/wok-pfanne.jpg 424w, https:\/\/www.harecker.de\/blog\/wp-content\/uploads\/2018\/05\/wok-pfanne-350x258.jpg 350w, https:\/\/www.harecker.de\/blog\/wp-content\/uploads\/2018\/05\/wok-pfanne-250x185.jpg 250w\" sizes=\"auto, (max-width: 424px) 100vw, 424px\"\/><figcaption class=\"wp-element-caption\"><a href=\"https:\/\/www.harecker.de\/wokpfanne-induktion-32cm\">knackige  Gem&#xFC;sepfanne<\/a><\/figcaption><\/figure>\n\n\n\n<figure class=\"wp-block-image\"><img loading=\"lazy\" decoding=\"async\" width=\"330\" height=\"383\" data-id=\"5206\" src=\"https:\/\/www.harecker.de\/blog\/wp-content\/uploads\/2018\/05\/dampfnudeln.jpg\" alt=\"\" class=\"wp-image-5206\" srcset=\"https:\/\/www.harecker.de\/blog\/wp-content\/uploads\/2018\/05\/dampfnudeln.jpg 330w, https:\/\/www.harecker.de\/blog\/wp-content\/uploads\/2018\/05\/dampfnudeln-302x350.jpg 302w, https:\/\/www.harecker.de\/blog\/wp-content\/uploads\/2018\/05\/dampfnudeln-250x290.jpg 250w\" sizes=\"auto, (max-width: 330px) 100vw, 330px\"\/><\/figure>\n\n\n\n<figure class=\"wp-block-image\"><img loading=\"lazy\" decoding=\"async\" width=\"330\" height=\"383\" data-id=\"5202\" src=\"https:\/\/www.harecker.de\/blog\/wp-content\/uploads\/2018\/05\/schweinebraten.jpg\" alt=\"\" class=\"wp-image-5202\" srcset=\"https:\/\/www.harecker.de\/blog\/wp-content\/uploads\/2018\/05\/schweinebraten.jpg 330w, https:\/\/www.harecker.de\/blog\/wp-content\/uploads\/2018\/05\/schweinebraten-302x350.jpg 302w, https:\/\/www.harecker.de\/blog\/wp-content\/uploads\/2018\/05\/schweinebraten-250x290.jpg 250w\" sizes=\"auto, (max-width: 330px) 100vw, 330px\"\/><figcaption class=\"wp-element-caption\"><a href=\"https:\/\/www.harecker.de\/Viereckpfanne\">https:\/\/www.harecker.de\/Viereckpfanne<\/a><\/figcaption><\/figure>\n\n\n\n<figure class=\"wp-block-image\"><img loading=\"lazy\" decoding=\"async\" width=\"1024\" height=\"683\" data-id=\"2527\" src=\"https:\/\/www.harecker.de\/blog\/wp-content\/uploads\/2013\/09\/IMG_1579-1024x683.jpg\" alt=\"\" class=\"wp-image-2527\" srcset=\"https:\/\/www.harecker.de\/blog\/wp-content\/uploads\/2013\/09\/IMG_1579-1024x683.jpg 1024w, https:\/\/www.harecker.de\/blog\/wp-content\/uploads\/2013\/09\/IMG_1579-350x233.jpg 350w, https:\/\/www.harecker.de\/blog\/wp-content\/uploads\/2013\/09\/IMG_1579-768x512.jpg 768w, https:\/\/www.harecker.de\/blog\/wp-content\/uploads\/2013\/09\/IMG_1579-500x333.jpg 500w, https:\/\/www.harecker.de\/blog\/wp-content\/uploads\/2013\/09\/IMG_1579-250x167.jpg 250w, https:\/\/www.harecker.de\/blog\/wp-content\/uploads\/2013\/09\/IMG_1579-300x200.jpg 300w, https:\/\/www.harecker.de\/blog\/wp-content\/uploads\/2013\/09\/IMG_1579-940x626.jpg 940w, https:\/\/www.harecker.de\/blog\/wp-content\/uploads\/2013\/09\/IMG_1579-620x413.jpg 620w, https:\/\/www.harecker.de\/blog\/wp-content\/uploads\/2013\/09\/IMG_1579-195x130.jpg 195w\" sizes=\"auto, (max-width: 1024px) 100vw, 1024px\"\/><\/figure>\n<\/figure>\n\n\n\n<p><\/p>\n\n\n\n<h3 class=\"wp-block-heading\">Hitzebest&#xE4;ndige Griffe <\/h3>\n\n\n\n<p>Jetzt stellt sich mir die Frage:  Wenn ich jetzt so eine herrliche gro&#xDF;e <a href=\"https:\/\/www.harecker.de\/Harecker-Induktionspfannen\">Pfanne <\/a>mit hohem Rand besitze, bzw. in meiner Flachpfanne, mein Steak im Backofen nachziehen lassen m&#xF6;chte, sind die Stiele und Griffe backofenfest?<\/p>\n\n\n\n<p>Auch hier haben wir mitgedacht. Die Griffe werden bei uns in Deutschland produziert und sind auch hitzebest&#xE4;ndig bis 240&#xB0;Grad. Durch die nicht sichtbaren, eingegossenen Messing Gewindebuchsen bleiben sie kalt. Zudem sitzen sie bombenfest und k&#xF6;nnen &#x2013; falls erforderlich &#x2013; auch jederzeit nachgezogen werden. <\/p>\n\n\n\n<p><\/p>\n\n\n\n<h3 class=\"wp-block-heading\"><strong>Jeder Topf braucht seinen Deckel<\/strong><\/h3>\n\n\n\n<figure class=\"wp-block-gallery has-nested-images columns-default is-cropped wp-block-gallery-7 is-layout-flex wp-block-gallery-is-layout-flex\">\n<figure class=\"wp-block-image size-large\"><img loading=\"lazy\" decoding=\"async\" width=\"600\" height=\"600\" data-id=\"3766\" src=\"https:\/\/www.harecker.de\/blog\/wp-content\/uploads\/2018\/03\/Grafik-Glasdeckel.jpg\" alt=\"\" class=\"wp-image-3766\" srcset=\"https:\/\/www.harecker.de\/blog\/wp-content\/uploads\/2018\/03\/Grafik-Glasdeckel.jpg 600w, https:\/\/www.harecker.de\/blog\/wp-content\/uploads\/2018\/03\/Grafik-Glasdeckel-240x240.jpg 240w, https:\/\/www.harecker.de\/blog\/wp-content\/uploads\/2018\/03\/Grafik-Glasdeckel-350x350.jpg 350w, https:\/\/www.harecker.de\/blog\/wp-content\/uploads\/2018\/03\/Grafik-Glasdeckel-300x300.jpg 300w, https:\/\/www.harecker.de\/blog\/wp-content\/uploads\/2018\/03\/Grafik-Glasdeckel-500x500.jpg 500w, https:\/\/www.harecker.de\/blog\/wp-content\/uploads\/2018\/03\/Grafik-Glasdeckel-150x150.jpg 150w, https:\/\/www.harecker.de\/blog\/wp-content\/uploads\/2018\/03\/Grafik-Glasdeckel-250x250.jpg 250w\" sizes=\"auto, (max-width: 600px) 100vw, 600px\"\/><figcaption class=\"wp-element-caption\">Beschreibung Harecker Glasdeckel<\/figcaption><\/figure>\n\n\n\n<figure class=\"wp-block-image size-large\"><img loading=\"lazy\" decoding=\"async\" width=\"732\" height=\"327\" data-id=\"3191\" src=\"https:\/\/www.harecker.de\/blog\/wp-content\/uploads\/2014\/04\/Flachpfanne-f&#xFC;r-Blog.jpg\" alt=\"Glasdeckel\" class=\"wp-image-3191\" srcset=\"https:\/\/www.harecker.de\/blog\/wp-content\/uploads\/2014\/04\/Flachpfanne-f&#xFC;r-Blog.jpg 732w, https:\/\/www.harecker.de\/blog\/wp-content\/uploads\/2014\/04\/Flachpfanne-f&#xFC;r-Blog-350x156.jpg 350w, https:\/\/www.harecker.de\/blog\/wp-content\/uploads\/2014\/04\/Flachpfanne-f&#xFC;r-Blog-500x223.jpg 500w, https:\/\/www.harecker.de\/blog\/wp-content\/uploads\/2014\/04\/Flachpfanne-f&#xFC;r-Blog-250x112.jpg 250w, https:\/\/www.harecker.de\/blog\/wp-content\/uploads\/2014\/04\/Flachpfanne-f&#xFC;r-Blog-300x134.jpg 300w\" sizes=\"auto, (max-width: 732px) 100vw, 732px\"\/><figcaption class=\"wp-element-caption\">Glasdeckel<\/figcaption><\/figure>\n\n\n\n<figure class=\"wp-block-image size-large\"><img loading=\"lazy\" decoding=\"async\" width=\"600\" height=\"600\" data-id=\"3767\" src=\"https:\/\/www.harecker.de\/blog\/wp-content\/uploads\/2018\/03\/Grafik-Deckelknopf.jpg\" alt=\"\" class=\"wp-image-3767\" srcset=\"https:\/\/www.harecker.de\/blog\/wp-content\/uploads\/2018\/03\/Grafik-Deckelknopf.jpg 600w, https:\/\/www.harecker.de\/blog\/wp-content\/uploads\/2018\/03\/Grafik-Deckelknopf-240x240.jpg 240w, https:\/\/www.harecker.de\/blog\/wp-content\/uploads\/2018\/03\/Grafik-Deckelknopf-350x350.jpg 350w, https:\/\/www.harecker.de\/blog\/wp-content\/uploads\/2018\/03\/Grafik-Deckelknopf-300x300.jpg 300w, https:\/\/www.harecker.de\/blog\/wp-content\/uploads\/2018\/03\/Grafik-Deckelknopf-500x500.jpg 500w, https:\/\/www.harecker.de\/blog\/wp-content\/uploads\/2018\/03\/Grafik-Deckelknopf-150x150.jpg 150w, https:\/\/www.harecker.de\/blog\/wp-content\/uploads\/2018\/03\/Grafik-Deckelknopf-250x250.jpg 250w\" sizes=\"auto, (max-width: 600px) 100vw, 600px\"\/><figcaption class=\"wp-element-caption\">Beschreibung Deckelknopf Harecker<\/figcaption><\/figure>\n<\/figure>\n\n\n\n<p><\/p>\n\n\n\n<p>Auch beim Deckel muss es bei Pfannen Harecker h&#xF6;chste Qualit&#xE4;t sein. Ein Sicherheits-Glasdeckel mit Edelstahlrand und einer Bel&#xFC;ftungsfunktion im Deckelknopf, der selbstverst&#xE4;ndlich backofenfest bis 240 &#xB0;Grad ist, sind bei uns Standard.<\/p>\n\n\n\n<h3 class=\"wp-block-heading has-text-align-left\">Denn wenn wir alle zusammenhalten und unseren Beitrag leisten, machen wir diese Welt ein kleines St&#xFC;ck besser.<\/h3>\n\n\n\n<p><strong>Viel Spa&#xDF; beim Kochen w&#xFC;nscht das Pfannen Harecker Team!<\/strong><\/p>\n","protected":false},"excerpt":{"rendered":"<p>Nachhaltigkeit ist uns schon sehr lange wichtig! Warum zahlt es sich f&#xFC;r Sie als Kunde aus, ein Kochgeschirr von Pfannen Harecker zu kaufen? Weil Sie ein Produkt kaufen, welches nachhaltig produziert wurde. Damit leisten Sie einen wertvollen Beitrag zur Verringerung der Umweltbelastung. Zudem sch&#xFC;tzen Sie Ihre Gesundheit und sparen langfristig bares Geld. Eine einzige Anschaffung&#x2026;<\/p>\n<p><a class=\"read-more\" href=\"https:\/\/www.harecker.de\/blog\/nachhaltigkeit\/\">&#xBB; Weiterlesen<\/a><\/p>\n","protected":false},"author":4,"featured_media":6670,"comment_status":"closed","ping_status":"open","sticky":false,"template":"","format":"standard","meta":{"_acf_changed":false,"wprm-recipe-roundup-name":"","wprm-recipe-roundup-description":"","_jetpack_memberships_contains_paid_content":false,"footnotes":""},"categories":[2166],"tags":[7150,7151],"class_list":["post-6557","post","type-post","status-publish","format-standard","has-post-thumbnail","hentry","category-pfanne","tag-nachhaltigkeit-pfannen","tag-pfannen-nachhaltigkeit"],"acf":[],"yoast_head":"<!-- This site is optimized with the Yoast SEO Premium plugin v27.4 (Yoast SEO v27.5) - https:\/\/yoast.com\/product\/yoast-seo-premium-wordpress\/ -->\n<title>Nachhaltigkeit unserer Produkte - Die Pfanne von harecker.de<\/title>\n<meta name=\"description\" content=\"Nachhaltigkeit! Die Pfannen, T\u00f6pfe und Br\u00e4ter werden schon seit vielen Jahren nachhaltig und in Deutschland produziert.\" \/>\n<meta name=\"robots\" content=\"index, follow, max-snippet:-1, max-image-preview:large, max-video-preview:-1\" \/>\n<link rel=\"canonical\" href=\"https:\/\/www.harecker.de\/blog\/nachhaltigkeit\/\" \/>\n<meta property=\"og:locale\" content=\"de_DE\" \/>\n<meta property=\"og:type\" content=\"article\" \/>\n<meta property=\"og:title\" content=\"Nachhaltigkeit unserer Produkte\" \/>\n<meta property=\"og:description\" content=\"Nachhaltigkeit ist uns schon sehr lange wichtig! Warum zahlt es sich f\u00fcr Sie als Kunde aus, ein Kochgeschirr von Pfannen Harecker zu kaufen? Weil Sie ein\" \/>\n<meta property=\"og:url\" content=\"https:\/\/www.harecker.de\/blog\/nachhaltigkeit\/\" \/>\n<meta property=\"og:site_name\" content=\"Die Pfanne von harecker.de\" \/>\n<meta property=\"article:publisher\" content=\"https:\/\/de-de.facebook.com\/harecker.pfannen\/\" \/>\n<meta property=\"article:published_time\" content=\"2020-03-27T14:32:51+00:00\" \/>\n<meta property=\"article:modified_time\" content=\"2024-02-08T11:03:43+00:00\" \/>\n<meta property=\"og:image\" content=\"https:\/\/www.harecker.de\/blog\/wp-content\/uploads\/2020\/03\/Halbe-Pfanne-mit-Wiese-WEB.jpg\" \/>\n\t<meta property=\"og:image:width\" content=\"1500\" \/>\n\t<meta property=\"og:image:height\" content=\"537\" \/>\n\t<meta property=\"og:image:type\" content=\"image\/jpeg\" \/>\n<meta name=\"author\" content=\"mh-harecker\" \/>\n<meta name=\"twitter:card\" content=\"summary_large_image\" \/>\n<meta name=\"twitter:label1\" content=\"Verfasst von\" \/>\n\t<meta name=\"twitter:data1\" content=\"mh-harecker\" \/>\n\t<meta name=\"twitter:label2\" content=\"Gesch\u00e4tzte Lesezeit\" \/>\n\t<meta name=\"twitter:data2\" content=\"10\u00a0Minuten\" \/>\n<script type=\"application\/ld+json\" class=\"yoast-schema-graph\">{\"@context\":\"https:\\\/\\\/schema.org\",\"@graph\":[{\"@type\":\"Article\",\"@id\":\"https:\\\/\\\/www.harecker.de\\\/blog\\\/nachhaltigkeit\\\/#article\",\"isPartOf\":{\"@id\":\"https:\\\/\\\/www.harecker.de\\\/blog\\\/nachhaltigkeit\\\/\"},\"author\":{\"name\":\"mh-harecker\",\"@id\":\"https:\\\/\\\/www.harecker.de\\\/blog\\\/#\\\/schema\\\/person\\\/ce2b60f264322f360f6d34bdfa390cbc\"},\"headline\":\"Nachhaltigkeit unserer Produkte\",\"datePublished\":\"2020-03-27T14:32:51+00:00\",\"dateModified\":\"2024-02-08T11:03:43+00:00\",\"mainEntityOfPage\":{\"@id\":\"https:\\\/\\\/www.harecker.de\\\/blog\\\/nachhaltigkeit\\\/\"},\"wordCount\":991,\"publisher\":{\"@id\":\"https:\\\/\\\/www.harecker.de\\\/blog\\\/#organization\"},\"image\":{\"@id\":\"https:\\\/\\\/www.harecker.de\\\/blog\\\/nachhaltigkeit\\\/#primaryimage\"},\"thumbnailUrl\":\"https:\\\/\\\/www.harecker.de\\\/blog\\\/wp-content\\\/uploads\\\/2020\\\/03\\\/Halbe-Pfanne-mit-Wiese-WEB.jpg\",\"keywords\":[\"Nachhaltigkeit Pfannen\",\"Pfannen Nachhaltigkeit\"],\"articleSection\":[\"Pfanne\"],\"inLanguage\":\"de\"},{\"@type\":\"WebPage\",\"@id\":\"https:\\\/\\\/www.harecker.de\\\/blog\\\/nachhaltigkeit\\\/\",\"url\":\"https:\\\/\\\/www.harecker.de\\\/blog\\\/nachhaltigkeit\\\/\",\"name\":\"Nachhaltigkeit unserer Produkte - Die Pfanne von harecker.de\",\"isPartOf\":{\"@id\":\"https:\\\/\\\/www.harecker.de\\\/blog\\\/#website\"},\"primaryImageOfPage\":{\"@id\":\"https:\\\/\\\/www.harecker.de\\\/blog\\\/nachhaltigkeit\\\/#primaryimage\"},\"image\":{\"@id\":\"https:\\\/\\\/www.harecker.de\\\/blog\\\/nachhaltigkeit\\\/#primaryimage\"},\"thumbnailUrl\":\"https:\\\/\\\/www.harecker.de\\\/blog\\\/wp-content\\\/uploads\\\/2020\\\/03\\\/Halbe-Pfanne-mit-Wiese-WEB.jpg\",\"datePublished\":\"2020-03-27T14:32:51+00:00\",\"dateModified\":\"2024-02-08T11:03:43+00:00\",\"description\":\"Nachhaltigkeit! Die Pfannen, T\u00f6pfe und Br\u00e4ter werden schon seit vielen Jahren nachhaltig und in Deutschland produziert.\",\"breadcrumb\":{\"@id\":\"https:\\\/\\\/www.harecker.de\\\/blog\\\/nachhaltigkeit\\\/#breadcrumb\"},\"inLanguage\":\"de\",\"potentialAction\":[{\"@type\":\"ReadAction\",\"target\":[\"https:\\\/\\\/www.harecker.de\\\/blog\\\/nachhaltigkeit\\\/\"]}]},{\"@type\":\"ImageObject\",\"inLanguage\":\"de\",\"@id\":\"https:\\\/\\\/www.harecker.de\\\/blog\\\/nachhaltigkeit\\\/#primaryimage\",\"url\":\"https:\\\/\\\/www.harecker.de\\\/blog\\\/wp-content\\\/uploads\\\/2020\\\/03\\\/Halbe-Pfanne-mit-Wiese-WEB.jpg\",\"contentUrl\":\"https:\\\/\\\/www.harecker.de\\\/blog\\\/wp-content\\\/uploads\\\/2020\\\/03\\\/Halbe-Pfanne-mit-Wiese-WEB.jpg\",\"width\":1500,\"height\":537,\"caption\":\"Harecker Pfanne gr\u00fcn\"},{\"@type\":\"BreadcrumbList\",\"@id\":\"https:\\\/\\\/www.harecker.de\\\/blog\\\/nachhaltigkeit\\\/#breadcrumb\",\"itemListElement\":[{\"@type\":\"ListItem\",\"position\":1,\"name\":\"Startseite\",\"item\":\"https:\\\/\\\/www.harecker.de\\\/blog\\\/\"},{\"@type\":\"ListItem\",\"position\":2,\"name\":\"Nachhaltigkeit unserer Produkte\"}]},{\"@type\":\"WebSite\",\"@id\":\"https:\\\/\\\/www.harecker.de\\\/blog\\\/#website\",\"url\":\"https:\\\/\\\/www.harecker.de\\\/blog\\\/\",\"name\":\"Die Pfanne von harecker.de\",\"description\":\"Tipps, Tricks und Neuigkeiten Rund um das Thema Kochen, Backen, Braten und Ern\u00e4hrung Pfannen, T\u00f6pfe und Br\u00e4ter in Profiqualit\u00e4t \u2013 Made in Germany\",\"publisher\":{\"@id\":\"https:\\\/\\\/www.harecker.de\\\/blog\\\/#organization\"},\"potentialAction\":[{\"@type\":\"SearchAction\",\"target\":{\"@type\":\"EntryPoint\",\"urlTemplate\":\"https:\\\/\\\/www.harecker.de\\\/blog\\\/?s={search_term_string}\"},\"query-input\":{\"@type\":\"PropertyValueSpecification\",\"valueRequired\":true,\"valueName\":\"search_term_string\"}}],\"inLanguage\":\"de\"},{\"@type\":\"Organization\",\"@id\":\"https:\\\/\\\/www.harecker.de\\\/blog\\\/#organization\",\"name\":\"Harecker Pfannen\",\"url\":\"https:\\\/\\\/www.harecker.de\\\/blog\\\/\",\"logo\":{\"@type\":\"ImageObject\",\"inLanguage\":\"de\",\"@id\":\"https:\\\/\\\/www.harecker.de\\\/blog\\\/#\\\/schema\\\/logo\\\/image\\\/\",\"url\":\"https:\\\/\\\/www.harecker.de\\\/blog\\\/wp-content\\\/uploads\\\/2018\\\/04\\\/logo.png\",\"contentUrl\":\"https:\\\/\\\/www.harecker.de\\\/blog\\\/wp-content\\\/uploads\\\/2018\\\/04\\\/logo.png\",\"width\":185,\"height\":96,\"caption\":\"Harecker Pfannen\"},\"image\":{\"@id\":\"https:\\\/\\\/www.harecker.de\\\/blog\\\/#\\\/schema\\\/logo\\\/image\\\/\"},\"sameAs\":[\"https:\\\/\\\/de-de.facebook.com\\\/harecker.pfannen\\\/\"]},{\"@type\":\"Person\",\"@id\":\"https:\\\/\\\/www.harecker.de\\\/blog\\\/#\\\/schema\\\/person\\\/ce2b60f264322f360f6d34bdfa390cbc\",\"name\":\"mh-harecker\",\"sameAs\":[\"http:\\\/\\\/www.harecker.de\"]}]}<\/script>\n<!-- \/ Yoast SEO Premium plugin. -->","yoast_head_json":{"title":"Nachhaltigkeit unserer Produkte - Die Pfanne von harecker.de","description":"Nachhaltigkeit! Die Pfannen, T\u00f6pfe und Br\u00e4ter werden schon seit vielen Jahren nachhaltig und in Deutschland produziert.","robots":{"index":"index","follow":"follow","max-snippet":"max-snippet:-1","max-image-preview":"max-image-preview:large","max-video-preview":"max-video-preview:-1"},"canonical":"https:\/\/www.harecker.de\/blog\/nachhaltigkeit\/","og_locale":"de_DE","og_type":"article","og_title":"Nachhaltigkeit unserer Produkte","og_description":"Nachhaltigkeit ist uns schon sehr lange wichtig! Warum zahlt es sich f\u00fcr Sie als Kunde aus, ein Kochgeschirr von Pfannen Harecker zu kaufen? Weil Sie ein","og_url":"https:\/\/www.harecker.de\/blog\/nachhaltigkeit\/","og_site_name":"Die Pfanne von harecker.de","article_publisher":"https:\/\/de-de.facebook.com\/harecker.pfannen\/","article_published_time":"2020-03-27T14:32:51+00:00","article_modified_time":"2024-02-08T11:03:43+00:00","og_image":[{"width":1500,"height":537,"url":"https:\/\/www.harecker.de\/blog\/wp-content\/uploads\/2020\/03\/Halbe-Pfanne-mit-Wiese-WEB.jpg","type":"image\/jpeg"}],"author":"mh-harecker","twitter_card":"summary_large_image","twitter_misc":{"Verfasst von":"mh-harecker","Gesch\u00e4tzte Lesezeit":"10\u00a0Minuten"},"schema":{"@context":"https:\/\/schema.org","@graph":[{"@type":"Article","@id":"https:\/\/www.harecker.de\/blog\/nachhaltigkeit\/#article","isPartOf":{"@id":"https:\/\/www.harecker.de\/blog\/nachhaltigkeit\/"},"author":{"name":"mh-harecker","@id":"https:\/\/www.harecker.de\/blog\/#\/schema\/person\/ce2b60f264322f360f6d34bdfa390cbc"},"headline":"Nachhaltigkeit unserer Produkte","datePublished":"2020-03-27T14:32:51+00:00","dateModified":"2024-02-08T11:03:43+00:00","mainEntityOfPage":{"@id":"https:\/\/www.harecker.de\/blog\/nachhaltigkeit\/"},"wordCount":991,"publisher":{"@id":"https:\/\/www.harecker.de\/blog\/#organization"},"image":{"@id":"https:\/\/www.harecker.de\/blog\/nachhaltigkeit\/#primaryimage"},"thumbnailUrl":"https:\/\/www.harecker.de\/blog\/wp-content\/uploads\/2020\/03\/Halbe-Pfanne-mit-Wiese-WEB.jpg","keywords":["Nachhaltigkeit Pfannen","Pfannen Nachhaltigkeit"],"articleSection":["Pfanne"],"inLanguage":"de"},{"@type":"WebPage","@id":"https:\/\/www.harecker.de\/blog\/nachhaltigkeit\/","url":"https:\/\/www.harecker.de\/blog\/nachhaltigkeit\/","name":"Nachhaltigkeit unserer Produkte - Die Pfanne von harecker.de","isPartOf":{"@id":"https:\/\/www.harecker.de\/blog\/#website"},"primaryImageOfPage":{"@id":"https:\/\/www.harecker.de\/blog\/nachhaltigkeit\/#primaryimage"},"image":{"@id":"https:\/\/www.harecker.de\/blog\/nachhaltigkeit\/#primaryimage"},"thumbnailUrl":"https:\/\/www.harecker.de\/blog\/wp-content\/uploads\/2020\/03\/Halbe-Pfanne-mit-Wiese-WEB.jpg","datePublished":"2020-03-27T14:32:51+00:00","dateModified":"2024-02-08T11:03:43+00:00","description":"Nachhaltigkeit! Die Pfannen, T\u00f6pfe und Br\u00e4ter werden schon seit vielen Jahren nachhaltig und in Deutschland produziert.","breadcrumb":{"@id":"https:\/\/www.harecker.de\/blog\/nachhaltigkeit\/#breadcrumb"},"inLanguage":"de","potentialAction":[{"@type":"ReadAction","target":["https:\/\/www.harecker.de\/blog\/nachhaltigkeit\/"]}]},{"@type":"ImageObject","inLanguage":"de","@id":"https:\/\/www.harecker.de\/blog\/nachhaltigkeit\/#primaryimage","url":"https:\/\/www.harecker.de\/blog\/wp-content\/uploads\/2020\/03\/Halbe-Pfanne-mit-Wiese-WEB.jpg","contentUrl":"https:\/\/www.harecker.de\/blog\/wp-content\/uploads\/2020\/03\/Halbe-Pfanne-mit-Wiese-WEB.jpg","width":1500,"height":537,"caption":"Harecker Pfanne gr\u00fcn"},{"@type":"BreadcrumbList","@id":"https:\/\/www.harecker.de\/blog\/nachhaltigkeit\/#breadcrumb","itemListElement":[{"@type":"ListItem","position":1,"name":"Startseite","item":"https:\/\/www.harecker.de\/blog\/"},{"@type":"ListItem","position":2,"name":"Nachhaltigkeit unserer Produkte"}]},{"@type":"WebSite","@id":"https:\/\/www.harecker.de\/blog\/#website","url":"https:\/\/www.harecker.de\/blog\/","name":"Die Pfanne von harecker.de","description":"Tipps, Tricks und Neuigkeiten Rund um das Thema Kochen, Backen, Braten und Ern\u00e4hrung Pfannen, T\u00f6pfe und Br\u00e4ter in Profiqualit\u00e4t \u2013 Made in Germany","publisher":{"@id":"https:\/\/www.harecker.de\/blog\/#organization"},"potentialAction":[{"@type":"SearchAction","target":{"@type":"EntryPoint","urlTemplate":"https:\/\/www.harecker.de\/blog\/?s={search_term_string}"},"query-input":{"@type":"PropertyValueSpecification","valueRequired":true,"valueName":"search_term_string"}}],"inLanguage":"de"},{"@type":"Organization","@id":"https:\/\/www.harecker.de\/blog\/#organization","name":"Harecker Pfannen","url":"https:\/\/www.harecker.de\/blog\/","logo":{"@type":"ImageObject","inLanguage":"de","@id":"https:\/\/www.harecker.de\/blog\/#\/schema\/logo\/image\/","url":"https:\/\/www.harecker.de\/blog\/wp-content\/uploads\/2018\/04\/logo.png","contentUrl":"https:\/\/www.harecker.de\/blog\/wp-content\/uploads\/2018\/04\/logo.png","width":185,"height":96,"caption":"Harecker Pfannen"},"image":{"@id":"https:\/\/www.harecker.de\/blog\/#\/schema\/logo\/image\/"},"sameAs":["https:\/\/de-de.facebook.com\/harecker.pfannen\/"]},{"@type":"Person","@id":"https:\/\/www.harecker.de\/blog\/#\/schema\/person\/ce2b60f264322f360f6d34bdfa390cbc","name":"mh-harecker","sameAs":["http:\/\/www.harecker.de"]}]}},"jetpack_featured_media_url":"https:\/\/www.harecker.de\/blog\/wp-content\/uploads\/2020\/03\/Halbe-Pfanne-mit-Wiese-WEB.jpg","jetpack_likes_enabled":true,"jetpack_sharing_enabled":true,"_links":{"self":[{"href":"https:\/\/www.harecker.de\/blog\/wp-json\/wp\/v2\/posts\/6557","targetHints":{"allow":["GET"]}}],"collection":[{"href":"https:\/\/www.harecker.de\/blog\/wp-json\/wp\/v2\/posts"}],"about":[{"href":"https:\/\/www.harecker.de\/blog\/wp-json\/wp\/v2\/types\/post"}],"author":[{"embeddable":true,"href":"https:\/\/www.harecker.de\/blog\/wp-json\/wp\/v2\/users\/4"}],"replies":[{"embeddable":true,"href":"https:\/\/www.harecker.de\/blog\/wp-json\/wp\/v2\/comments?post=6557"}],"version-history":[{"count":121,"href":"https:\/\/www.harecker.de\/blog\/wp-json\/wp\/v2\/posts\/6557\/revisions"}],"predecessor-version":[{"id":15669,"href":"https:\/\/www.harecker.de\/blog\/wp-json\/wp\/v2\/posts\/6557\/revisions\/15669"}],"wp:featuredmedia":[{"embeddable":true,"href":"https:\/\/www.harecker.de\/blog\/wp-json\/wp\/v2\/media\/6670"}],"wp:attachment":[{"href":"https:\/\/www.harecker.de\/blog\/wp-json\/wp\/v2\/media?parent=6557"}],"wp:term":[{"taxonomy":"category","embeddable":true,"href":"https:\/\/www.harecker.de\/blog\/wp-json\/wp\/v2\/categories?post=6557"},{"taxonomy":"post_tag","embeddable":true,"href":"https:\/\/www.harecker.de\/blog\/wp-json\/wp\/v2\/tags?post=6557"}],"curies":[{"name":"wp","href":"https:\/\/api.w.org\/{rel}","templated":true}]}}