{"id":5150,"date":"2018-05-03T12:39:46","date_gmt":"2018-05-03T11:39:46","guid":{"rendered":"https:\/\/www.harecker.de\/blog\/?p=5150"},"modified":"2025-12-18T17:46:17","modified_gmt":"2025-12-18T16:46:17","slug":"vanillekipferl","status":"publish","type":"post","link":"https:\/\/www.harecker.de\/blog\/vanillekipferl\/","title":{"rendered":"Klassische Vanillekipferl \u2013 Zartes Weihnachtsgeb\u00e4ck nach Oma&#8217;s Art"},"content":{"rendered":"<div class=\"wp-block-media-text is-stacked-on-mobile\"><figure class=\"wp-block-media-text__media\"><img loading=\"lazy\" decoding=\"async\" width=\"500\" height=\"500\" src=\"https:\/\/www.harecker.de\/blog\/wp-content\/uploads\/2025\/12\/Vanille.png\" alt=\"Vanillekipferl auf einem Weihnachtlichen Teller, dick mit Puderzucker bestreut. Aufnahme in der K&#xFC;che auf unserem Holztisch. Vanilleschoten und Sch&#xFC;ssel mit Puderzucker im Hintergrund.\" class=\"wp-image-30946 size-full\" srcset=\"https:\/\/www.harecker.de\/blog\/wp-content\/uploads\/2025\/12\/Vanille.png 500w, https:\/\/www.harecker.de\/blog\/wp-content\/uploads\/2025\/12\/Vanille-350x350.png 350w, https:\/\/www.harecker.de\/blog\/wp-content\/uploads\/2025\/12\/Vanille-240x240.png 240w, https:\/\/www.harecker.de\/blog\/wp-content\/uploads\/2025\/12\/Vanille-150x150.png 150w, https:\/\/www.harecker.de\/blog\/wp-content\/uploads\/2025\/12\/Vanille-250x250.png 250w\" sizes=\"auto, (max-width: 500px) 100vw, 500px\"\/><\/figure><div class=\"wp-block-media-text__content\">\n<p><strong>Der Duft von Weihnachten auf deinem Teller<\/strong> <\/p>\n\n\n\n<p>Schlie&#xDF;e die Augen und stell dir den Duft von echter Vanille, feiner Butter und ger&#xF6;steten N&#xFC;ssen vor. Genau dieser Duft zieht durch deine K&#xFC;che, wenn du diese klassischen Vanillekipferl backst. Sie sind das Herzst&#xFC;ck eines jeden Weihnachtstellers &#x2013; zart, m&#xFC;rbe und einfach unwiderstehlich.<\/p>\n<\/div><\/div>\n\n\n\n<h2 class=\"wp-block-heading has-text-align-center\" id=\"h-das-passt-dazu\"><strong>DAS PASST DAZU<\/strong><\/h2>\n\n\n\n<hr class=\"wp-block-separator has-alpha-channel-opacity\">\n\n\n\n<h2 class=\"wp-block-heading\" id=\"h-koch-und-backutensilien-von-pfannen-harecker\"><strong>Koch- und Backutensilien von<\/strong> <a href=\"https:\/\/www.harecker.de\/\">Pfannen Harecker<\/a><\/h2>\n\n\n\n<div class=\"wp-block-media-text is-stacked-on-mobile\" style=\"grid-template-columns:39% auto\"><figure class=\"wp-block-media-text__media\"><a href=\"https:\/\/www.harecker.de\/Guss-Backblech\"><img loading=\"lazy\" decoding=\"async\" width=\"450\" height=\"346\" src=\"https:\/\/www.harecker.de\/blog\/wp-content\/uploads\/2021\/03\/1810_guss-backblech.jpg\" alt=\"1810_guss-backblech\" class=\"wp-image-7440 size-full\" srcset=\"https:\/\/www.harecker.de\/blog\/wp-content\/uploads\/2021\/03\/1810_guss-backblech.jpg 450w, https:\/\/www.harecker.de\/blog\/wp-content\/uploads\/2021\/03\/1810_guss-backblech-350x269.jpg 350w, https:\/\/www.harecker.de\/blog\/wp-content\/uploads\/2021\/03\/1810_guss-backblech-250x192.jpg 250w\" sizes=\"auto, (max-width: 450px) 100vw, 450px\"\/><\/a><\/figure><div class=\"wp-block-media-text__content\">\n<p>Das Backen wird besonders einfach mit unserem hochwertigen <a href=\"https:\/\/www.harecker.de\/Guss-Backblech\" target=\"_blank\" rel=\"noreferrer noopener\">Premium Guss Backblech<\/a>. Durch die Antihaft-Oberfl&#xE4;che bleiben deine Vanillekipferl nicht kleben, und du brauchst kein Backpapier mehr. Das Backblech l&#xE4;sst sich auch ganz leicht mit einem feuchten Schwamm reinigen.<\/p>\n<\/div><\/div>\n\n\n\n<p><\/p>\n\n\n\n<div class=\"wp-block-buttons is-layout-flex wp-block-buttons-is-layout-flex\">\n<div class=\"wp-block-button\"><a class=\"wp-block-button__link has-white-color has-text-color has-background has-link-color wp-element-button\" href=\"https:\/\/www.harecker.de\/Guss-Backblech\" style=\"background-color:#051d40\">mehr erfahren<\/a><\/div>\n<\/div>\n\n\n\n<p><\/p>\n\n\n\n<div class=\"wp-block-media-text has-media-on-the-right is-stacked-on-mobile\" style=\"grid-template-columns:auto 30%\"><div class=\"wp-block-media-text__content\">\n<p><strong>Die&#xA0;<a href=\"https:\/\/www.harecker.de\/Coox-Faltschuessel-faltbare-Silikon-Ruehrschuessel\">Coox Faltsch&#xFC;ssel<\/a>&#xA0;&#x2013; Das Platzwunder in deiner K&#xFC;che<\/strong><\/p>\n\n\n\n<p>Diese Sch&#xFC;ssel ist ein echter Allesk&#xF6;nner! Ob zum Anr&#xFC;hren von Teigen oder zum Servieren &#x2013; die Coox Faltsch&#xFC;ssel ist durch ihr hochwertiges Silikon absolut lebensmittelecht und robust. Das Beste daran: Nach getaner Arbeit machst du sie einfach ganz flach. So passt sie in jede noch so kleine Schublade und sorgt f&#xFC;r Ordnung im Schrank. Sie ist hitzebest&#xE4;ndig und sp&#xFC;lmaschinenfest, was sie zum idealen Begleiter f&#xFC;r moderne Hobbyb&#xE4;cker macht, die Wert auf Funktionalit&#xE4;t und Design legen.<\/p>\n<\/div><figure class=\"wp-block-media-text__media\"><a href=\"https:\/\/www.harecker.de\/Coox-Faltschuessel-faltbare-Silikon-Ruehrschuessel\"><img loading=\"lazy\" decoding=\"async\" width=\"1000\" height=\"1000\" src=\"https:\/\/www.harecker.de\/blog\/wp-content\/uploads\/2025\/10\/Faltschuessel-offen.jpg\" alt=\"Coox Faltsch&#xFC;ssel, faltbar, Produktbild\" class=\"wp-image-29906 size-full\" srcset=\"https:\/\/www.harecker.de\/blog\/wp-content\/uploads\/2025\/10\/Faltschuessel-offen.jpg 1000w, https:\/\/www.harecker.de\/blog\/wp-content\/uploads\/2025\/10\/Faltschuessel-offen-350x350.jpg 350w, https:\/\/www.harecker.de\/blog\/wp-content\/uploads\/2025\/10\/Faltschuessel-offen-240x240.jpg 240w, https:\/\/www.harecker.de\/blog\/wp-content\/uploads\/2025\/10\/Faltschuessel-offen-768x768.jpg 768w, https:\/\/www.harecker.de\/blog\/wp-content\/uploads\/2025\/10\/Faltschuessel-offen-150x150.jpg 150w, https:\/\/www.harecker.de\/blog\/wp-content\/uploads\/2025\/10\/Faltschuessel-offen-500x500.jpg 500w, https:\/\/www.harecker.de\/blog\/wp-content\/uploads\/2025\/10\/Faltschuessel-offen-250x250.jpg 250w\" sizes=\"auto, (max-width: 1000px) 100vw, 1000px\"\/><\/a><\/figure><\/div>\n\n\n\n<p><\/p>\n\n\n\n<div class=\"wp-block-buttons is-content-justification-right is-layout-flex wp-container-core-buttons-is-layout-765c4724 wp-block-buttons-is-layout-flex\">\n<div class=\"wp-block-button\"><a class=\"wp-block-button__link has-white-color has-text-color has-background has-link-color wp-element-button\" href=\"https:\/\/www.harecker.de\/Coox-Faltschuessel-faltbare-Silikon-Ruehrschuessel\" style=\"background-color:#051d40\">mehr erfahren<\/a><\/div>\n<\/div>\n\n\n\n<div class=\"wp-block-media-text is-stacked-on-mobile\" style=\"grid-template-columns:25% auto\"><figure class=\"wp-block-media-text__media\"><a href=\"https:\/\/www.harecker.de\/Kuechenhelfer\"><img loading=\"lazy\" decoding=\"async\" width=\"250\" height=\"250\" src=\"https:\/\/www.harecker.de\/blog\/wp-content\/uploads\/2023\/06\/pfannenwender-kellen.jpeg\" alt=\"Wender \/ Kellen, Produktbild\" class=\"wp-image-14741 size-full\" srcset=\"https:\/\/www.harecker.de\/blog\/wp-content\/uploads\/2023\/06\/pfannenwender-kellen.jpeg 250w, https:\/\/www.harecker.de\/blog\/wp-content\/uploads\/2023\/06\/pfannenwender-kellen-240x240.jpeg 240w, https:\/\/www.harecker.de\/blog\/wp-content\/uploads\/2023\/06\/pfannenwender-kellen-150x150.jpeg 150w\" sizes=\"auto, (max-width: 250px) 100vw, 250px\"\/><\/a><\/figure><div class=\"wp-block-media-text__content\">\n<p><strong>Deine idealen&#xA0;<a href=\"https:\/\/www.harecker.de\/Pfannenwender-Kellen\">Silikon-K&#xFC;chenhelfer<\/a><\/strong><\/p>\n\n\n\n<p>Mit unseren Pfannenwendern, So&#xDF;enl&#xF6;ffeln, Sch&#xF6;pfkellen, Teigschabern und Restel&#xF6;ffeln hast du immer das passende Equipment in deiner K&#xFC;che zur Hand.&#xA0;<strong><a href=\"https:\/\/www.harecker.de\/Pfannenwender-Kellen\">Silikon K&#xFC;chenhelfer&#xA0;<\/a><\/strong>sind hitzebest&#xE4;ndig, sp&#xFC;lmaschinenfest, lebensmittelecht und geschmacksneutral.<\/p>\n<\/div><\/div>\n\n\n\n<p><\/p>\n\n\n\n<div class=\"wp-block-buttons is-layout-flex wp-block-buttons-is-layout-flex\">\n<div class=\"wp-block-button\"><a class=\"wp-block-button__link has-white-color has-text-color has-background has-link-color wp-element-button\" href=\"https:\/\/www.harecker.de\/Kuechenhelfer\" style=\"background-color:#051d40\">mehr erfahren<\/a><\/div>\n<\/div>\n\n\n\n<hr class=\"wp-block-separator has-alpha-channel-opacity\">\n\n\n\n<h2 class=\"wp-block-heading\" id=\"h-melde-dich-jetzt-fur-die-schmankerpost-an-um-keine-rezepte-mehr-zu-verpassen-kostenlos-jeden-donnerstag-um-18-00-uhr-ohne-werbung\">Melde dich jetzt f&#xFC;r die <strong>Schmankerpost<\/strong> an um keine Rezepte mehr zu verpassen!<br><strong>Kostenlos<\/strong>, jeden Donnerstag um 18.00 Uhr ohne Werbung!<\/h2>\n\n\n\n<p><\/p>\n\n\n\n<p><\/p>\n\n\n<div style=\"\n    background:#051d40;\n    padding:30px;\n    border-radius:15px;\n    text-align:center;\n    color:white;\n    font-family:Arial, sans-serif;\n    max-width:600px;\n    margin:0 auto;\n\">\n    <h2 style=\"color:white; margin-top:0;\">\n        Werde Teil der Harecker Community! &#x1F499;\n    <\/h2>\n\n    <p style=\"color:white; font-size:16px; line-height:1.5;\">\n        &#128073; Melde dich hier f&uuml;r unsere Schmankerlpost &amp; Newsletter an,\n        um keine Rezepte oder Angebote mehr zu verpassen.\n    <\/p>\n\n    <a href=\"https:\/\/t06a3949a.emailsys1a.net\/58\/8585\/3e7d016769\/subscribe\/form.html?_g=1764611427\" style=\"\n           display:inline-block;\n           background:#277dc1;\n           color:white;\n           padding:14px 28px;\n           border-radius:8px;\n           text-decoration:none;\n           font-size:18px;\n           font-weight:bold;\n           margin-top:15px;\n       \">\n        Jetzt anmelden\n    <\/a>\n<\/div>\n\n\n\n<hr class=\"wp-block-separator has-alpha-channel-opacity\">\n\n\n\n<ul class=\"wp-block-social-links has-large-icon-size has-visible-labels has-icon-background-color is-style-pill-shape is-content-justification-center is-layout-flex wp-container-core-social-links-is-layout-16018d1d wp-block-social-links-is-layout-flex\"><li style=\"background-color:#e4e4e4;\" class=\"wp-social-link wp-social-link-instagram  wp-block-social-link\"><a href=\"https:\/\/www.instagram.com\/pfannen_harecker\/?hl=de\" class=\"wp-block-social-link-anchor\"><svg width=\"24\" height=\"24\" viewbox=\"0 0 24 24\" version=\"1.1\" xmlns=\"http:\/\/www.w3.org\/2000\/svg\" aria-hidden=\"true\" focusable=\"false\"><path d=\"M12,4.622c2.403,0,2.688,0.009,3.637,0.052c0.877,0.04,1.354,0.187,1.671,0.31c0.42,0.163,0.72,0.358,1.035,0.673 c0.315,0.315,0.51,0.615,0.673,1.035c0.123,0.317,0.27,0.794,0.31,1.671c0.043,0.949,0.052,1.234,0.052,3.637 s-0.009,2.688-0.052,3.637c-0.04,0.877-0.187,1.354-0.31,1.671c-0.163,0.42-0.358,0.72-0.673,1.035 c-0.315,0.315-0.615,0.51-1.035,0.673c-0.317,0.123-0.794,0.27-1.671,0.31c-0.949,0.043-1.233,0.052-3.637,0.052 s-2.688-0.009-3.637-0.052c-0.877-0.04-1.354-0.187-1.671-0.31c-0.42-0.163-0.72-0.358-1.035-0.673 c-0.315-0.315-0.51-0.615-0.673-1.035c-0.123-0.317-0.27-0.794-0.31-1.671C4.631,14.688,4.622,14.403,4.622,12 s0.009-2.688,0.052-3.637c0.04-0.877,0.187-1.354,0.31-1.671c0.163-0.42,0.358-0.72,0.673-1.035 c0.315-0.315,0.615-0.51,1.035-0.673c0.317-0.123,0.794-0.27,1.671-0.31C9.312,4.631,9.597,4.622,12,4.622 M12,3 C9.556,3,9.249,3.01,8.289,3.054C7.331,3.098,6.677,3.25,6.105,3.472C5.513,3.702,5.011,4.01,4.511,4.511 c-0.5,0.5-0.808,1.002-1.038,1.594C3.25,6.677,3.098,7.331,3.054,8.289C3.01,9.249,3,9.556,3,12c0,2.444,0.01,2.751,0.054,3.711 c0.044,0.958,0.196,1.612,0.418,2.185c0.23,0.592,0.538,1.094,1.038,1.594c0.5,0.5,1.002,0.808,1.594,1.038 c0.572,0.222,1.227,0.375,2.185,0.418C9.249,20.99,9.556,21,12,21s2.751-0.01,3.711-0.054c0.958-0.044,1.612-0.196,2.185-0.418 c0.592-0.23,1.094-0.538,1.594-1.038c0.5-0.5,0.808-1.002,1.038-1.594c0.222-0.572,0.375-1.227,0.418-2.185 C20.99,14.751,21,14.444,21,12s-0.01-2.751-0.054-3.711c-0.044-0.958-0.196-1.612-0.418-2.185c-0.23-0.592-0.538-1.094-1.038-1.594 c-0.5-0.5-1.002-0.808-1.594-1.038c-0.572-0.222-1.227-0.375-2.185-0.418C14.751,3.01,14.444,3,12,3L12,3z M12,7.378 c-2.552,0-4.622,2.069-4.622,4.622S9.448,16.622,12,16.622s4.622-2.069,4.622-4.622S14.552,7.378,12,7.378z M12,15 c-1.657,0-3-1.343-3-3s1.343-3,3-3s3,1.343,3,3S13.657,15,12,15z M16.804,6.116c-0.596,0-1.08,0.484-1.08,1.08 s0.484,1.08,1.08,1.08c0.596,0,1.08-0.484,1.08-1.08S17.401,6.116,16.804,6.116z\"><\/path><\/svg><span class=\"wp-block-social-link-label\">Instagram<\/span><\/a><\/li>\n\n<li style=\"background-color:#e4e4e4;\" class=\"wp-social-link wp-social-link-facebook  wp-block-social-link\"><a href=\"https:\/\/www.facebook.com\/pfannen.harecker\/?locale=de_DE\" class=\"wp-block-social-link-anchor\"><svg width=\"24\" height=\"24\" viewbox=\"0 0 24 24\" version=\"1.1\" xmlns=\"http:\/\/www.w3.org\/2000\/svg\" aria-hidden=\"true\" focusable=\"false\"><path d=\"M12 2C6.5 2 2 6.5 2 12c0 5 3.7 9.1 8.4 9.9v-7H7.9V12h2.5V9.8c0-2.5 1.5-3.9 3.8-3.9 1.1 0 2.2.2 2.2.2v2.5h-1.3c-1.2 0-1.6.8-1.6 1.6V12h2.8l-.4 2.9h-2.3v7C18.3 21.1 22 17 22 12c0-5.5-4.5-10-10-10z\"><\/path><\/svg><span class=\"wp-block-social-link-label\">Facebook<\/span><\/a><\/li>\n\n<li style=\"background-color:#e4e4e4;\" class=\"wp-social-link wp-social-link-pinterest  wp-block-social-link\"><a href=\"https:\/\/de.pinterest.com\/pfannenharecker\/\" class=\"wp-block-social-link-anchor\"><svg width=\"24\" height=\"24\" viewbox=\"0 0 24 24\" version=\"1.1\" xmlns=\"http:\/\/www.w3.org\/2000\/svg\" aria-hidden=\"true\" focusable=\"false\"><path d=\"M12.289,2C6.617,2,3.606,5.648,3.606,9.622c0,1.846,1.025,4.146,2.666,4.878c0.25,0.111,0.381,0.063,0.439-0.169 c0.044-0.175,0.267-1.029,0.365-1.428c0.032-0.128,0.017-0.237-0.091-0.362C6.445,11.911,6.01,10.75,6.01,9.668 c0-2.777,2.194-5.464,5.933-5.464c3.23,0,5.49,2.108,5.49,5.122c0,3.407-1.794,5.768-4.13,5.768c-1.291,0-2.257-1.021-1.948-2.277 c0.372-1.495,1.089-3.112,1.089-4.191c0-0.967-0.542-1.775-1.663-1.775c-1.319,0-2.379,1.309-2.379,3.059 c0,1.115,0.394,1.869,0.394,1.869s-1.302,5.279-1.54,6.261c-0.405,1.666,0.053,4.368,0.094,4.604 c0.021,0.126,0.167,0.169,0.25,0.063c0.129-0.165,1.699-2.419,2.142-4.051c0.158-0.59,0.817-2.995,0.817-2.995 c0.43,0.784,1.681,1.446,3.013,1.446c3.963,0,6.822-3.494,6.822-7.833C20.394,5.112,16.849,2,12.289,2\"><\/path><\/svg><span class=\"wp-block-social-link-label\">Pinterest<\/span><\/a><\/li><\/ul>\n\n\n\n<hr class=\"wp-block-separator has-alpha-channel-opacity\">\n\n\n<div id=\"recipe\"><\/div><div id=\"wprm-recipe-container-5152\" class=\"wprm-recipe-container\" data-recipe-id=\"5152\" data-servings=\"40\"><div class=\"wprm-recipe wprm-recipe-template-leon-draft-wei\"><div class=\"wprm-container-float-right\">\n    <div class=\"wprm-recipe-image wprm-block-image-rounded\"><img loading=\"lazy\" decoding=\"async\" style=\"border-width: 0px;border-style: solid;border-color: #666666;border-radius: 3px;\" width=\"250\" height=\"250\" src=\"https:\/\/www.harecker.de\/blog\/wp-content\/uploads\/2025\/12\/Vanille-250x250.png\" class=\"attachment-250x250 size-250x250\" alt=\"Vanillekipferl auf einem Weihnachtlichen Teller, dick mit Puderzucker bestreut. Aufnahme in der K&#xFC;che auf unserem Holztisch. Vanilleschoten und Sch&#xFC;ssel mit Puderzucker im Hintergrund.\" srcset=\"https:\/\/www.harecker.de\/blog\/wp-content\/uploads\/2025\/12\/Vanille-250x250.png 250w, https:\/\/www.harecker.de\/blog\/wp-content\/uploads\/2025\/12\/Vanille-350x350.png 350w, https:\/\/www.harecker.de\/blog\/wp-content\/uploads\/2025\/12\/Vanille-240x240.png 240w, https:\/\/www.harecker.de\/blog\/wp-content\/uploads\/2025\/12\/Vanille-150x150.png 150w, https:\/\/www.harecker.de\/blog\/wp-content\/uploads\/2025\/12\/Vanille.png 500w\" sizes=\"auto, (max-width: 250px) 100vw, 250px\"\/><\/div>\n<\/div>\n<h2 class=\"wprm-recipe-name wprm-block-text-bold\">Klassische Vanillekipferl &#x2013; Zartes Weihnachtsgeb&#xE4;ck nach Oma&#x2019;s Art<\/h2>\n<div class=\"wprm-spacer\"><\/div>\n\n<div class=\"wprm-spacer\"><\/div>\n<div class=\"wprm-recipe-summary wprm-block-text-normal\"><span style=\"display: block;\">Vanillekipferl sind eine k&#xF6;stliche Bereicherung f&#xFC;r die Weihnachtsb&#xE4;ckerei und haben sich zu einem festlichen Klassiker entwickelt. Sie sind schnell und einfach zubereitet. Die Hauptbestandteile sind Mehl, gemahlene N&#xFC;sse oder Mandeln, Zucker und Vanillezucker. Die Teigmasse wird zu kleinen H&#xF6;rnchen geformt und nach dem Backen in einer Mischung aus Puderzucker und Bourbon-Vanillezucker gew&#xE4;lzt.<\/span><\/div>\n<div class=\"wprm-spacer\" style=\"height: 20px;\"><\/div>\n<style>#wprm-recipe-user-rating-0 .wprm-rating-star.wprm-rating-star-full svg * { fill: #051d40; }#wprm-recipe-user-rating-0 .wprm-rating-star.wprm-rating-star-33 svg * { fill: url(#wprm-recipe-user-rating-0-33); }#wprm-recipe-user-rating-0 .wprm-rating-star.wprm-rating-star-50 svg * { fill: url(#wprm-recipe-user-rating-0-50); }#wprm-recipe-user-rating-0 .wprm-rating-star.wprm-rating-star-66 svg * { fill: url(#wprm-recipe-user-rating-0-66); }linearGradient#wprm-recipe-user-rating-0-33 stop { stop-color: #051d40; }linearGradient#wprm-recipe-user-rating-0-50 stop { stop-color: #051d40; }linearGradient#wprm-recipe-user-rating-0-66 stop { stop-color: #051d40; }<\/style><svg xmlns=\"http:\/\/www.w3.org\/2000\/svg\" width=\"0\" height=\"0\" style=\"display:block;width:0px;height:0px\"><defs><lineargradient id=\"wprm-recipe-user-rating-0-33\"><stop offset=\"0%\" stop-opacity=\"1\"><\/stop><stop offset=\"33%\" stop-opacity=\"1\"><\/stop><stop offset=\"33%\" stop-opacity=\"0\"><\/stop><stop offset=\"100%\" stop-opacity=\"0\"><\/stop><\/lineargradient><\/defs><defs><lineargradient id=\"wprm-recipe-user-rating-0-50\"><stop offset=\"0%\" stop-opacity=\"1\"><\/stop><stop offset=\"50%\" stop-opacity=\"1\"><\/stop><stop offset=\"50%\" stop-opacity=\"0\"><\/stop><stop offset=\"100%\" stop-opacity=\"0\"><\/stop><\/lineargradient><\/defs><defs><lineargradient id=\"wprm-recipe-user-rating-0-66\"><stop offset=\"0%\" stop-opacity=\"1\"><\/stop><stop offset=\"66%\" stop-opacity=\"1\"><\/stop><stop offset=\"66%\" stop-opacity=\"0\"><\/stop><stop offset=\"100%\" stop-opacity=\"0\"><\/stop><\/lineargradient><\/defs><\/svg><style>#wprm-recipe-user-rating-0.wprm-user-rating-allowed.wprm-user-rating-not-voted:not(.wprm-user-rating-voting) svg * { fill-opacity: 0.3; }<\/style><div id=\"wprm-recipe-user-rating-0\" class=\"wprm-recipe-rating wprm-recipe-rating-recipe-5152 wprm-user-rating wprm-recipe-rating-inline wprm-user-rating-not-voted wprm-user-rating-allowed\" data-recipe=\"5152\" data-average=\"5\" data-count=\"1\" data-total=\"5\" data-user=\"0\" data-decimals=\"2\" data-modal-uid=\"user-rating\"><span class=\"wprm-rating-star wprm-rating-star-1 wprm-rating-star-full\" data-rating=\"1\" data-color=\"#051d40\" role=\"button\" tabindex=\"0\" aria-label=\"Rate this recipe 1 out of 5 stars\" onmouseenter=\"window.WPRecipeMaker.userRating.enter(this)\" onfocus=\"window.WPRecipeMaker.userRating.enter(this)\" onmouseleave=\"window.WPRecipeMaker.userRating.leave(this)\" onblur=\"window.WPRecipeMaker.userRating.leave(this)\" onclick=\"window.WPRecipeMaker.userRating.click(this, event)\" onkeypress=\"window.WPRecipeMaker.userRating.click(this, event)\" style=\"font-size: 1em;\"><svg xmlns=\"http:\/\/www.w3.org\/2000\/svg\" xmlns:xlink=\"http:\/\/www.w3.org\/1999\/xlink\" x=\"0px\" y=\"0px\" width=\"16px\" height=\"16px\" viewbox=\"0 0 24 24\"><g transform=\"translate(0, 0)\"><polygon fill=\"none\" stroke=\"#051d40\" stroke-width=\"2\" stroke-linecap=\"square\" stroke-miterlimit=\"10\" points=\"12,2.6 15,9 21.4,9 16.7,13.9 18.6,21.4 12,17.6 5.4,21.4 7.3,13.9 2.6,9 9,9 \" stroke-linejoin=\"miter\"><\/polygon><\/g><\/svg><\/span><span class=\"wprm-rating-star wprm-rating-star-2 wprm-rating-star-full\" data-rating=\"2\" data-color=\"#051d40\" role=\"button\" tabindex=\"0\" aria-label=\"Rate this recipe 2 out of 5 stars\" onmouseenter=\"window.WPRecipeMaker.userRating.enter(this)\" onfocus=\"window.WPRecipeMaker.userRating.enter(this)\" onmouseleave=\"window.WPRecipeMaker.userRating.leave(this)\" onblur=\"window.WPRecipeMaker.userRating.leave(this)\" onclick=\"window.WPRecipeMaker.userRating.click(this, event)\" onkeypress=\"window.WPRecipeMaker.userRating.click(this, event)\" style=\"font-size: 1em;\"><svg xmlns=\"http:\/\/www.w3.org\/2000\/svg\" xmlns:xlink=\"http:\/\/www.w3.org\/1999\/xlink\" x=\"0px\" y=\"0px\" width=\"16px\" height=\"16px\" viewbox=\"0 0 24 24\"><g transform=\"translate(0, 0)\"><polygon fill=\"none\" stroke=\"#051d40\" stroke-width=\"2\" stroke-linecap=\"square\" stroke-miterlimit=\"10\" points=\"12,2.6 15,9 21.4,9 16.7,13.9 18.6,21.4 12,17.6 5.4,21.4 7.3,13.9 2.6,9 9,9 \" stroke-linejoin=\"miter\"><\/polygon><\/g><\/svg><\/span><span class=\"wprm-rating-star wprm-rating-star-3 wprm-rating-star-full\" data-rating=\"3\" data-color=\"#051d40\" role=\"button\" tabindex=\"0\" aria-label=\"Rate this recipe 3 out of 5 stars\" onmouseenter=\"window.WPRecipeMaker.userRating.enter(this)\" onfocus=\"window.WPRecipeMaker.userRating.enter(this)\" onmouseleave=\"window.WPRecipeMaker.userRating.leave(this)\" onblur=\"window.WPRecipeMaker.userRating.leave(this)\" onclick=\"window.WPRecipeMaker.userRating.click(this, event)\" onkeypress=\"window.WPRecipeMaker.userRating.click(this, event)\" style=\"font-size: 1em;\"><svg xmlns=\"http:\/\/www.w3.org\/2000\/svg\" xmlns:xlink=\"http:\/\/www.w3.org\/1999\/xlink\" x=\"0px\" y=\"0px\" width=\"16px\" height=\"16px\" viewbox=\"0 0 24 24\"><g transform=\"translate(0, 0)\"><polygon fill=\"none\" stroke=\"#051d40\" stroke-width=\"2\" stroke-linecap=\"square\" stroke-miterlimit=\"10\" points=\"12,2.6 15,9 21.4,9 16.7,13.9 18.6,21.4 12,17.6 5.4,21.4 7.3,13.9 2.6,9 9,9 \" stroke-linejoin=\"miter\"><\/polygon><\/g><\/svg><\/span><span class=\"wprm-rating-star wprm-rating-star-4 wprm-rating-star-full\" data-rating=\"4\" data-color=\"#051d40\" role=\"button\" tabindex=\"0\" aria-label=\"Rate this recipe 4 out of 5 stars\" onmouseenter=\"window.WPRecipeMaker.userRating.enter(this)\" onfocus=\"window.WPRecipeMaker.userRating.enter(this)\" onmouseleave=\"window.WPRecipeMaker.userRating.leave(this)\" onblur=\"window.WPRecipeMaker.userRating.leave(this)\" onclick=\"window.WPRecipeMaker.userRating.click(this, event)\" onkeypress=\"window.WPRecipeMaker.userRating.click(this, event)\" style=\"font-size: 1em;\"><svg xmlns=\"http:\/\/www.w3.org\/2000\/svg\" xmlns:xlink=\"http:\/\/www.w3.org\/1999\/xlink\" x=\"0px\" y=\"0px\" width=\"16px\" height=\"16px\" viewbox=\"0 0 24 24\"><g transform=\"translate(0, 0)\"><polygon fill=\"none\" stroke=\"#051d40\" stroke-width=\"2\" stroke-linecap=\"square\" stroke-miterlimit=\"10\" points=\"12,2.6 15,9 21.4,9 16.7,13.9 18.6,21.4 12,17.6 5.4,21.4 7.3,13.9 2.6,9 9,9 \" stroke-linejoin=\"miter\"><\/polygon><\/g><\/svg><\/span><span class=\"wprm-rating-star wprm-rating-star-5 wprm-rating-star-full\" data-rating=\"5\" data-color=\"#051d40\" role=\"button\" tabindex=\"0\" aria-label=\"Rate this recipe 5 out of 5 stars\" onmouseenter=\"window.WPRecipeMaker.userRating.enter(this)\" onfocus=\"window.WPRecipeMaker.userRating.enter(this)\" onmouseleave=\"window.WPRecipeMaker.userRating.leave(this)\" onblur=\"window.WPRecipeMaker.userRating.leave(this)\" onclick=\"window.WPRecipeMaker.userRating.click(this, event)\" onkeypress=\"window.WPRecipeMaker.userRating.click(this, event)\" style=\"font-size: 1em;\"><svg xmlns=\"http:\/\/www.w3.org\/2000\/svg\" xmlns:xlink=\"http:\/\/www.w3.org\/1999\/xlink\" x=\"0px\" y=\"0px\" width=\"16px\" height=\"16px\" viewbox=\"0 0 24 24\"><g transform=\"translate(0, 0)\"><polygon fill=\"none\" stroke=\"#051d40\" stroke-width=\"2\" stroke-linecap=\"square\" stroke-miterlimit=\"10\" points=\"12,2.6 15,9 21.4,9 16.7,13.9 18.6,21.4 12,17.6 5.4,21.4 7.3,13.9 2.6,9 9,9 \" stroke-linejoin=\"miter\"><\/polygon><\/g><\/svg><\/span><div class=\"wprm-recipe-rating-details wprm-block-text-normal\"><span class=\"wprm-recipe-rating-average\">5<\/span> from 1 vote<\/div><\/div>\n<div class=\"wprm-spacer\" style=\"height: 25px;\"><\/div>\n<div class=\"wprm-template-chic-buttons wprm-container-columns-spaced-middle wprm-container-columns-gutter\">\n\t<a href=\"https:\/\/wa.me\/?text=Check%20out%20this%20recipe%21%0A%0AKlassische%20Vanillekipferl%20%E2%80%93%20Zartes%20Weihnachtsgeb%C3%A4ck%20nach%20Oma%27s%20Art%0Ahttps%3A%2F%2Fwww.harecker.de%2Fblog%2Fvanillekipferl%2F\" data-recipe=\"5152\" style=\"color: #ffffff;background-color: #051d40;border-color: #051d40;border-radius: 0px;padding: 5px 5px;\" class=\"wprm-recipe-whatsapp-share wprm-recipe-link wprm-block-text-bold wprm-recipe-whatsapp-share-wide-button wprm-recipe-link-wide-button wprm-color-accent\" target=\"_blank\" rel=\"nofollow\"><span class=\"wprm-recipe-icon wprm-recipe-whatsapp-share-icon\"><svg xmlns=\"http:\/\/www.w3.org\/2000\/svg\" width=\"16\" height=\"16\" viewbox=\"0 0 16 16\"><g class=\"nc-icon-wrapper\" fill=\"#ffffff\"><path fill=\"#ffffff\" d=\"M13.6,2.3C12.1,0.8,10.2,0,8,0C3.7,0,0.1,3.6,0.1,7.9c0,1.4,0.4,2.8,1.1,4L0,16l4.2-1.1c1.2,0.6,2.5,1,3.8,1 h0h0c4.4,0,7.9-3.6,7.9-7.9C16,5.8,15.1,3.8,13.6,2.3z M11.9,10.8c-0.2,0.5-1,0.9-1.3,0.9c-0.3,0.1-1.3,0-2.4-0.5 c-2-0.9-3.3-2.9-3.4-3C4.7,8.1,4,7.1,4,6.2s0.5-1.5,0.7-1.7c0.4-0.4,1.2-0.3,1.4,0.1C6.2,5,6.6,6,6.7,6.1s0.1,0.5-0.2,0.7 C6.4,6.8,5.9,7.2,6.1,7.5c0.1,0.2,0.5,0.8,1.1,1.4c0.8,0.7,1.4,0.9,1.6,1C9,10,9.1,10,9.2,9.8C9.3,9.7,9.7,9.2,9.8,9 c0.1-0.2,0.3-0.2,0.4-0.1s1.2,0.5,1.4,0.6C11.8,9.7,12,9.7,12,9.8C12.1,9.9,12.1,10.3,11.9,10.8z\"><\/path><\/g><\/svg><\/span> Teilen<\/a>\n\n\n\t<a href=\"https:\/\/www.pinterest.com\/pin\/create\/bookmarklet\/?url=https%3A%2F%2Fwww.harecker.de%2Fblog%2Fvanillekipferl%2F&amp;media=https%3A%2F%2Fwww.harecker.de%2Fblog%2Fwp-content%2Fuploads%2F2025%2F12%2FVanille.png&amp;description=Klassische+Vanillekipferl+%E2%80%93+Zartes+Weihnachtsgeb%C3%A4ck+nach+Oma%27s+Art&amp;is_video=false\" target=\"_blank\" rel=\"nofollow noopener\" data-recipe=\"5152\" data-url=\"https:\/\/www.harecker.de\/blog\/vanillekipferl\/\" data-media=\"https:\/\/www.harecker.de\/blog\/wp-content\/uploads\/2025\/12\/Vanille.png\" data-description=\"Klassische Vanillekipferl &#x2013; Zartes Weihnachtsgeb&#xE4;ck nach Oma's Art\" data-repin=\"\" role=\"button\" style=\"color: #ffffff;background-color: #051d40;border-color: #051d40;border-radius: 3px;padding: 5px 5px;\" class=\"wprm-recipe-pin wprm-recipe-link wprm-block-text-bold wprm-recipe-pin-wide-button wprm-recipe-link-wide-button wprm-color-accent\"><span class=\"wprm-recipe-icon wprm-recipe-pin-icon\"><svg width=\"17px\" height=\"20px\" viewbox=\"0 0 17 20\" version=\"1.1\" xmlns=\"http:\/\/www.w3.org\/2000\/svg\" xmlns:xlink=\"http:\/\/www.w3.org\/1999\/xlink\"><g stroke=\"none\" stroke-width=\"1\" fill=\"none\" fill-rule=\"evenodd\"><g transform=\"translate(-4.000000, -2.000000)\" fill=\"#ffffff\"><path d=\"M10.7636728,15.2276266 C10.2077317,17.980299 9.52955405,20.6201377 7.52087891,22 C6.90029349,17.8380815 8.43177606,14.7128228 9.14286352,11.3948064 C7.93107647,9.46487979 9.28860706,5.58269488 11.8449959,6.53943073 C14.9902356,7.71595725 9.12053185,13.7114236 13.0614843,14.4612976 C17.1752134,15.2429061 18.8547902,7.71125585 16.3042782,5.26182401 C12.6183769,1.72519235 5.57332202,5.18072478 6.43955583,10.2441376 C6.65111904,11.4829577 8.00277289,11.8578948 6.98021737,13.5668554 C4.62128758,13.0720325 3.91607687,11.3125318 4.00775427,8.9665309 C4.15349781,5.12783398 7.65604429,2.43980586 11.1691689,2.06721954 C15.6119964,1.59707907 19.7821423,3.61045562 20.3580644,7.56198625 C21.0056829,12.0224439 18.3529153,16.8531372 13.6009705,16.5052333 C12.313961,16.4100298 11.7732994,15.8070747 10.7636728,15.2276266\"><\/path><\/g><\/g><\/svg><\/span> Pin <\/a>\n<a href=\"mailto:?subject=Check%20out%20this%20recipe%21&amp;body=I%20found%20this%20recipe%20you%20might%20like%3A%0A%0AKlassische%20Vanillekipferl%20%E2%80%93%20Zartes%20Weihnachtsgeb%C3%A4ck%20nach%20Oma%27s%20Art%0Ahttps%3A%2F%2Fwww.harecker.de%2Fblog%2Fvanillekipferl%2F\" data-recipe=\"5152\" class=\"wprm-recipe-email-share wprm-recipe-link wprm-block-text-bold wprm-recipe-email-share-wide-button wprm-recipe-link-wide-button wprm-color-accent\" target=\"_blank\" rel=\"nofollow\" style=\"color: #ffffff;background-color: #051d40;border-color: #051d40;border-radius: 0px;padding: 5px 5px;\"><span class=\"wprm-recipe-icon wprm-recipe-email-share-icon\"><svg xmlns=\"http:\/\/www.w3.org\/2000\/svg\" width=\"16\" height=\"16\" viewbox=\"0 0 24 24\"><g class=\"nc-icon-wrapper\" stroke-linecap=\"round\" stroke-linejoin=\"round\" stroke-width=\"1\" transform=\"translate(0.5 0.5)\" fill=\"#ffffff\" stroke=\"#ffffff\"><polyline data-cap=\"butt\" fill=\"none\" stroke=\"#ffffff\" stroke-miterlimit=\"10\" points=\"22,2 7,14 7,21 10.6,16.7 \"><\/polyline> <polygon fill=\"none\" stroke=\"#ffffff\" stroke-miterlimit=\"10\" points=\"2,10 22,2 18,22 \"><\/polygon><\/g><\/svg><\/span> E-Mail<\/a>\n\n\n\n\n    \n<\/div>\n\n<a href=\"#commentform\" data-modal-uid=\"user-rating\" data-recipe=\"5152\" style=\"color: #ffffff;background-color: #051d40;border-color: #051d40;border-radius: 0px;padding: 5px 5px;\" class=\"wprm-recipe-user-ratings-modal wprm-recipe-link wprm-block-text-normal wprm-recipe-user-ratings-modal-wide-button wprm-recipe-link-wide-button wprm-color-accent\"><span class=\"wprm-recipe-icon wprm-recipe-user-ratings-modal-icon\"><svg xmlns=\"http:\/\/www.w3.org\/2000\/svg\" xmlns:xlink=\"http:\/\/www.w3.org\/1999\/xlink\" x=\"0px\" y=\"0px\" width=\"16px\" height=\"16px\" viewbox=\"0 0 24 24\"><g><path fill=\"#ffffff\" d=\"M12.712,1.942l2.969,6.015l6.638,0.965c0.651,0.095,0.911,0.895,0.44,1.354l-4.804,4.682l1.134,6.612c0.111,0.649-0.57,1.143-1.152,0.837L12,19.286l-5.938,3.122C5.48,22.714,4.799,22.219,4.91,21.57l1.134-6.612l-4.804-4.682c-0.471-0.459-0.211-1.26,0.44-1.354l6.638-0.965l2.969-6.015C11.579,1.352,12.421,1.352,12.712,1.942z\"><\/path><\/g><\/svg><\/span> Bewerten &amp; Kommentieren<\/a>\n<div class=\"wprm-spacer\" style=\"height: 20px;\"><\/div>\n<div class=\"wprm-icon-shortcode wprm-icon-shortcode-separate wprm-align-center wprm-icon-decoration-line\" style=\"font-size: 24px;height: 24px;\"><div class=\"wprm-decoration-line\" style=\"border-color: #e0e0e0;\"><\/div><span class=\"wprm-recipe-icon\" aria-hidden=\"true\"><svg xmlns=\"http:\/\/www.w3.org\/2000\/svg\" xmlns:xlink=\"http:\/\/www.w3.org\/1999\/xlink\" x=\"0px\" y=\"0px\" width=\"16px\" height=\"16px\" viewbox=\"0 0 24 24\"><g><path fill=\"#051d40\" d=\"M21,11h2.949C23.466,5.181,18.819,0.534,13,0.051V3h-2V0.051C5.181,0.534,0.534,5.181,0.051,11H3v2H0.051C0.534,18.819,5.181,23.466,11,23.949V21h2v2.949c5.819-0.484,10.466-5.13,10.949-10.949H21V11z M17,13h-5.535L6.613,5.723l1.664-1.109L12.535,11H17V13z\"><\/path><\/g><\/svg><\/span> <div class=\"wprm-decoration-line\" style=\"border-color: #e0e0e0;\"><\/div><\/div>\n<div class=\"wprm-recipe-meta-container wprm-recipe-times-container wprm-recipe-details-container wprm-recipe-details-container-table wprm-block-text-normal wprm-recipe-table-borders-none wprm-recipe-table-borders-inside\" style=\"border-width: 0;border-style: dotted;border-color: #666666;\"><div class=\"wprm-recipe-block-container wprm-recipe-block-container-table wprm-block-text-normal wprm-recipe-time-container wprm-recipe-prep-time-container\" style=\"border-width: 0;border-style: dotted;border-color: #666666;\"><span class=\"wprm-recipe-details-label wprm-block-text-uppercase-faded wprm-recipe-time-label wprm-recipe-prep-time-label\">Vorbereitung <\/span><span class=\"wprm-recipe-time wprm-block-text-normal\"><span class=\"wprm-recipe-details wprm-recipe-details-minutes wprm-recipe-prep_time wprm-recipe-prep_time-minutes\">20<span class=\"sr-only screen-reader-text wprm-screen-reader-text\"> Minuten<\/span><\/span> <span class=\"wprm-recipe-details-unit wprm-recipe-details-minutes wprm-recipe-prep_time-unit wprm-recipe-prep_timeunit-minutes\" aria-hidden=\"true\">Min.<\/span><\/span><\/div><div class=\"wprm-recipe-block-container wprm-recipe-block-container-table wprm-block-text-normal wprm-recipe-time-container wprm-recipe-cook-time-container\" style=\"border-width: 0;border-style: dotted;border-color: #666666;\"><span class=\"wprm-recipe-details-label wprm-block-text-uppercase-faded wprm-recipe-time-label wprm-recipe-cook-time-label\">Zubereitung <\/span><span class=\"wprm-recipe-time wprm-block-text-normal\"><span class=\"wprm-recipe-details wprm-recipe-details-minutes wprm-recipe-cook_time wprm-recipe-cook_time-minutes\">15<span class=\"sr-only screen-reader-text wprm-screen-reader-text\"> Minuten<\/span><\/span> <span class=\"wprm-recipe-details-unit wprm-recipe-details-minutes wprm-recipe-cook_time-unit wprm-recipe-cook_timeunit-minutes\" aria-hidden=\"true\">Min.<\/span><\/span><\/div><div class=\"wprm-recipe-block-container wprm-recipe-block-container-table wprm-block-text-normal wprm-recipe-time-container wprm-recipe-custom-time-container\" style=\"border-width: 0;border-style: dotted;border-color: #666666;\"><span class=\"wprm-recipe-details-label wprm-block-text-uppercase-faded wprm-recipe-time-label wprm-recipe-custom-time-label\">Ruhezeit im K&#xFC;hlschrank <\/span><span class=\"wprm-recipe-time wprm-block-text-normal\"><span class=\"wprm-recipe-details wprm-recipe-details-hours wprm-recipe-custom_time wprm-recipe-custom_time-hours\">1<span class=\"sr-only screen-reader-text wprm-screen-reader-text\"> Stunde<\/span><\/span> <span class=\"wprm-recipe-details-unit wprm-recipe-details-unit-hours wprm-recipe-custom_time-unit wprm-recipe-custom_timeunit-hours\" aria-hidden=\"true\">Std.<\/span><\/span><\/div><div class=\"wprm-recipe-block-container wprm-recipe-block-container-table wprm-block-text-normal wprm-recipe-time-container wprm-recipe-total-time-container\" style=\"border-width: 0;border-style: dotted;border-color: #666666;\"><span class=\"wprm-recipe-details-label wprm-block-text-uppercase-faded wprm-recipe-time-label wprm-recipe-total-time-label\">Gesamtzeit <\/span><span class=\"wprm-recipe-time wprm-block-text-normal\"><span class=\"wprm-recipe-details wprm-recipe-details-hours wprm-recipe-total_time wprm-recipe-total_time-hours\">1<span class=\"sr-only screen-reader-text wprm-screen-reader-text\"> Stunde<\/span><\/span> <span class=\"wprm-recipe-details-unit wprm-recipe-details-unit-hours wprm-recipe-total_time-unit wprm-recipe-total_timeunit-hours\" aria-hidden=\"true\">Std.<\/span> <span class=\"wprm-recipe-details wprm-recipe-details-minutes wprm-recipe-total_time wprm-recipe-total_time-minutes\">35<span class=\"sr-only screen-reader-text wprm-screen-reader-text\"> Minuten<\/span><\/span> <span class=\"wprm-recipe-details-unit wprm-recipe-details-minutes wprm-recipe-total_time-unit wprm-recipe-total_timeunit-minutes\" aria-hidden=\"true\">Min.<\/span><\/span><\/div><\/div>\n<div class=\"wprm-spacer\" style=\"height: 20px;\"><\/div>\n<div class=\"wprm-container-columns-spaced\">\n\t<div>\n    \t<div class=\"wprm-icon-shortcode wprm-icon-shortcode-separate wprm-align-center wprm-icon-decoration-line\" style=\"font-size: 24px;height: 24px;\"><div class=\"wprm-decoration-line\" style=\"border-color: #e0e0e0;\"><\/div><span class=\"wprm-recipe-icon\" aria-hidden=\"true\"><svg width=\"16px\" height=\"16px\" viewbox=\"0 0 24 24\" version=\"1.1\" xmlns=\"http:\/\/www.w3.org\/2000\/svg\" xmlns:xlink=\"http:\/\/www.w3.org\/1999\/xlink\"><g stroke=\"none\" stroke-width=\"1\" fill=\"none\" fill-rule=\"evenodd\"><g fill=\"#051d40\"><path d=\"M19.5441,12.0586 L17.8411,12.3146 L17.8411,14.0376 L17.8411,17.8606 L6.1591,17.8606 L6.1591,14.0376 L6.1591,12.3146 L4.4561,12.0586 C3.0331,11.8446 2.0001,10.6536 2.0001,9.2246 C2.0001,7.6626 3.2471,6.3876 4.7971,6.3406 C4.8651,6.3486 4.9351,6.3556 5.0051,6.3576 L6.3221,6.4136 L6.8931,5.2246 C7.8481,3.2356 9.8051,1.9996 12.0001,1.9996 C14.1951,1.9996 16.1521,3.2356 17.1071,5.2246 L17.6781,6.4136 L18.9951,6.3576 C19.0641,6.3556 19.1321,6.3486 19.2021,6.3406 C20.7531,6.3866 22.0001,7.6626 22.0001,9.2246 C22.0001,10.6536 20.9671,11.8446 19.5441,12.0586 L19.5441,12.0586 Z M6.1591,22.0006 L17.8411,22.0006 L17.8411,19.8606 L6.1591,19.8606 L6.1591,22.0006 Z M19.1141,4.3386 C19.0451,4.3386 18.9801,4.3566 18.9101,4.3596 C17.6741,1.7836 15.0491,-0.0004 12.0001,-0.0004 C8.9511,-0.0004 6.3261,1.7836 5.0901,4.3596 C5.0211,4.3566 4.9551,4.3386 4.8861,4.3386 C2.1881,4.3386 0.0001,6.5266 0.0001,9.2246 C0.0001,11.6736 1.8081,13.6836 4.1591,14.0376 L4.1591,22.3756 C4.1591,23.2696 4.8901,23.9996 5.7831,23.9996 L18.2171,23.9996 C19.1101,23.9996 19.8411,23.2696 19.8411,22.3756 L19.8411,14.0376 C22.1911,13.6836 24.0001,11.6736 24.0001,9.2246 C24.0001,6.5266 21.8131,4.3386 19.1141,4.3386 L19.1141,4.3386 Z\" id=\"Fill-1\"><\/path><\/g><\/g><\/svg><\/span> <div class=\"wprm-decoration-line\" style=\"border-color: #e0e0e0;\"><\/div><\/div>\n\t\t<div class=\"wprm-recipe-meta-container wprm-recipe-custom-container wprm-recipe-details-container wprm-recipe-details-container-table wprm-block-text-normal wprm-recipe-table-borders-none wprm-recipe-table-borders-inside\" style=\"border-width: 0;border-style: dotted;border-color: #666666;\"><div class=\"wprm-recipe-block-container wprm-recipe-block-container-table wprm-block-text-normal wprm-recipe-tag-container wprm-recipe-course-container\" style=\"border-width: 0;border-style: dotted;border-color: #666666;\"><span class=\"wprm-recipe-details-label wprm-block-text-uppercase-faded wprm-recipe-tag-label wprm-recipe-course-label\">Niveau <\/span><span class=\"wprm-recipe-course wprm-block-text-normal\">einfach<\/span><\/div><div class=\"wprm-recipe-block-container wprm-recipe-block-container-table wprm-block-text-normal wprm-recipe-tag-container wprm-recipe-cuisine-container\" style=\"border-width: 0;border-style: dotted;border-color: #666666;\"><span class=\"wprm-recipe-details-label wprm-block-text-uppercase-faded wprm-recipe-tag-label wprm-recipe-cuisine-label\">Aufwand <\/span><span class=\"wprm-recipe-cuisine wprm-block-text-normal\">mittel<\/span><\/div><\/div>\n    <\/div>\n    <div>\n        <div class=\"wprm-icon-shortcode wprm-icon-shortcode-separate wprm-align-center wprm-icon-decoration-line\" style=\"font-size: 24px;height: 24px;\"><div class=\"wprm-decoration-line\" style=\"border-color: #e0e0e0;\"><\/div><span class=\"wprm-recipe-icon\" aria-hidden=\"true\"><svg width=\"16px\" height=\"16px\" viewbox=\"0 0 24 24\" version=\"1.1\" xmlns=\"http:\/\/www.w3.org\/2000\/svg\" xmlns:xlink=\"http:\/\/www.w3.org\/1999\/xlink\"><g stroke=\"none\" stroke-width=\"1\" fill=\"none\" fill-rule=\"evenodd\"><g fill=\"#051d40\"><path d=\"M15.9199,4.9443 L18.1399,2.7243 C18.5509,2.3133 19.0909,2.1083 19.6299,2.1083 C20.1699,2.1083 20.7099,2.3133 21.1209,2.7243 C21.9429,3.5473 21.9419,4.8843 21.1209,5.7073 L18.9019,7.9253 C18.0799,8.7483 16.7419,8.7483 15.9199,7.9253 C15.0979,7.1033 15.0979,5.7663 15.9199,4.9443 M23.5529,22.1383 L13.3369,11.9233 L15.3109,9.9493 C15.9559,10.3353 16.6809,10.5413 17.4109,10.5413 C18.4629,10.5413 19.5159,10.1403 20.3159,9.3403 L22.5349,7.1213 C24.1369,5.5183 24.1369,2.9123 22.5349,1.3103 C21.7599,0.5343 20.7279,0.1073 19.6299,0.1073 C18.5329,0.1073 17.5019,0.5343 16.7259,1.3103 L14.5059,3.5303 C13.7299,4.3063 13.3029,5.3383 13.3029,6.4343 C13.3029,7.1883 13.5179,7.9053 13.8959,8.5363 L11.9229,10.5083 L9.9489,8.5353 C10.8909,6.9593 10.6959,4.8863 9.3399,3.5303 L6.1039,0.2933 C5.7129,-0.0977 5.0799,-0.0977 4.6899,0.2933 C4.2989,0.6833 4.2989,1.3163 4.6899,1.7073 L7.9259,4.9443 C8.4909,5.5093 8.6579,6.3153 8.4459,7.0323 L3.6539,2.2403 C3.2639,1.8493 2.6309,1.8493 2.2399,2.2403 C1.8499,2.6313 1.8499,3.2633 2.2399,3.6543 L7.0319,8.4463 C6.3149,8.6583 5.5089,8.4913 4.9429,7.9253 L1.7069,4.6893 C1.3159,4.2983 0.6839,4.2983 0.2929,4.6893 C-0.0981,5.0803 -0.0981,5.7133 0.2929,6.1033 L3.5289,9.3403 C4.3309,10.1403 5.3829,10.5413 6.4349,10.5413 C7.1649,10.5413 7.8899,10.3353 8.5349,9.9493 L10.5089,11.9233 L0.2929,22.1383 C-0.0981,22.5293 -0.0981,23.1623 0.2929,23.5523 C0.4879,23.7483 0.7439,23.8453 0.9999,23.8453 C1.2559,23.8453 1.5119,23.7483 1.7069,23.5523 L11.9229,13.3373 L22.1389,23.5523 C22.3339,23.7483 22.5899,23.8453 22.8459,23.8453 C23.1019,23.8453 23.3569,23.7483 23.5529,23.5523 C23.9429,23.1623 23.9429,22.5293 23.5529,22.1383\"><\/path><\/g><\/g><\/svg><\/span> <div class=\"wprm-decoration-line\" style=\"border-color: #e0e0e0;\"><\/div><\/div>\n\t\t<div class=\"wprm-recipe-meta-container wprm-recipe-custom-container wprm-recipe-details-container wprm-recipe-details-container-table wprm-block-text-normal wprm-recipe-table-borders-none wprm-recipe-table-borders-inside\" style=\"border-width: 0;border-style: dotted;border-color: #666666;\"><div class=\"wprm-recipe-block-container wprm-recipe-block-container-table wprm-block-text-normal wprm-recipe-servings-container\" style=\"border-width: 0;border-style: dotted;border-color: #666666;\"><span class=\"wprm-recipe-details-label wprm-block-text-uppercase-faded wprm-recipe-servings-label\">Portionen<\/span><span class=\"wprm-recipe-servings-with-unit\"><span class=\"wprm-recipe-servings wprm-recipe-details wprm-recipe-servings-5152 wprm-recipe-servings-adjustable-text-buttons wprm-block-text-normal\" data-recipe=\"5152\" aria-label=\"Adjust recipe servings\" data-button-background=\"#051d40\" data-button-accent=\"#ffffff\" data-button-radius=\"3px\">40<\/span> <span class=\"wprm-recipe-servings-unit wprm-recipe-details-unit wprm-block-text-normal\">St&#xFC;ck<\/span><\/span><\/div><div class=\"wprm-recipe-block-container wprm-recipe-block-container-table wprm-block-text-normal wprm-recipe-nutrition-container wprm-recipe-calories-container\" style=\"border-width: 0;border-style: dotted;border-color: #666666;\"><span class=\"wprm-recipe-details-label wprm-block-text-uppercase-faded wprm-recipe-nutrition-label wprm-recipe-calories-label\">Calories<\/span><span class=\"wprm-recipe-nutrition-with-unit\"><span class=\"wprm-recipe-details wprm-recipe-nutrition wprm-recipe-calories wprm-block-text-normal\">75<\/span> <span class=\"wprm-recipe-details-unit wprm-recipe-nutrition-unit wprm-recipe-calories-unit wprm-block-text-normal\">kcal<\/span><\/span><\/div><\/div>\n\n\n    <\/div>\n<\/div>\n\n<div id=\"recipe-5152-equipment\" class=\"wprm-recipe-equipment-container wprm-block-text-normal\" data-recipe=\"5152\"><h2 class=\"wprm-recipe-header wprm-recipe-equipment-header wprm-block-text-uppercase wprm-align-left wprm-header-decoration-line\" style=\"\">Kochutensilien<div class=\"wprm-decoration-line\" style=\"border-color: #e0e0e0;\"><\/div><\/h2><div class=\"wprm-spacer\" style=\"height: 22px;\"><\/div><div class=\"wprm-recipe-equipment wprm-recipe-equipment-images wprm-recipe-equipment-images-align-spaced\"><div class=\"wprm-recipe-equipment-item wprm-recipe-equipment-item-has-image\"><div class=\"wprm-recipe-equipment-affiliate-html\">Backblech<\/div><a href=\"https:\/\/www.harecker.de\/Guss-Backblech\" class=\"wprm-recipe-equipment-link\"><div class=\"wprm-recipe-equipment-image\"><img loading=\"lazy\" decoding=\"async\" width=\"150\" height=\"150\" src=\"https:\/\/www.harecker.de\/blog\/wp-content\/uploads\/2025\/04\/1810.jpg\" class=\"attachment-150x150 size-150x150\" alt=\"\"\/><\/div><\/a><div class=\"wprm-recipe-equipment-name\"><a href=\"https:\/\/www.harecker.de\/Guss-Backblech\" class=\"wprm-recipe-equipment-link\">Backblech<\/a><\/div><\/div><div class=\"wprm-recipe-equipment-item wprm-recipe-equipment-item-has-image\"><div class=\"wprm-recipe-equipment-affiliate-html\">Coox Faltsch&#xFC;ssel<\/div><a href=\"https:\/\/www.harecker.de\/Coox-Faltschuessel-faltbare-Silikon-Ruehrschuessel\" class=\"wprm-recipe-equipment-link\"><div class=\"wprm-recipe-equipment-image\"><img loading=\"lazy\" decoding=\"async\" width=\"150\" height=\"150\" src=\"https:\/\/www.harecker.de\/blog\/wp-content\/uploads\/2025\/10\/Faltschuessel-offen-150x150.jpg\" class=\"attachment-150x150 size-150x150\" alt=\"Coox Faltsch&#xFC;ssel, faltbar, Produktbild\" srcset=\"https:\/\/www.harecker.de\/blog\/wp-content\/uploads\/2025\/10\/Faltschuessel-offen-150x150.jpg 150w, https:\/\/www.harecker.de\/blog\/wp-content\/uploads\/2025\/10\/Faltschuessel-offen-350x350.jpg 350w, https:\/\/www.harecker.de\/blog\/wp-content\/uploads\/2025\/10\/Faltschuessel-offen-240x240.jpg 240w, https:\/\/www.harecker.de\/blog\/wp-content\/uploads\/2025\/10\/Faltschuessel-offen-768x768.jpg 768w, https:\/\/www.harecker.de\/blog\/wp-content\/uploads\/2025\/10\/Faltschuessel-offen-500x500.jpg 500w, https:\/\/www.harecker.de\/blog\/wp-content\/uploads\/2025\/10\/Faltschuessel-offen-250x250.jpg 250w, https:\/\/www.harecker.de\/blog\/wp-content\/uploads\/2025\/10\/Faltschuessel-offen.jpg 1000w\" sizes=\"auto, (max-width: 150px) 100vw, 150px\"\/><\/div><\/a><div class=\"wprm-recipe-equipment-name\"><a href=\"https:\/\/www.harecker.de\/Coox-Faltschuessel-faltbare-Silikon-Ruehrschuessel\" class=\"wprm-recipe-equipment-link\">Coox Faltsch&#xFC;ssel<\/a><\/div><\/div><div class=\"wprm-recipe-equipment-item wprm-recipe-equipment-item-has-image\"><div class=\"wprm-recipe-equipment-affiliate-html\">Wender und Kellen<\/div><a href=\"https:\/\/www.harecker.de\/Pfannenwender-Kellen\" class=\"wprm-recipe-equipment-link\"><div class=\"wprm-recipe-equipment-image\"><img loading=\"lazy\" decoding=\"async\" width=\"150\" height=\"150\" src=\"https:\/\/www.harecker.de\/blog\/wp-content\/uploads\/2023\/06\/pfannenwender-kellen-150x150.jpeg\" class=\"attachment-150x150 size-150x150\" alt=\"Wender \/ Kellen, Produktbild\" srcset=\"https:\/\/www.harecker.de\/blog\/wp-content\/uploads\/2023\/06\/pfannenwender-kellen-150x150.jpeg 150w, https:\/\/www.harecker.de\/blog\/wp-content\/uploads\/2023\/06\/pfannenwender-kellen-240x240.jpeg 240w, https:\/\/www.harecker.de\/blog\/wp-content\/uploads\/2023\/06\/pfannenwender-kellen.jpeg 250w\" sizes=\"auto, (max-width: 150px) 100vw, 150px\"\/><\/div><\/a><div class=\"wprm-recipe-equipment-name\"><a href=\"https:\/\/www.harecker.de\/Pfannenwender-Kellen\" class=\"wprm-recipe-equipment-link\">Wender und Kellen<\/a><\/div><\/div><\/div><\/div>\n<div id=\"recipe-5152-ingredients\" class=\"wprm-recipe-ingredients-container wprm-recipe-ingredients-no-images wprm-recipe-5152-ingredients-container wprm-block-text-normal wprm-ingredient-style-table-2\" data-recipe=\"5152\" data-servings=\"40\"><h2 class=\"wprm-recipe-header wprm-recipe-ingredients-header wprm-block-text-uppercase wprm-align-left wprm-header-decoration-line wprm-header-has-actions wprm-header-has-actions\" style=\"\">Zutaten<div class=\"wprm-decoration-line\" style=\"border-color: #e0e0e0;\"><\/div>&#xA0;&#xA0;<div class=\"wprm-recipe-adjustable-servings-container wprm-recipe-adjustable-servings-5152-container wprm-toggle-container wprm-toggle-buttons-container wprm-block-text-normal\" style=\"--wprm-toggle-button-accent: #051d40;\"><button class=\"wprm-recipe-adjustable-servings wprm-toggle wprm-toggle-active\" data-multiplier=\"1\" data-servings=\"40\" data-recipe=\"5152\" aria-label=\"Adjust servings by 1x\">1x<\/button><button class=\"wprm-recipe-adjustable-servings wprm-toggle\" data-multiplier=\"2\" data-servings=\"40\" data-recipe=\"5152\" aria-label=\"Adjust servings by 2x\">2x<\/button><button class=\"wprm-recipe-adjustable-servings wprm-toggle\" data-multiplier=\"3\" data-servings=\"40\" data-recipe=\"5152\" aria-label=\"Adjust servings by 3x\">3x<\/button><\/div><\/h2><div class=\"wprm-recipe-ingredient-group\"><h3 class=\"wprm-recipe-group-name wprm-recipe-ingredient-group-name wprm-block-text-faded\">Zubereitung Teig:<\/h3><ul class=\"wprm-recipe-ingredients\"><li class=\"wprm-recipe-ingredient\" style=\"list-style-type: disc;\" data-uid=\"8\"><span class=\"wprm-recipe-ingredient-amount-unit\" style=\"flex-basis: 100px;\"><span class=\"wprm-recipe-ingredient-amount\">200<\/span> <span class=\"wprm-recipe-ingredient-unit\">g<\/span> <\/span> <span class=\"wprm-recipe-ingredient-name-notes\"><span class=\"wprm-recipe-ingredient-name\">Weizenmehl (Typ 405)<\/span><span class=\"wprm-recipe-ingredient-notes\"><\/span><\/span><\/li><li class=\"wprm-recipe-ingredient\" style=\"list-style-type: disc;\" data-uid=\"9\"><span class=\"wprm-recipe-ingredient-amount-unit\" style=\"flex-basis: 100px;\"><span class=\"wprm-recipe-ingredient-amount\">70 <\/span> <span class=\"wprm-recipe-ingredient-unit\">g<\/span> <\/span> <span class=\"wprm-recipe-ingredient-name-notes\"><span class=\"wprm-recipe-ingredient-name\">gemahlene N&#xFC;sse oder Mandeln<\/span><span class=\"wprm-recipe-ingredient-notes\"><\/span><\/span><\/li><li class=\"wprm-recipe-ingredient\" style=\"list-style-type: disc;\" data-uid=\"10\"><span class=\"wprm-recipe-ingredient-amount-unit\" style=\"flex-basis: 100px;\"><span class=\"wprm-recipe-ingredient-amount\">150<\/span> <span class=\"wprm-recipe-ingredient-unit\">g<\/span> <\/span> <span class=\"wprm-recipe-ingredient-name-notes\"><span class=\"wprm-recipe-ingredient-name\">kalte Butter<\/span><span class=\"wprm-recipe-ingredient-notes\"><\/span><\/span><\/li><li class=\"wprm-recipe-ingredient\" style=\"list-style-type: disc;\" data-uid=\"14\"><span class=\"wprm-recipe-ingredient-amount-unit\" style=\"flex-basis: 100px;\"><span class=\"wprm-recipe-ingredient-amount\">2<\/span> <\/span> <span class=\"wprm-recipe-ingredient-name-notes\"><span class=\"wprm-recipe-ingredient-name\">Eigelbe (Gr. M)<\/span><span class=\"wprm-recipe-ingredient-notes\"><\/span><\/span><\/li><li class=\"wprm-recipe-ingredient\" style=\"list-style-type: disc;\" data-uid=\"11\"><span class=\"wprm-recipe-ingredient-amount-unit\" style=\"flex-basis: 100px;\"><span class=\"wprm-recipe-ingredient-amount\">80<\/span> <span class=\"wprm-recipe-ingredient-unit\">g<\/span> <\/span> <span class=\"wprm-recipe-ingredient-name-notes\"><span class=\"wprm-recipe-ingredient-name\">Puderzucker<\/span><span class=\"wprm-recipe-ingredient-notes\"><\/span><\/span><\/li><li class=\"wprm-recipe-ingredient\" style=\"list-style-type: disc;\" data-uid=\"12\"><span class=\"wprm-recipe-ingredient-amount-unit\" style=\"flex-basis: 100px;\"><span class=\"wprm-recipe-ingredient-unit\">etwas<\/span> <\/span> <span class=\"wprm-recipe-ingredient-name-notes\"><span class=\"wprm-recipe-ingredient-name\">Vanilleschote<\/span><span class=\"wprm-recipe-ingredient-notes\"><\/span><\/span><\/li><li class=\"wprm-recipe-ingredient\" style=\"list-style-type: disc;\" data-uid=\"13\"><span class=\"wprm-recipe-ingredient-amount-unit\" style=\"flex-basis: 100px;\"><span class=\"wprm-recipe-ingredient-unit\">Prise <\/span> <\/span> <span class=\"wprm-recipe-ingredient-name-notes\"><span class=\"wprm-recipe-ingredient-name\">Salz<\/span><span class=\"wprm-recipe-ingredient-notes\"><\/span><\/span><\/li><\/ul><\/div><div class=\"wprm-recipe-ingredient-group\"><h3 class=\"wprm-recipe-group-name wprm-recipe-ingredient-group-name wprm-block-text-faded\">Zutaten Puderzuckermischung:<\/h3><ul class=\"wprm-recipe-ingredients\"><li class=\"wprm-recipe-ingredient\" style=\"list-style-type: disc;\" data-uid=\"16\"><span class=\"wprm-recipe-ingredient-amount-unit\" style=\"flex-basis: 100px;\"><span class=\"wprm-recipe-ingredient-amount\">80<\/span> <span class=\"wprm-recipe-ingredient-unit\">g<\/span> <\/span> <span class=\"wprm-recipe-ingredient-name-notes\"><span class=\"wprm-recipe-ingredient-name\">Puderzucker<\/span><span class=\"wprm-recipe-ingredient-notes\"><\/span><\/span><\/li><li class=\"wprm-recipe-ingredient\" style=\"list-style-type: disc;\" data-uid=\"17\"><span class=\"wprm-recipe-ingredient-amount-unit\" style=\"flex-basis: 100px;\"><span class=\"wprm-recipe-ingredient-amount\">1<\/span> <span class=\"wprm-recipe-ingredient-unit\">P<\/span> <\/span> <span class=\"wprm-recipe-ingredient-name-notes\"><span class=\"wprm-recipe-ingredient-name\">Bourbon-Vanillezucker<\/span><span class=\"wprm-recipe-ingredient-notes\"><\/span><\/span><\/li><\/ul><\/div><\/div>\n<div id=\"recipe-5152-instructions\" class=\"wprm-recipe-instructions-container wprm-recipe-5152-instructions-container wprm-block-text-normal\" data-recipe=\"5152\"><h2 class=\"wprm-recipe-header wprm-recipe-instructions-header wprm-block-text-uppercase wprm-align-left wprm-header-decoration-line wprm-header-has-actions\" style=\"\">Zubereitung<div class=\"wprm-decoration-line\" style=\"border-color: #e0e0e0;\"><\/div>&#xA0;<\/h2><div class=\"wprm-recipe-instruction-group\"><h4 class=\"wprm-recipe-group-name wprm-recipe-instruction-group-name wprm-block-text-bold\">Vorbereitung:<\/h4><ul class=\"wprm-recipe-instructions\"><li id=\"wprm-recipe-5152-step-0-0\" class=\"wprm-recipe-instruction\" style=\"list-style-type: decimal;\"><div class=\"wprm-recipe-instruction-text\" style=\"margin-bottom: 5px;\"><span style=\"display: block;\">Mehl, gemahlene N&#xFC;sse oder Mandeln und Puderzucker in einer Sch&#xFC;ssel mischen. Vanilleschote l&#xE4;ngs aufschneiden und das Mark herauskratzen. Salz, kalte Butter in kleinen W&#xFC;rfeln und die Eigelbe zugeben. Alles mit den H&#xE4;nden rasch zu einem glatten M&#xFC;rbeteig verkneten. <\/span><\/div><div class=\"wprm-recipe-instruction-ingredients wprm-recipe-instruction-ingredients-inline wprm-block-text-faded\" style=\"margin-top: -5px; margin-bottom: 5px;\"><span class=\"wprm-recipe-instruction-ingredient wprm-recipe-instruction-ingredient-5152-8\" data-separator=\" \/\" data-both-units=\"0\" style=\"margin-bottom: 5px;\">200 g Weizenmehl (Typ 405) \/<\/span><span class=\"wprm-recipe-instruction-ingredient wprm-recipe-instruction-ingredient-5152-9\" data-separator=\" \/\" data-both-units=\"0\" style=\"margin-bottom: 5px;\">70  g gemahlene N&#xFC;sse oder Mandeln \/<\/span><span class=\"wprm-recipe-instruction-ingredient wprm-recipe-instruction-ingredient-5152-10\" data-separator=\" \/\" data-both-units=\"0\" style=\"margin-bottom: 5px;\">150 g kalte Butter \/<\/span><span class=\"wprm-recipe-instruction-ingredient wprm-recipe-instruction-ingredient-5152-11\" data-separator=\" \/\" data-both-units=\"0\" style=\"margin-bottom: 5px;\">80 g Puderzucker \/<\/span><span class=\"wprm-recipe-instruction-ingredient wprm-recipe-instruction-ingredient-5152-12\" data-separator=\" \/\" data-both-units=\"0\" style=\"margin-bottom: 5px;\">etwas Vanilleschote \/<\/span><span class=\"wprm-recipe-instruction-ingredient wprm-recipe-instruction-ingredient-5152-13\" data-separator=\" \/\" data-both-units=\"0\" style=\"margin-bottom: 5px;\">Prise  Salz \/<\/span><span class=\"wprm-recipe-instruction-ingredient wprm-recipe-instruction-ingredient-5152-14\" data-separator=\"\" data-both-units=\"0\" style=\"margin-bottom: 5px;\">2 Eigelbe (Gr. M)<\/span><\/div><\/li><li id=\"wprm-recipe-5152-step-0-1\" class=\"wprm-recipe-instruction\" style=\"list-style-type: decimal;\"><div class=\"wprm-recipe-instruction-text\" style=\"margin-bottom: 5px;\"><span style=\"display: block;\">Den Teig in Folie gewickelt f&#xFC;r 1 Stunde im K&#xFC;hlschrank kaltstellen.<\/span><\/div><\/li><li id=\"wprm-recipe-5152-step-0-2\" class=\"wprm-recipe-instruction\" style=\"list-style-type: decimal;\"><div class=\"wprm-recipe-instruction-text\" style=\"margin-bottom: 5px;\"><span style=\"display: block;\">Den Backofen auf 180 Grad Ober-\/Unterhitze (Umluft: 160 Grad) vorheizen.<\/span><\/div><\/li><\/ul><\/div><div class=\"wprm-recipe-instruction-group\"><h4 class=\"wprm-recipe-group-name wprm-recipe-instruction-group-name wprm-block-text-bold\">Zubereitung:<\/h4><ul class=\"wprm-recipe-instructions\"><li id=\"wprm-recipe-5152-step-1-0\" class=\"wprm-recipe-instruction\" style=\"list-style-type: decimal;\"><div class=\"wprm-recipe-instruction-text\" style=\"margin-bottom: 5px;\"><span style=\"display: block;\">Backbleche vorbereiten; idealerweise verwendest du unser Premium Guss Backblech, das kein Backpapier ben&#xF6;tigt.<\/span><\/div><\/li><li id=\"wprm-recipe-5152-step-1-1\" class=\"wprm-recipe-instruction\" style=\"list-style-type: decimal;\"><div class=\"wprm-recipe-instruction-text\" style=\"margin-bottom: 5px;\"><span style=\"display: block;\">Den Teig in 4 gleich gro&#xDF;e Teile teilen. Immer nur eine Portion des Teiges aus dem K&#xFC;hlschrank nehmen, damit er k&#xFC;hl bleibt. Aus jeweils walnussgro&#xDF;en St&#xFC;cken kleine H&#xF6;rnchen formen und mit etwas Abstand auf das Blech legen.<\/span><\/div><\/li><li id=\"wprm-recipe-5152-step-1-2\" class=\"wprm-recipe-instruction\" style=\"list-style-type: decimal;\"><div class=\"wprm-recipe-instruction-text\" style=\"margin-bottom: 5px;\"><span style=\"display: block;\">Die Kipferl im vorgeheizten Backofen f&#xFC;r ca. <strong>8 Minuten<\/strong> backen, bis sie hellgelb sind. W&#xE4;hrenddessen den restlichen Puderzucker mit dem Bourbon-Vanillezucker in einer flachen Schale vermischen.<\/span><\/div><div class=\"wprm-recipe-instruction-ingredients wprm-recipe-instruction-ingredients-inline wprm-block-text-faded\" style=\"margin-top: -5px; margin-bottom: 5px;\"><span class=\"wprm-recipe-instruction-ingredient wprm-recipe-instruction-ingredient-5152-16\" data-separator=\" \/\" data-both-units=\"0\" style=\"margin-bottom: 5px;\">80 g Puderzucker \/<\/span><span class=\"wprm-recipe-instruction-ingredient wprm-recipe-instruction-ingredient-5152-17\" data-separator=\"\" data-both-units=\"0\" style=\"margin-bottom: 5px;\">1 P Bourbon-Vanillezucker<\/span><\/div><\/li><\/ul><\/div><div class=\"wprm-recipe-instruction-group\"><h4 class=\"wprm-recipe-group-name wprm-recipe-instruction-group-name wprm-block-text-bold\">Anrichten und Servieren:<\/h4><ul class=\"wprm-recipe-instructions\"><li id=\"wprm-recipe-5152-step-2-0\" class=\"wprm-recipe-instruction\" style=\"list-style-type: decimal;\"><div class=\"wprm-recipe-instruction-text\" style=\"margin-bottom: 5px;\"><span style=\"display: block;\">Die Vanillekipferl direkt nach dem Backen, solange sie noch hei&#xDF; und zerbrechlich sind, vorsichtig in der Puderzucker-Vanille-Mischung w&#xE4;lzen.<\/span><\/div><\/li><li id=\"wprm-recipe-5152-step-2-1\" class=\"wprm-recipe-instruction\" style=\"list-style-type: decimal;\"><div class=\"wprm-recipe-instruction-text\" style=\"margin-bottom: 5px;\"><span style=\"display: block;\">Anschlie&#xDF;end auf einem Kuchengitter komplett erkalten lassen, bevor sie auf einem weihnachtlichen Teller angerichtet oder in Dosen verpackt werden.<\/span><\/div><\/li><\/ul><\/div><\/div>\n<div class=\"wprm-spacer\"><\/div>\n<a href=\"#commentform\" data-modal-uid=\"user-rating\" data-recipe=\"5152\" style=\"color: #ffffff;background-color: #051d40;border-color: #051d40;border-radius: 0px;padding: 5px 5px;\" class=\"wprm-recipe-user-ratings-modal wprm-recipe-link wprm-block-text-normal wprm-recipe-user-ratings-modal-wide-button wprm-recipe-link-wide-button wprm-color-accent\"><span class=\"wprm-recipe-icon wprm-recipe-user-ratings-modal-icon\"><svg xmlns=\"http:\/\/www.w3.org\/2000\/svg\" xmlns:xlink=\"http:\/\/www.w3.org\/1999\/xlink\" x=\"0px\" y=\"0px\" width=\"16px\" height=\"16px\" viewbox=\"0 0 24 24\"><g><path fill=\"#ffffff\" d=\"M12.712,1.942l2.969,6.015l6.638,0.965c0.651,0.095,0.911,0.895,0.44,1.354l-4.804,4.682l1.134,6.612c0.111,0.649-0.57,1.143-1.152,0.837L12,19.286l-5.938,3.122C5.48,22.714,4.799,22.219,4.91,21.57l1.134-6.612l-4.804-4.682c-0.471-0.459-0.211-1.26,0.44-1.354l6.638-0.965l2.969-6.015C11.579,1.352,12.421,1.352,12.712,1.942z\"><\/path><\/g><\/svg><\/span> Bewerten &amp; Kommentieren<\/a>\n<a href=\"https:\/\/www.harecker.de\/blog\/wprm_print\/klassische-vanillekipferl-zartes-weihnachtsgebaeck-nach-omas-art\" style=\"color: #ffffff;background-color: #051d40;border-color: #051d40;border-radius: 0px;padding: 5px 5px;\" class=\"wprm-recipe-print wprm-recipe-link wprm-print-recipe-shortcode wprm-block-text-normal wprm-recipe-print-wide-button wprm-recipe-link-wide-button wprm-color-accent\" data-recipe-id=\"5152\" data-template=\"\" target=\"_blank\" rel=\"nofollow\"><span class=\"wprm-recipe-icon wprm-recipe-print-icon\"><svg width=\"16px\" height=\"16px\" viewbox=\"0 0 24 24\" version=\"1.1\" xmlns=\"http:\/\/www.w3.org\/2000\/svg\" xmlns:xlink=\"http:\/\/www.w3.org\/1999\/xlink\"><g stroke=\"none\" stroke-width=\"1\" fill=\"none\" fill-rule=\"evenodd\"><g fill=\"#ffffff\"><g><path d=\"M17.5454,0.0005 C18.2904,0.0005 18.9004,0.6105 18.9004,1.3565 L18.9004,1.3565 L18.9004,4.9445 L21.9904,4.9445 C23.0954,4.9445 24.0004,5.8485 24.0004,6.9535 L24.0004,6.9535 L24.0004,17.2415 C24.0004,18.3465 23.0954,19.2505 21.9904,19.2505 L21.9904,19.2505 L19.8414,19.2505 L19.8414,22.2795 C19.8414,23.1725 19.1104,23.9035 18.2174,23.9035 L18.2174,23.9035 L5.7834,23.9035 C4.8894,23.9035 4.1594,23.1725 4.1594,22.2795 L4.1594,22.2795 L4.1594,19.2505 L2.0104,19.2505 C0.9044,19.2505 0.0004,18.3465 0.0004,17.2415 L0.0004,17.2415 L0.0004,6.9535 C0.0004,5.8485 0.9044,4.9445 2.0104,4.9445 L2.0104,4.9445 L5.0984,4.9445 L5.0984,1.3565 C5.0984,0.6105 5.7094,0.0005 6.4554,0.0005 L6.4554,0.0005 Z M17.8414,15.5975 L6.1594,15.5975 L6.1594,21.9035 L17.8414,21.9035 L17.8414,15.5975 Z M21.9904,6.9445 L2.0104,6.9445 L2.0004,17.2415 L4.1594,17.2425 L4.1594,15.2215 C4.1594,14.3285 4.8894,13.5975 5.7834,13.5975 L5.7834,13.5975 L18.2174,13.5975 C19.1104,13.5975 19.8414,14.3285 19.8414,15.2215 L19.8414,15.2215 L19.8414,17.2495 L21.9904,17.2505 L22.0004,6.9535 L21.9904,6.9445 Z M6.1632,9.1318 C6.7902,9.1318 7.2992,9.6408 7.2992,10.2678 C7.2992,10.8948 6.7902,11.4028 6.1632,11.4028 L6.1632,11.4028 L5.0992,11.4028 C4.4722,11.4028 3.9632,10.8948 3.9632,10.2678 C3.9632,9.6408 4.4722,9.1318 5.0992,9.1318 L5.0992,9.1318 Z M16.6304,2.2715 L7.3704,2.2715 L7.3704,4.6845 L16.6304,4.6845 L16.6304,2.2715 Z\"><\/path><\/g><\/g><\/g><\/svg><\/span> Drucken<\/a>\n\n<div id=\"recipe-5152-notes\" class=\"wprm-recipe-notes-container wprm-block-text-normal\"><h3 class=\"wprm-recipe-header wprm-recipe-notes-header wprm-block-text-uppercase wprm-align-left wprm-header-decoration-line\" style=\"\">Notizen<div class=\"wprm-decoration-line\" style=\"border-color: #e0e0e0;\"><\/div><\/h3><div class=\"wprm-recipe-notes\"><span style=\"display: block;\">Wer den intensiven Geschmack von Pistazien bevorzugt, kann diese anstelle von gemahlenen N&#xFC;ssen oder Mandeln zu verwenden.<\/span><\/div><\/div>\n<div id=\"recipe-5152-nutrition\" class=\"wprm-nutrition-label-shortcode-container\"><h3 class=\"wprm-recipe-header wprm-recipe-nutrition-header wprm-block-text-uppercase wprm-align-left wprm-header-decoration-line\" style=\"\">N&#xE4;hrwerte<div class=\"wprm-decoration-line\" style=\"border-color: #e0e0e0;\"><\/div><\/h3><div class=\"wprm-nutrition-label-container wprm-nutrition-label-container-grouped wprm-block-text-normal wprm-nutrition-label-container-grouped-text\" style=\"text-align: left;column-gap: 10px;\"><span class=\"wprm-nutrition-label-text-nutrition-container wprm-nutrition-label-text-nutrition-container-serving_size\" style=\"flex-basis: 175px;\"><span class=\"wprm-nutrition-label-text-nutrition-label  wprm-block-text-faded\" style=\"color: #333333\">Serving: <\/span><span class=\"wprm-nutrition-label-text-nutrition-value\" style=\"color: #333333\">1<\/span><span class=\"wprm-nutrition-label-text-nutrition-unit\" style=\"color: #333333\">St&#xFC;ck<\/span><\/span><span class=\"wprm-nutrition-label-text-nutrition-container wprm-nutrition-label-text-nutrition-container-calories\" style=\"flex-basis: 175px;\"><span class=\"wprm-nutrition-label-text-nutrition-label  wprm-block-text-faded\" style=\"color: #333333\">Calories: <\/span><span class=\"wprm-nutrition-label-text-nutrition-value\" style=\"color: #333333\">75<\/span><span class=\"wprm-nutrition-label-text-nutrition-unit\" style=\"color: #333333\">kcal<\/span><\/span><span class=\"wprm-nutrition-label-text-nutrition-container wprm-nutrition-label-text-nutrition-container-carbohydrates\" style=\"flex-basis: 175px;\"><span class=\"wprm-nutrition-label-text-nutrition-label  wprm-block-text-faded\" style=\"color: #333333\">Carbohydrates: <\/span><span class=\"wprm-nutrition-label-text-nutrition-value\" style=\"color: #333333\">8<\/span><span class=\"wprm-nutrition-label-text-nutrition-unit\" style=\"color: #333333\">g<\/span><\/span><span class=\"wprm-nutrition-label-text-nutrition-container wprm-nutrition-label-text-nutrition-container-protein\" style=\"flex-basis: 175px;\"><span class=\"wprm-nutrition-label-text-nutrition-label  wprm-block-text-faded\" style=\"color: #333333\">Protein: <\/span><span class=\"wprm-nutrition-label-text-nutrition-value\" style=\"color: #333333\">1<\/span><span class=\"wprm-nutrition-label-text-nutrition-unit\" style=\"color: #333333\">g<\/span><\/span><span class=\"wprm-nutrition-label-text-nutrition-container wprm-nutrition-label-text-nutrition-container-fat\" style=\"flex-basis: 175px;\"><span class=\"wprm-nutrition-label-text-nutrition-label  wprm-block-text-faded\" style=\"color: #333333\">Fat: <\/span><span class=\"wprm-nutrition-label-text-nutrition-value\" style=\"color: #333333\">4.5<\/span><span class=\"wprm-nutrition-label-text-nutrition-unit\" style=\"color: #333333\">g<\/span><\/span><span class=\"wprm-nutrition-label-text-nutrition-container wprm-nutrition-label-text-nutrition-container-sugar\" style=\"flex-basis: 175px;\"><span class=\"wprm-nutrition-label-text-nutrition-label  wprm-block-text-faded\" style=\"color: #333333\">Sugar: <\/span><span class=\"wprm-nutrition-label-text-nutrition-value\" style=\"color: #333333\">4<\/span><span class=\"wprm-nutrition-label-text-nutrition-unit\" style=\"color: #333333\">g<\/span><\/span><\/div><\/div>\n<div class=\"wprm-spacer\" style=\"height: 20px;\"><\/div>\n<div class=\"wprm-icon-shortcode wprm-icon-shortcode-separate wprm-align-center wprm-icon-decoration-line\" style=\"font-size: 24px;height: 24px;\"><div class=\"wprm-decoration-line\" style=\"border-color: #e0e0e0;\"><\/div><span class=\"wprm-recipe-icon\" aria-hidden=\"true\"><svg width=\"16px\" height=\"16px\" viewbox=\"0 0 24 24\" version=\"1.1\" xmlns=\"http:\/\/www.w3.org\/2000\/svg\" xmlns:xlink=\"http:\/\/www.w3.org\/1999\/xlink\"><g id=\"Icons\" stroke=\"none\" stroke-width=\"1\" fill=\"none\" fill-rule=\"evenodd\"><g fill=\"#9e9e9e\"><path d=\"M9.0039,16.0079 C5.1419,16.0079 1.9999,12.8659 1.9999,9.0039 C1.9999,5.1419 5.1419,1.9999 9.0039,1.9999 C12.8659,1.9999 16.0079,5.1419 16.0079,9.0039 C16.0079,12.8659 12.8659,16.0079 9.0039,16.0079 M23.6209,22.2069 L16.1439,14.7299 C16.1059,14.6919 16.0579,14.6759 16.0159,14.6449 C17.2599,13.1009 18.0079,11.1409 18.0079,9.0039 C18.0079,4.0309 13.9769,-0.0001 9.0039,-0.0001 C4.0309,-0.0001 -0.0001,4.0309 -0.0001,9.0039 C-0.0001,13.9769 4.0309,18.0079 9.0039,18.0079 C11.1409,18.0079 13.1009,17.2599 14.6449,16.0169 C14.6749,16.0579 14.6919,16.1059 14.7299,16.1439 L22.2069,23.6209 C22.4019,23.8169 22.6579,23.9139 22.9139,23.9139 C23.1699,23.9139 23.4259,23.8169 23.6209,23.6209 C24.0119,23.2309 24.0119,22.5979 23.6209,22.2069\"><\/path><\/g><\/g><\/svg><\/span> <div class=\"wprm-decoration-line\" style=\"border-color: #e0e0e0;\"><\/div><\/div>\n<div class=\"wprm-recipe-meta-container wprm-recipe-custom-container wprm-recipe-details-container wprm-recipe-details-container-table wprm-block-text-normal wprm-recipe-table-borders-none wprm-recipe-table-borders-inside\" style=\"border-width: 0;border-style: dotted;border-color: #666666;\"><div class=\"wprm-recipe-block-container wprm-recipe-block-container-table wprm-block-text-normal wprm-recipe-tag-container wprm-recipe-keyword-container\" style=\"border-width: 0;border-style: dotted;border-color: #666666;\"><span class=\"wprm-recipe-details-label wprm-block-text-uppercase-faded wprm-recipe-tag-label wprm-recipe-keyword-label\">Keyword <\/span><span class=\"wprm-recipe-keyword wprm-block-text-normal\">backen, Harecker Backblech, Haseln&#xFC;sse, K&#xE4;se-Pl&#xE4;tzchen, Kipferl, Klassiker, Mandeln, M&#xFC;rbeteig, Vanillekipferl, Weihnachtsgeb&#xE4;ck<\/span><\/div><\/div>\n<div class=\"wprm-spacer\"><\/div>\n\n<a href=\"https:\/\/www.harecker.de\/\" target=\"_blank\" class=\"wprm-link wprm-recipe-link wprm-block-text-bold wprm-recipe-link-wide-button wprm-color-accent\" rel=\"nofollow\" style=\"color: #ffffff;background-color: #051d40;border-color: #051d40;border-radius: 0px;padding: 20px 5px;\"><span class=\"wprm-recipe-icon wprm-recipe-link-icon\"><svg xmlns=\"http:\/\/www.w3.org\/2000\/svg\" width=\"16\" height=\"16\" viewbox=\"0 0 16 16\"><g class=\"nc-icon-wrapper\" stroke-width=\"1\" fill=\"none\" stroke=\"#ffffff\" stroke-miterlimit=\"10\" stroke-linecap=\"round\" stroke-linejoin=\"round\"><polyline points=\"0.5,0.5 3.5,0.5 3.5,9.5 13.5,9.5 15.5,2.5 6.5,2.5 \" data-cap=\"butt\"><\/polyline> <circle cx=\"4\" cy=\"14\" r=\"1.5\" data-cap=\"butt\" stroke=\"#ffffff\"><\/circle> <circle cx=\"13\" cy=\"14\" r=\"1.5\" data-cap=\"butt\" stroke=\"#ffffff\"><\/circle><\/g><\/svg><\/span> Harecker Shop<\/a><\/div><\/div>\n\n\n<h2 class=\"wp-block-heading has-text-align-center\" id=\"h-entdecke-weitere-rezepte-genau-so-gut\"><strong>Entdecke weitere Rezepte &#x2013; genau so gut!<\/strong><\/h2>\n\n\n\n<div class=\"wp-block-media-text is-stacked-on-mobile\" style=\"grid-template-columns:19% auto\"><figure class=\"wp-block-media-text__media\"><img loading=\"lazy\" decoding=\"async\" width=\"524\" height=\"640\" src=\"https:\/\/www.harecker.de\/blog\/wp-content\/uploads\/2024\/11\/Crunchy-Nut-Cockies.jpg\" alt=\"Crunchy Nut Cockies mit Cranberries zum Genie&#xDF;en\" class=\"wp-image-24118 size-full\" srcset=\"https:\/\/www.harecker.de\/blog\/wp-content\/uploads\/2024\/11\/Crunchy-Nut-Cockies.jpg 524w, https:\/\/www.harecker.de\/blog\/wp-content\/uploads\/2024\/11\/Crunchy-Nut-Cockies-287x350.jpg 287w, https:\/\/www.harecker.de\/blog\/wp-content\/uploads\/2024\/11\/Crunchy-Nut-Cockies-250x305.jpg 250w\" sizes=\"auto, (max-width: 524px) 100vw, 524px\"\/><\/figure><div class=\"wp-block-media-text__content\">\n<p><strong><a href=\"https:\/\/www.harecker.de\/blog\/crunchy-nut-cookies\/\">Crunchy Nut Cookies<\/a><\/strong><\/p>\n<\/div><\/div>\n\n\n\n<p><\/p>\n\n\n\n<div class=\"wp-block-media-text is-stacked-on-mobile\" style=\"grid-template-columns:19% auto\"><figure class=\"wp-block-media-text__media\"><img loading=\"lazy\" decoding=\"async\" width=\"495\" height=\"640\" src=\"https:\/\/www.harecker.de\/blog\/wp-content\/uploads\/2024\/10\/Toffee-Busserl.jpg\" alt=\"Toffee-Busserl mit leckeren Sahne-Toffees als leckeres Weihnachtsgeb&#xE4;ck\" class=\"wp-image-24103 size-full\" srcset=\"https:\/\/www.harecker.de\/blog\/wp-content\/uploads\/2024\/10\/Toffee-Busserl.jpg 495w, https:\/\/www.harecker.de\/blog\/wp-content\/uploads\/2024\/10\/Toffee-Busserl-271x350.jpg 271w, https:\/\/www.harecker.de\/blog\/wp-content\/uploads\/2024\/10\/Toffee-Busserl-250x323.jpg 250w\" sizes=\"auto, (max-width: 495px) 100vw, 495px\"\/><\/figure><div class=\"wp-block-media-text__content\">\n<p><strong><a href=\"http:\/\/Toffee-Busserl\">Toffee-Busserl<\/a><\/strong><\/p>\n<\/div><\/div>\n\n\n\n<p><\/p>\n\n\n\n<div class=\"wp-block-media-text is-stacked-on-mobile\" style=\"grid-template-columns:19% auto\"><figure class=\"wp-block-media-text__media\"><img loading=\"lazy\" decoding=\"async\" width=\"640\" height=\"640\" src=\"https:\/\/www.harecker.de\/blog\/wp-content\/uploads\/2024\/10\/Dattel-Nuss-Roellchen.jpg\" alt=\"Dattel-Nuss-R&#xF6;llchen f&#xFC;r Weihnachten auf einem schwarzen Teller dekoriert.\" class=\"wp-image-23927 size-full\" srcset=\"https:\/\/www.harecker.de\/blog\/wp-content\/uploads\/2024\/10\/Dattel-Nuss-Roellchen.jpg 640w, https:\/\/www.harecker.de\/blog\/wp-content\/uploads\/2024\/10\/Dattel-Nuss-Roellchen-350x350.jpg 350w, https:\/\/www.harecker.de\/blog\/wp-content\/uploads\/2024\/10\/Dattel-Nuss-Roellchen-240x240.jpg 240w, https:\/\/www.harecker.de\/blog\/wp-content\/uploads\/2024\/10\/Dattel-Nuss-Roellchen-150x150.jpg 150w, https:\/\/www.harecker.de\/blog\/wp-content\/uploads\/2024\/10\/Dattel-Nuss-Roellchen-500x500.jpg 500w, https:\/\/www.harecker.de\/blog\/wp-content\/uploads\/2024\/10\/Dattel-Nuss-Roellchen-250x250.jpg 250w\" sizes=\"auto, (max-width: 640px) 100vw, 640px\"\/><\/figure><div class=\"wp-block-media-text__content\">\n<p><strong><a href=\"https:\/\/www.harecker.de\/blog\/dattel-nuss-roellchen\/\">Dattel-Nuss-R&#xF6;llchen<\/a><\/strong><\/p>\n<\/div><\/div>\n\n\n\n<hr class=\"wp-block-separator has-alpha-channel-opacity\">\n\n\n\n<h2 class=\"wp-block-heading\" id=\"h-tradition-die-auf-der-zunge-zergeht\"><strong>Tradition, die auf der Zunge zergeht<\/strong><\/h2>\n\n\n\n<p>Wenn die erste Kerze brennt und die Abende l&#xE4;nger werden, zieht ein ganz bestimmter Zauber in unsere K&#xFC;chen ein. Es ist die Zeit, in der wir uns auf das Wesentliche besinnen und die Klassiker hervorholen, die schon unsere Kindheit vers&#xFC;&#xDF;t haben. Vanillekipferl sind dabei weit mehr als nur einfaches Geb&#xE4;ck, da sie mit ihrer m&#xFC;rben Textur und dem feinen Puderzuckerregen pure Nostalgie auf den Teller zaubern. Weil diese kleinen H&#xF6;rnchen so herrlich zart sind, geh&#xF6;ren sie unangefochten zu den Stars jeder weihnachtlichen Kaffeetafel.<\/p>\n\n\n\n<h2 class=\"wp-block-heading\" id=\"h-das-geheimnis-fur-perfekten-murbeteig\"><strong>Das Geheimnis f&#xFC;r perfekten M&#xFC;rbeteig<\/strong><\/h2>\n\n\n\n<p>Damit deine Kipferl diese unvergleichliche Konsistenz erhalten, spielt die Geduld eine entscheidende Rolle. Du solltest dem Teig unbedingt seine wohlverdiente Ruhepause im K&#xFC;hlschrank g&#xF6;nnen, damit sich die Aromen voll entfalten k&#xF6;nnen und die Butter wieder fest wird. Da der Teig durch die W&#xE4;rme deiner H&#xE4;nde schnell weich wird, arbeitest du am besten z&#xFC;gig und nimmst immer nur kleine Portionen aus der K&#xFC;hlung. Wenn du beim Formen darauf achtest, dass die Enden nicht zu spitz zulaufen, verhinderst du zudem, dass diese im Ofen zu dunkel werden.<\/p>\n\n\n\n<h2 class=\"wp-block-heading\" id=\"h-backen-wie-die-profis-mit-harecker\"><strong>Backen wie die Profis mit Harecker<\/strong><\/h2>\n\n\n\n<p>Obwohl das Formen der kleinen Sicheln Handarbeit ist, kannst du dir das Backen durch die richtige Ausstattung erheblich erleichtern. Mit unserem <strong><a href=\"https:\/\/www.harecker.de\/Guss-Backblech\">Premium Guss Backblech<\/a> <\/strong>wird jedes Pl&#xE4;tzchen zu einem kleinen Meisterwerk, weil die Hitze absolut gleichm&#xE4;&#xDF;ig an den Teig abgegeben wird. Da die hochwertige <a class=\"glossaryLink\" href=\"https:\/\/www.harecker.de\/blog\/glossary\/antihaftbeschichtung\/\" data-gt-translate-attributes='[{\"attribute\":\"data-cmtooltip\", \"format\":\"html\"}]' tabindex=\"0\" role=\"link\">Antihaftbeschichtung<\/a> ein Ankleben verhindert, kannst du komplett auf Backpapier verzichten und schonst ganz nebenbei die Umwelt. Die Kipferl gleiten nach dem Backen fast wie von selbst vom Blech, was besonders bei diesem zerbrechlichen Geb&#xE4;ck ein riesiger Vorteil ist.<\/p>\n\n\n\n<h2 class=\"wp-block-heading\" id=\"h-der-finale-puderzuckerzauber\"><strong>Der finale Puderzuckerzauber<\/strong><\/h2>\n\n\n\n<p>Sobald die Kipferl den Ofen verlassen, beginnt der wichtigste Moment f&#xFC;r den perfekten Geschmack. Da die Pl&#xE4;tzchen den Vanillezucker nur im hei&#xDF;en Zustand so richtig gut annehmen, musst du sie vorsichtig w&#xE4;lzen, solange sie noch dampfen. Indem du echte Bourbon-Vanille verwendest, verleihst du deinem Geb&#xE4;ck eine edle Note, die sich deutlich von industrieller Ware abhebt. Wenn du die fertigen Kunstwerke dann auf einem festlichen Teller anrichtest, ist die Vorfreude auf das erste Probieren garantiert riesig.<\/p>\n\n\n\n<hr class=\"wp-block-separator has-alpha-channel-opacity\">\n\n\n\n<p><\/p>\n\n\n\n<p>Verpasse keine <strong>neuen Rezepte<\/strong> und Angebote bei Pfannen Harecker! Mit dem Newsletter und der<a href=\"https:\/\/www.harecker.de\/blog\/schmankerlpost-verpasst\/\"> Schmankerlpost<\/a> von Pfannen Harecker bleibst du immer informiert! Du erh&#xE4;ltst <strong>jeden Donnerstag unsere Schmankerlpost mit neuen Rezepten &amp; Tipps<\/strong> rund um&#xB4;s Kochen.<br>Anmelden &amp; nichts mehr verpassen:<\/p>\n\n\n<div style=\"\n    background:#051d40;\n    padding:30px;\n    border-radius:15px;\n    text-align:center;\n    color:white;\n    font-family:Arial, sans-serif;\n    max-width:600px;\n    margin:0 auto;\n\">\n    <h2 style=\"color:white; margin-top:0;\">\n        Werde Teil der Harecker Community! &#x1F499;\n    <\/h2>\n\n    <p style=\"color:white; font-size:16px; line-height:1.5;\">\n        &#128073; Melde dich hier f&uuml;r unsere Schmankerlpost &amp; Newsletter an,\n        um keine Rezepte oder Angebote mehr zu verpassen.\n    <\/p>\n\n    <a href=\"https:\/\/t06a3949a.emailsys1a.net\/58\/8585\/3e7d016769\/subscribe\/form.html?_g=1764611427\" style=\"\n           display:inline-block;\n           background:#277dc1;\n           color:white;\n           padding:14px 28px;\n           border-radius:8px;\n           text-decoration:none;\n           font-size:18px;\n           font-weight:bold;\n           margin-top:15px;\n       \">\n        Jetzt anmelden\n    <\/a>\n<\/div>\n\n\n\n<hr class=\"wp-block-separator has-alpha-channel-opacity\">\n\n\n\n<p><strong>Das Pfannen Harecker Team w&#xFC;nscht viel Spa&#xDF; beim Backen und Genie&#xDF;en!<\/strong><\/p>\n","protected":false},"excerpt":{"rendered":"<p>Der Duft von Weihnachten auf deinem Teller Schlie&#xDF;e die Augen und stell dir den Duft von echter Vanille, feiner Butter und ger&#xF6;steten N&#xFC;ssen vor. Genau dieser Duft zieht durch deine K&#xFC;che, wenn du diese klassischen Vanillekipferl backst. Sie sind das Herzst&#xFC;ck eines jeden Weihnachtstellers &#x2013; zart, m&#xFC;rbe und einfach unwiderstehlich. DAS PASST DAZU Koch- und&#x2026;<\/p>\n<p><a class=\"read-more\" href=\"https:\/\/www.harecker.de\/blog\/vanillekipferl\/\">&#xBB; Weiterlesen<\/a><\/p>\n","protected":false},"author":4,"featured_media":30946,"comment_status":"open","ping_status":"open","sticky":false,"template":"","format":"standard","meta":{"_acf_changed":false,"wprm-recipe-roundup-name":"","wprm-recipe-roundup-description":"","_jetpack_memberships_contains_paid_content":false,"footnotes":""},"categories":[3095],"tags":[12554,12202,12555,12557,12558,6639,12556],"class_list":["post-5150","post","type-post","status-publish","format-standard","has-post-thumbnail","hentry","category-plaetzchen-rezepte-nachbacken-und-geniessen","tag-beste-vanillekipferl","tag-harecker-backblech-rezepte","tag-kipferl-mit-mandeln","tag-plaetzchen-backen-weihnachten","tag-traditionelles-weihnachtsgebaeck","tag-vanillekipferl","tag-weihnachtsgebaeck-muerbeteig"],"acf":[],"yoast_head":"<!-- This site is optimized with the Yoast SEO Premium plugin v27.4 (Yoast SEO v27.5) - https:\/\/yoast.com\/product\/yoast-seo-premium-wordpress\/ -->\n<title>Klassische Vanillekipferl \u2013 Zartes Weihnachtsgeb\u00e4ck nach Oma&#039;s Art - Die Pfanne von harecker.de<\/title>\n<meta name=\"description\" content=\"Vanillekipferl sind eine k\u00f6stliche Bereicherung f\u00fcr die Weihnachtsb\u00e4ckerei \u2013 schnell und einfach zubereitet und beliebt bei Gro\u00df und Klein.\" \/>\n<meta name=\"robots\" content=\"index, follow, max-snippet:-1, max-image-preview:large, max-video-preview:-1\" \/>\n<link rel=\"canonical\" href=\"https:\/\/www.harecker.de\/blog\/vanillekipferl\/\" \/>\n<meta property=\"og:locale\" content=\"de_DE\" \/>\n<meta property=\"og:type\" content=\"article\" \/>\n<meta property=\"og:title\" content=\"Klassische Vanillekipferl \u2013 Zartes Weihnachtsgeb\u00e4ck nach Oma&#039;s Art\" \/>\n<meta property=\"og:description\" content=\"Der Duft von Weihnachten auf deinem Teller Schlie\u00dfe die Augen und stell dir den Duft von echter Vanille, feiner Butter und ger\u00f6steten N\u00fcssen vor. Genau\" \/>\n<meta property=\"og:url\" content=\"https:\/\/www.harecker.de\/blog\/vanillekipferl\/\" \/>\n<meta property=\"og:site_name\" content=\"Die Pfanne von harecker.de\" \/>\n<meta property=\"article:publisher\" content=\"https:\/\/de-de.facebook.com\/harecker.pfannen\/\" \/>\n<meta property=\"article:published_time\" content=\"2018-05-03T11:39:46+00:00\" \/>\n<meta property=\"article:modified_time\" content=\"2025-12-18T16:46:17+00:00\" \/>\n<meta property=\"og:image\" content=\"https:\/\/www.harecker.de\/blog\/wp-content\/uploads\/2025\/12\/Vanille.png\" \/>\n\t<meta property=\"og:image:width\" content=\"500\" \/>\n\t<meta property=\"og:image:height\" content=\"500\" \/>\n\t<meta property=\"og:image:type\" content=\"image\/png\" \/>\n<meta name=\"author\" content=\"mh-harecker\" \/>\n<meta name=\"twitter:card\" content=\"summary_large_image\" \/>\n<meta name=\"twitter:label1\" content=\"Verfasst von\" \/>\n\t<meta name=\"twitter:data1\" content=\"mh-harecker\" \/>\n\t<meta name=\"twitter:label2\" content=\"Gesch\u00e4tzte Lesezeit\" \/>\n\t<meta name=\"twitter:data2\" content=\"6\u00a0Minuten\" \/>\n<script type=\"application\/ld+json\" class=\"yoast-schema-graph\">{\"@context\":\"https:\\\/\\\/schema.org\",\"@graph\":[{\"@type\":\"Article\",\"@id\":\"https:\\\/\\\/www.harecker.de\\\/blog\\\/vanillekipferl\\\/#article\",\"isPartOf\":{\"@id\":\"https:\\\/\\\/www.harecker.de\\\/blog\\\/vanillekipferl\\\/\"},\"author\":{\"name\":\"mh-harecker\",\"@id\":\"https:\\\/\\\/www.harecker.de\\\/blog\\\/#\\\/schema\\\/person\\\/ce2b60f264322f360f6d34bdfa390cbc\"},\"headline\":\"Klassische Vanillekipferl \u2013 Zartes Weihnachtsgeb\u00e4ck nach Oma&#8217;s Art\",\"datePublished\":\"2018-05-03T11:39:46+00:00\",\"dateModified\":\"2025-12-18T16:46:17+00:00\",\"mainEntityOfPage\":{\"@id\":\"https:\\\/\\\/www.harecker.de\\\/blog\\\/vanillekipferl\\\/\"},\"wordCount\":980,\"commentCount\":0,\"publisher\":{\"@id\":\"https:\\\/\\\/www.harecker.de\\\/blog\\\/#organization\"},\"image\":{\"@id\":\"https:\\\/\\\/www.harecker.de\\\/blog\\\/vanillekipferl\\\/#primaryimage\"},\"thumbnailUrl\":\"https:\\\/\\\/www.harecker.de\\\/blog\\\/wp-content\\\/uploads\\\/2025\\\/12\\\/Vanille.png\",\"keywords\":[\"beste Vanillekipferl\",\"Harecker Backblech Rezepte\",\"Kipferl mit Mandeln\",\"Pl\u00e4tzchen backen Weihnachten\",\"traditionelles Weihnachtsgeb\u00e4ck\",\"Vanillekipferl\",\"Weihnachtsgeb\u00e4ck M\u00fcrbeteig\"],\"articleSection\":[\"Pl\u00e4tzchen Rezepte\"],\"inLanguage\":\"de\",\"potentialAction\":[{\"@type\":\"CommentAction\",\"name\":\"Comment\",\"target\":[\"https:\\\/\\\/www.harecker.de\\\/blog\\\/vanillekipferl\\\/#respond\"]}]},{\"@type\":\"WebPage\",\"@id\":\"https:\\\/\\\/www.harecker.de\\\/blog\\\/vanillekipferl\\\/\",\"url\":\"https:\\\/\\\/www.harecker.de\\\/blog\\\/vanillekipferl\\\/\",\"name\":\"Klassische Vanillekipferl \u2013 Zartes Weihnachtsgeb\u00e4ck nach Oma's Art - Die Pfanne von harecker.de\",\"isPartOf\":{\"@id\":\"https:\\\/\\\/www.harecker.de\\\/blog\\\/#website\"},\"primaryImageOfPage\":{\"@id\":\"https:\\\/\\\/www.harecker.de\\\/blog\\\/vanillekipferl\\\/#primaryimage\"},\"image\":{\"@id\":\"https:\\\/\\\/www.harecker.de\\\/blog\\\/vanillekipferl\\\/#primaryimage\"},\"thumbnailUrl\":\"https:\\\/\\\/www.harecker.de\\\/blog\\\/wp-content\\\/uploads\\\/2025\\\/12\\\/Vanille.png\",\"datePublished\":\"2018-05-03T11:39:46+00:00\",\"dateModified\":\"2025-12-18T16:46:17+00:00\",\"description\":\"Vanillekipferl sind eine k\u00f6stliche Bereicherung f\u00fcr die Weihnachtsb\u00e4ckerei \u2013 schnell und einfach zubereitet und beliebt bei Gro\u00df und Klein.\",\"breadcrumb\":{\"@id\":\"https:\\\/\\\/www.harecker.de\\\/blog\\\/vanillekipferl\\\/#breadcrumb\"},\"inLanguage\":\"de\",\"potentialAction\":[{\"@type\":\"ReadAction\",\"target\":[\"https:\\\/\\\/www.harecker.de\\\/blog\\\/vanillekipferl\\\/\"]}]},{\"@type\":\"ImageObject\",\"inLanguage\":\"de\",\"@id\":\"https:\\\/\\\/www.harecker.de\\\/blog\\\/vanillekipferl\\\/#primaryimage\",\"url\":\"https:\\\/\\\/www.harecker.de\\\/blog\\\/wp-content\\\/uploads\\\/2025\\\/12\\\/Vanille.png\",\"contentUrl\":\"https:\\\/\\\/www.harecker.de\\\/blog\\\/wp-content\\\/uploads\\\/2025\\\/12\\\/Vanille.png\",\"width\":500,\"height\":500,\"caption\":\"Vanillekipferl auf einem Weihnachtlichen Teller, dick mit Puderzucker bestreut. Aufnahme in der K\u00fcche auf unserem Holztisch. Vanilleschoten und Sch\u00fcssel mit Puderzucker im Hintergrund.\"},{\"@type\":\"BreadcrumbList\",\"@id\":\"https:\\\/\\\/www.harecker.de\\\/blog\\\/vanillekipferl\\\/#breadcrumb\",\"itemListElement\":[{\"@type\":\"ListItem\",\"position\":1,\"name\":\"Startseite\",\"item\":\"https:\\\/\\\/www.harecker.de\\\/blog\\\/\"},{\"@type\":\"ListItem\",\"position\":2,\"name\":\"Klassische Vanillekipferl \u2013 Zartes Weihnachtsgeb\u00e4ck nach Oma&#8217;s Art\"}]},{\"@type\":\"WebSite\",\"@id\":\"https:\\\/\\\/www.harecker.de\\\/blog\\\/#website\",\"url\":\"https:\\\/\\\/www.harecker.de\\\/blog\\\/\",\"name\":\"Die Pfanne von harecker.de\",\"description\":\"Tipps, Tricks und Neuigkeiten Rund um das Thema Kochen, Backen, Braten und Ern\u00e4hrung Pfannen, T\u00f6pfe und Br\u00e4ter in Profiqualit\u00e4t \u2013 Made in Germany\",\"publisher\":{\"@id\":\"https:\\\/\\\/www.harecker.de\\\/blog\\\/#organization\"},\"potentialAction\":[{\"@type\":\"SearchAction\",\"target\":{\"@type\":\"EntryPoint\",\"urlTemplate\":\"https:\\\/\\\/www.harecker.de\\\/blog\\\/?s={search_term_string}\"},\"query-input\":{\"@type\":\"PropertyValueSpecification\",\"valueRequired\":true,\"valueName\":\"search_term_string\"}}],\"inLanguage\":\"de\"},{\"@type\":\"Organization\",\"@id\":\"https:\\\/\\\/www.harecker.de\\\/blog\\\/#organization\",\"name\":\"Harecker Pfannen\",\"url\":\"https:\\\/\\\/www.harecker.de\\\/blog\\\/\",\"logo\":{\"@type\":\"ImageObject\",\"inLanguage\":\"de\",\"@id\":\"https:\\\/\\\/www.harecker.de\\\/blog\\\/#\\\/schema\\\/logo\\\/image\\\/\",\"url\":\"https:\\\/\\\/www.harecker.de\\\/blog\\\/wp-content\\\/uploads\\\/2018\\\/04\\\/logo.png\",\"contentUrl\":\"https:\\\/\\\/www.harecker.de\\\/blog\\\/wp-content\\\/uploads\\\/2018\\\/04\\\/logo.png\",\"width\":185,\"height\":96,\"caption\":\"Harecker Pfannen\"},\"image\":{\"@id\":\"https:\\\/\\\/www.harecker.de\\\/blog\\\/#\\\/schema\\\/logo\\\/image\\\/\"},\"sameAs\":[\"https:\\\/\\\/de-de.facebook.com\\\/harecker.pfannen\\\/\"]},{\"@type\":\"Person\",\"@id\":\"https:\\\/\\\/www.harecker.de\\\/blog\\\/#\\\/schema\\\/person\\\/ce2b60f264322f360f6d34bdfa390cbc\",\"name\":\"mh-harecker\",\"sameAs\":[\"http:\\\/\\\/www.harecker.de\"]}]}<\/script>\n<!-- \/ Yoast SEO Premium plugin. -->","yoast_head_json":{"title":"Klassische Vanillekipferl \u2013 Zartes Weihnachtsgeb\u00e4ck nach Oma's Art - Die Pfanne von harecker.de","description":"Vanillekipferl sind eine k\u00f6stliche Bereicherung f\u00fcr die Weihnachtsb\u00e4ckerei \u2013 schnell und einfach zubereitet und beliebt bei Gro\u00df und Klein.","robots":{"index":"index","follow":"follow","max-snippet":"max-snippet:-1","max-image-preview":"max-image-preview:large","max-video-preview":"max-video-preview:-1"},"canonical":"https:\/\/www.harecker.de\/blog\/vanillekipferl\/","og_locale":"de_DE","og_type":"article","og_title":"Klassische Vanillekipferl \u2013 Zartes Weihnachtsgeb\u00e4ck nach Oma's Art","og_description":"Der Duft von Weihnachten auf deinem Teller Schlie\u00dfe die Augen und stell dir den Duft von echter Vanille, feiner Butter und ger\u00f6steten N\u00fcssen vor. Genau","og_url":"https:\/\/www.harecker.de\/blog\/vanillekipferl\/","og_site_name":"Die Pfanne von harecker.de","article_publisher":"https:\/\/de-de.facebook.com\/harecker.pfannen\/","article_published_time":"2018-05-03T11:39:46+00:00","article_modified_time":"2025-12-18T16:46:17+00:00","og_image":[{"width":500,"height":500,"url":"https:\/\/www.harecker.de\/blog\/wp-content\/uploads\/2025\/12\/Vanille.png","type":"image\/png"}],"author":"mh-harecker","twitter_card":"summary_large_image","twitter_misc":{"Verfasst von":"mh-harecker","Gesch\u00e4tzte Lesezeit":"6\u00a0Minuten"},"schema":{"@context":"https:\/\/schema.org","@graph":[{"@type":"Article","@id":"https:\/\/www.harecker.de\/blog\/vanillekipferl\/#article","isPartOf":{"@id":"https:\/\/www.harecker.de\/blog\/vanillekipferl\/"},"author":{"name":"mh-harecker","@id":"https:\/\/www.harecker.de\/blog\/#\/schema\/person\/ce2b60f264322f360f6d34bdfa390cbc"},"headline":"Klassische Vanillekipferl \u2013 Zartes Weihnachtsgeb\u00e4ck nach Oma&#8217;s Art","datePublished":"2018-05-03T11:39:46+00:00","dateModified":"2025-12-18T16:46:17+00:00","mainEntityOfPage":{"@id":"https:\/\/www.harecker.de\/blog\/vanillekipferl\/"},"wordCount":980,"commentCount":0,"publisher":{"@id":"https:\/\/www.harecker.de\/blog\/#organization"},"image":{"@id":"https:\/\/www.harecker.de\/blog\/vanillekipferl\/#primaryimage"},"thumbnailUrl":"https:\/\/www.harecker.de\/blog\/wp-content\/uploads\/2025\/12\/Vanille.png","keywords":["beste Vanillekipferl","Harecker Backblech Rezepte","Kipferl mit Mandeln","Pl\u00e4tzchen backen Weihnachten","traditionelles Weihnachtsgeb\u00e4ck","Vanillekipferl","Weihnachtsgeb\u00e4ck M\u00fcrbeteig"],"articleSection":["Pl\u00e4tzchen Rezepte"],"inLanguage":"de","potentialAction":[{"@type":"CommentAction","name":"Comment","target":["https:\/\/www.harecker.de\/blog\/vanillekipferl\/#respond"]}]},{"@type":"WebPage","@id":"https:\/\/www.harecker.de\/blog\/vanillekipferl\/","url":"https:\/\/www.harecker.de\/blog\/vanillekipferl\/","name":"Klassische Vanillekipferl \u2013 Zartes Weihnachtsgeb\u00e4ck nach Oma's Art - Die Pfanne von harecker.de","isPartOf":{"@id":"https:\/\/www.harecker.de\/blog\/#website"},"primaryImageOfPage":{"@id":"https:\/\/www.harecker.de\/blog\/vanillekipferl\/#primaryimage"},"image":{"@id":"https:\/\/www.harecker.de\/blog\/vanillekipferl\/#primaryimage"},"thumbnailUrl":"https:\/\/www.harecker.de\/blog\/wp-content\/uploads\/2025\/12\/Vanille.png","datePublished":"2018-05-03T11:39:46+00:00","dateModified":"2025-12-18T16:46:17+00:00","description":"Vanillekipferl sind eine k\u00f6stliche Bereicherung f\u00fcr die Weihnachtsb\u00e4ckerei \u2013 schnell und einfach zubereitet und beliebt bei Gro\u00df und Klein.","breadcrumb":{"@id":"https:\/\/www.harecker.de\/blog\/vanillekipferl\/#breadcrumb"},"inLanguage":"de","potentialAction":[{"@type":"ReadAction","target":["https:\/\/www.harecker.de\/blog\/vanillekipferl\/"]}]},{"@type":"ImageObject","inLanguage":"de","@id":"https:\/\/www.harecker.de\/blog\/vanillekipferl\/#primaryimage","url":"https:\/\/www.harecker.de\/blog\/wp-content\/uploads\/2025\/12\/Vanille.png","contentUrl":"https:\/\/www.harecker.de\/blog\/wp-content\/uploads\/2025\/12\/Vanille.png","width":500,"height":500,"caption":"Vanillekipferl auf einem Weihnachtlichen Teller, dick mit Puderzucker bestreut. Aufnahme in der K\u00fcche auf unserem Holztisch. Vanilleschoten und Sch\u00fcssel mit Puderzucker im Hintergrund."},{"@type":"BreadcrumbList","@id":"https:\/\/www.harecker.de\/blog\/vanillekipferl\/#breadcrumb","itemListElement":[{"@type":"ListItem","position":1,"name":"Startseite","item":"https:\/\/www.harecker.de\/blog\/"},{"@type":"ListItem","position":2,"name":"Klassische Vanillekipferl \u2013 Zartes Weihnachtsgeb\u00e4ck nach Oma&#8217;s Art"}]},{"@type":"WebSite","@id":"https:\/\/www.harecker.de\/blog\/#website","url":"https:\/\/www.harecker.de\/blog\/","name":"Die Pfanne von harecker.de","description":"Tipps, Tricks und Neuigkeiten Rund um das Thema Kochen, Backen, Braten und Ern\u00e4hrung Pfannen, T\u00f6pfe und Br\u00e4ter in Profiqualit\u00e4t \u2013 Made in Germany","publisher":{"@id":"https:\/\/www.harecker.de\/blog\/#organization"},"potentialAction":[{"@type":"SearchAction","target":{"@type":"EntryPoint","urlTemplate":"https:\/\/www.harecker.de\/blog\/?s={search_term_string}"},"query-input":{"@type":"PropertyValueSpecification","valueRequired":true,"valueName":"search_term_string"}}],"inLanguage":"de"},{"@type":"Organization","@id":"https:\/\/www.harecker.de\/blog\/#organization","name":"Harecker Pfannen","url":"https:\/\/www.harecker.de\/blog\/","logo":{"@type":"ImageObject","inLanguage":"de","@id":"https:\/\/www.harecker.de\/blog\/#\/schema\/logo\/image\/","url":"https:\/\/www.harecker.de\/blog\/wp-content\/uploads\/2018\/04\/logo.png","contentUrl":"https:\/\/www.harecker.de\/blog\/wp-content\/uploads\/2018\/04\/logo.png","width":185,"height":96,"caption":"Harecker Pfannen"},"image":{"@id":"https:\/\/www.harecker.de\/blog\/#\/schema\/logo\/image\/"},"sameAs":["https:\/\/de-de.facebook.com\/harecker.pfannen\/"]},{"@type":"Person","@id":"https:\/\/www.harecker.de\/blog\/#\/schema\/person\/ce2b60f264322f360f6d34bdfa390cbc","name":"mh-harecker","sameAs":["http:\/\/www.harecker.de"]}]}},"jetpack_featured_media_url":"https:\/\/www.harecker.de\/blog\/wp-content\/uploads\/2025\/12\/Vanille.png","jetpack_likes_enabled":true,"jetpack_sharing_enabled":true,"_links":{"self":[{"href":"https:\/\/www.harecker.de\/blog\/wp-json\/wp\/v2\/posts\/5150","targetHints":{"allow":["GET"]}}],"collection":[{"href":"https:\/\/www.harecker.de\/blog\/wp-json\/wp\/v2\/posts"}],"about":[{"href":"https:\/\/www.harecker.de\/blog\/wp-json\/wp\/v2\/types\/post"}],"author":[{"embeddable":true,"href":"https:\/\/www.harecker.de\/blog\/wp-json\/wp\/v2\/users\/4"}],"replies":[{"embeddable":true,"href":"https:\/\/www.harecker.de\/blog\/wp-json\/wp\/v2\/comments?post=5150"}],"version-history":[{"count":10,"href":"https:\/\/www.harecker.de\/blog\/wp-json\/wp\/v2\/posts\/5150\/revisions"}],"predecessor-version":[{"id":30949,"href":"https:\/\/www.harecker.de\/blog\/wp-json\/wp\/v2\/posts\/5150\/revisions\/30949"}],"wp:featuredmedia":[{"embeddable":true,"href":"https:\/\/www.harecker.de\/blog\/wp-json\/wp\/v2\/media\/30946"}],"wp:attachment":[{"href":"https:\/\/www.harecker.de\/blog\/wp-json\/wp\/v2\/media?parent=5150"}],"wp:term":[{"taxonomy":"category","embeddable":true,"href":"https:\/\/www.harecker.de\/blog\/wp-json\/wp\/v2\/categories?post=5150"},{"taxonomy":"post_tag","embeddable":true,"href":"https:\/\/www.harecker.de\/blog\/wp-json\/wp\/v2\/tags?post=5150"}],"curies":[{"name":"wp","href":"https:\/\/api.w.org\/{rel}","templated":true}]}}