{"id":30224,"date":"2025-12-10T17:07:17","date_gmt":"2025-12-10T16:07:17","guid":{"rendered":"https:\/\/www.harecker.de\/blog\/?p=30224"},"modified":"2025-12-15T12:56:38","modified_gmt":"2025-12-15T11:56:38","slug":"backofen-wunder-deine-harecker-pfanne-kann-auch-backofen","status":"publish","type":"post","link":"https:\/\/www.harecker.de\/blog\/backofen-wunder-deine-harecker-pfanne-kann-auch-backofen\/","title":{"rendered":"Backofen-Wunder: Deine Harecker Pfanne kann auch Backofen \u2013 Hitzebest\u00e4ndig bis 240 Grad!"},"content":{"rendered":"<div class=\"wp-block-media-text is-stacked-on-mobile\"><figure class=\"wp-block-media-text__media\"><img loading=\"lazy\" decoding=\"async\" width=\"596\" height=\"640\" src=\"https:\/\/www.harecker.de\/blog\/wp-content\/uploads\/2023\/09\/Filetsteak.jpg\" alt=\"Filetsteak in der Pfanne mit Rosmarinzweigen und 2 Knoblauchzehen\" class=\"wp-image-16809 size-full\" srcset=\"https:\/\/www.harecker.de\/blog\/wp-content\/uploads\/2023\/09\/Filetsteak.jpg 596w, https:\/\/www.harecker.de\/blog\/wp-content\/uploads\/2023\/09\/Filetsteak-326x350.jpg 326w, https:\/\/www.harecker.de\/blog\/wp-content\/uploads\/2023\/09\/Filetsteak-250x268.jpg 250w\" sizes=\"auto, (max-width: 596px) 100vw, 596px\"\/><\/figure><div class=\"wp-block-media-text__content\">\n<p>Du liebst Gerichte, die auf dem Herd so richtig scharf angebraten werden und dann im Backofen ihre Vollendung finden? Zum Beispiel ein perfektes Steak, das zun&#xE4;chst eine tolle Kruste bekommt, und das dann im Ofen langsam zart zu Ende gart. Doch leider sto&#xDF;en viele herk&#xF6;mmliche Pfannen hier schnell an ihre Grenzen, weil ihre Griffe die enorme Hitze nicht vertragen. Folglich stehst du jedes Mal vor dem umst&#xE4;ndlichen Problem, dass du dein Gericht st&#xE4;ndig m&#xFC;hsam in eine andere Form umf&#xFC;llen musst. Das ist nicht nur l&#xE4;stig, sondern kostet auch wertvolle Zeit.<\/p>\n<\/div><\/div>\n\n\n\n<hr class=\"wp-block-separator has-alpha-channel-opacity\">\n\n\n\n<h2 class=\"wp-block-heading\"><strong>&#x1F6AB; Die &#xFC;bliche Einschr&#xE4;nkung: Warum normale Griffe die Hitze nicht aushalten<\/strong><\/h2>\n\n\n\n<p>Herk&#xF6;mmliche Pfannen besitzen meistens Griffe aus Kunststoff, welche oft nur bis <strong>maximal 180-200 Grad<\/strong> <strong>hitzebest&#xE4;ndig<\/strong> sind. Wenn du diese Pfannen dennoch in den hei&#xDF;en Backofen schiebst, dann riskierst du, dass der Griff schmilzt, spr&#xF6;de wird oder gar sch&#xE4;dliche D&#xE4;mpfe freisetzt. Deswegen ist das erzwungene Umf&#xFC;llen in eine ofenfeste Auflaufform nicht nur umst&#xE4;ndlich, sondern auch ein echter Spa&#xDF;killer. Dabei m&#xF6;chtest du doch einfach nur kochen und genie&#xDF;en!<\/p>\n\n\n\n<h2 class=\"wp-block-heading\" id=\"h-die-harecker-losung-deine-harecker-pfanne-kann-auch-backofen-garantiert-hitzebestandig-bis-240-grad\"><strong>&#x2728; Die Harecker L&#xF6;sung: Deine Harecker Pfanne kann auch Backofen &#x2013; Garantiert hitzebest&#xE4;ndig bis 240 Grad<\/strong>!<\/h2>\n\n\n\n<div class=\"wp-block-media-text is-stacked-on-mobile\"><figure class=\"wp-block-media-text__media\"><img loading=\"lazy\" decoding=\"async\" width=\"690\" height=\"768\" src=\"https:\/\/www.harecker.de\/blog\/wp-content\/uploads\/2025\/12\/Pfanne-auf-dem-Herd.png\" alt=\"Dein Lieblingsgericht direkt in der Pfanne von Harecker zubereitet, danach kannst dann noch in den Ofen zum &#xDC;berbacken gehen.\" class=\"wp-image-30812 size-full\" srcset=\"https:\/\/www.harecker.de\/blog\/wp-content\/uploads\/2025\/12\/Pfanne-auf-dem-Herd.png 690w, https:\/\/www.harecker.de\/blog\/wp-content\/uploads\/2025\/12\/Pfanne-auf-dem-Herd-314x350.png 314w, https:\/\/www.harecker.de\/blog\/wp-content\/uploads\/2025\/12\/Pfanne-auf-dem-Herd-250x278.png 250w\" sizes=\"auto, (max-width: 690px) 100vw, 690px\"\/><\/figure><div class=\"wp-block-media-text__content\">\n<p>Dein Lieblingsgericht perfekt in der <strong><a href=\"https:\/\/www.harecker.de\/Harecker-Induktionspfannen\">Harecker Pfanne<\/a><\/strong> auf dem Herd vorbereitet kann dann direkt in den Ofen zum weiteren Backen gegeben werden. <strong>Denn unsere Griffe sind hitzebest&#xE4;ndig bis 240 Grad.<\/strong><\/p>\n<\/div><\/div>\n\n\n\n<p><\/p>\n\n\n\n<div class=\"wp-block-media-text is-stacked-on-mobile\"><figure class=\"wp-block-media-text__media\"><a href=\"https:\/\/www.harecker.de\/Single-Pfannen-Set-Induktion-3-tlg\"><img loading=\"lazy\" decoding=\"async\" width=\"1024\" height=\"679\" src=\"https:\/\/www.harecker.de\/blog\/wp-content\/uploads\/2025\/12\/Pfanne-im-Ofen-1024x679.png\" alt=\"Die Harecker Pfannen k&#xF6;nnen auch Backofen. Du kannst damit dein Gericht direkt vom Herd in den Ofen zum weiteren Backen geben.\" class=\"wp-image-30810 size-full\" srcset=\"https:\/\/www.harecker.de\/blog\/wp-content\/uploads\/2025\/12\/Pfanne-im-Ofen-1024x679.png 1024w, https:\/\/www.harecker.de\/blog\/wp-content\/uploads\/2025\/12\/Pfanne-im-Ofen-350x232.png 350w, https:\/\/www.harecker.de\/blog\/wp-content\/uploads\/2025\/12\/Pfanne-im-Ofen-768x509.png 768w, https:\/\/www.harecker.de\/blog\/wp-content\/uploads\/2025\/12\/Pfanne-im-Ofen-250x166.png 250w, https:\/\/www.harecker.de\/blog\/wp-content\/uploads\/2025\/12\/Pfanne-im-Ofen.png 1042w\" sizes=\"auto, (max-width: 1024px) 100vw, 1024px\"\/><\/a><\/figure><div class=\"wp-block-media-text__content\">\n<p>Unsere Original <strong><a href=\"https:\/\/www.harecker.de\/Single-Pfannen-Set-Induktion-3-tlg\">Harecker Pfannen und Br&#xE4;ter <\/a><\/strong>wurden speziell daf&#xFC;r konzipiert, damit sie problemlos auch hohe Backofentemperaturen bis 240 Grad aushalten. Somit kannst du deine Kreativit&#xE4;t in der K&#xFC;che voll ausleben!<\/p>\n<\/div><\/div>\n\n\n\n<div class=\"wp-block-buttons is-layout-flex wp-block-buttons-is-layout-flex\">\n<div class=\"wp-block-button\"><a class=\"wp-block-button__link has-white-color has-text-color has-background has-link-color wp-element-button\" href=\"https:\/\/www.harecker.de\/Single-Pfannen-Set-Induktion-3-tlg\" style=\"background-color:#051d40\">mehr erfahren<\/a><\/div>\n<\/div>\n\n\n\n<p><\/p>\n\n\n\n<h3 class=\"wp-block-heading\" id=\"h-temperatur-garantie\"><strong>Temperatur-Garantie:<\/strong> <\/h3>\n\n\n\n<p>Unsere fest montierten Griffe sind extrem hitzebest&#xE4;ndig &#x2013; und zwar bis mindestens <strong>beeindruckende 240 Grad<\/strong>. Das bedeutet, dass du fast jedes Standard-Ofengericht, das ein Kochbuch hergibt, direkt in deiner <strong><a href=\"https:\/\/www.harecker.de\/\">Harecker Pfanne<\/a><\/strong> zubereiten kannst.<\/p>\n\n\n\n<h3 class=\"wp-block-heading\" id=\"h-vom-herd-in-den-ofen\"><strong>Vom Herd in den Ofen:<\/strong> <\/h3>\n\n\n\n<p>Du sparst dir das l&#xE4;stige Umf&#xFC;llen komplett. Stattdessen br&#xE4;tst du dein Fleisch, Gefl&#xFC;gel oder Gem&#xFC;se scharf auf dem Herd an, f&#xFC;gst Saucen oder Fl&#xFC;ssigkeiten hinzu und schiebst die Pfanne oder den Br&#xE4;ter direkt in den vorgeheizten Ofen. Dadurch bleibt der Bratensatz, der so viele Aromen enth&#xE4;lt, genau da, wo er hingeh&#xF6;rt: in deinem Gericht!<\/p>\n\n\n\n<h3 class=\"wp-block-heading\" id=\"h-maximale-vielseitigkeit\"><strong>Maximale Vielseitigkeit:<\/strong> <\/h3>\n\n\n\n<p>Diese Backofeneignung macht unsere Pfannen enorm vielseitig. Du kannst sie nicht nur zum klassischen Braten verwenden, sondern auch ideal als kleine Auflaufform, zum &#xDC;berbacken, oder zum Warmhalten deiner Speisen nutzen. Das ist Kochen mit K&#xF6;pfchen!<\/p>\n\n\n\n<hr class=\"wp-block-separator has-alpha-channel-opacity\">\n\n\n\n<h2 class=\"wp-block-heading\">&#x1F321;&#xFE0F; <strong>Perfektion mit Deckel: Unsere hitzebest&#xE4;ndigen Glasdeckel<\/strong><\/h2>\n\n\n\n<div class=\"wp-block-media-text is-stacked-on-mobile\" style=\"grid-template-columns:34% auto\"><figure class=\"wp-block-media-text__media\"><a href=\"https:\/\/www.harecker.de\/index.php?jtl_token=70cb22df3659efbd0d555366528391caf470301136507f3f3c1d7522c724e508&amp;qs=Glasdeckel&amp;search=\"><img loading=\"lazy\" decoding=\"async\" width=\"600\" height=\"600\" src=\"https:\/\/www.harecker.de\/blog\/wp-content\/uploads\/2018\/03\/Grafik-Glasdeckel.jpg\" alt=\"\" class=\"wp-image-3766 size-full\" srcset=\"https:\/\/www.harecker.de\/blog\/wp-content\/uploads\/2018\/03\/Grafik-Glasdeckel.jpg 600w, https:\/\/www.harecker.de\/blog\/wp-content\/uploads\/2018\/03\/Grafik-Glasdeckel-240x240.jpg 240w, https:\/\/www.harecker.de\/blog\/wp-content\/uploads\/2018\/03\/Grafik-Glasdeckel-350x350.jpg 350w, https:\/\/www.harecker.de\/blog\/wp-content\/uploads\/2018\/03\/Grafik-Glasdeckel-300x300.jpg 300w, https:\/\/www.harecker.de\/blog\/wp-content\/uploads\/2018\/03\/Grafik-Glasdeckel-500x500.jpg 500w, https:\/\/www.harecker.de\/blog\/wp-content\/uploads\/2018\/03\/Grafik-Glasdeckel-150x150.jpg 150w, https:\/\/www.harecker.de\/blog\/wp-content\/uploads\/2018\/03\/Grafik-Glasdeckel-250x250.jpg 250w\" sizes=\"auto, (max-width: 600px) 100vw, 600px\"\/><\/a><\/figure><div class=\"wp-block-media-text__content\">\n<p>Weil wir wissen, dass feuchte Schmorgerichte oder lang gegarte Speisen einen Deckel brauchen, damit sie nicht austrocknen, sind unsere passenden <strong><a href=\"https:\/\/www.harecker.de\/index.php?jtl_token=70cb22df3659efbd0d555366528391caf470301136507f3f3c1d7522c724e508&amp;qs=Glasdeckel&amp;search=\">Harecker Glasdeckel<\/a><\/strong> ebenfalls hitzebest&#xE4;ndig bis beeindruckende 240 Grad. Das bedeutet, dass du den Deckel nicht nur auf dem Herd, sondern auch bedenkenlos im Backofen verwenden kannst. Somit bleiben die Aromen in der Pfanne, und dein Essen wird besonders saftig.<\/p>\n<\/div><\/div>\n\n\n\n<div class=\"wp-block-buttons is-layout-flex wp-block-buttons-is-layout-flex\">\n<div class=\"wp-block-button\"><a class=\"wp-block-button__link has-white-color has-text-color has-background has-link-color wp-element-button\" href=\"https:\/\/www.harecker.de\/index.php?jtl_token=70cb22df3659efbd0d555366528391caf470301136507f3f3c1d7522c724e508&amp;qs=Glasdeckel&amp;search=\" style=\"background-color:#051d40\">mehr erfahren<\/a><\/div>\n<\/div>\n\n\n\n<hr class=\"wp-block-separator has-alpha-channel-opacity\">\n\n\n\n<h2 class=\"wp-block-heading\" id=\"h-dein-gewinn-zeit-weniger-geschirr-und-purer-genuss\">&#x23F3; <strong>Dein Gewinn: Zeit, weniger Geschirr und purer Genuss!<\/strong><\/h2>\n\n\n\n<p>Die F&#xE4;higkeit, die <strong><a href=\"https:\/\/www.harecker.de\/\">Harecker Pfanne<\/a><\/strong> sofort vom Kochfeld in den Ofen stellen zu k&#xF6;nnen, bedeutet f&#xFC;r dich: erstens effizienteres Kochen, zweitens viel weniger Abwasch und drittens mehr Zeit f&#xFC;r den Genuss. Au&#xDF;erdem bleibt deine K&#xFC;che aufger&#xE4;umter, was das Kochen noch angenehmer macht.<\/p>\n\n\n\n<p>Nutze die volle Bandbreite deiner Premium-Pfanne! Weil eine Pfanne von Harecker eben weit mehr ist als nur eine Pfanne. Sie ist dein flexibler Br&#xE4;ter und dein K&#xFC;chenhelfer, der dir den Alltag erleichtert. Entdecke die Bequemlichkeit und die neue Art des Kochens!<\/p>\n\n\n\n<hr class=\"wp-block-separator has-alpha-channel-opacity\">\n\n\n\n<p><\/p>\n\n\n\n<p>Verpasse keine <strong>neuen Rezepte<\/strong> und Angebote bei Pfannen Harecker! Mit dem Newsletter und der<a href=\"https:\/\/www.harecker.de\/blog\/schmankerlpost-verpasst\/\"> Schmankerlpost<\/a> von Pfannen Harecker bleibst du immer informiert! Du erh&#xE4;ltst <strong>jeden Donnerstag unsere Schmankerlpost mit neuen Rezepten &amp; Tipps<\/strong> rund um&#xB4;s Kochen.<br>Anmelden &amp; nichts mehr verpassen:<\/p>\n\n\n<div style=\"\n    background:#051d40;\n    padding:30px;\n    border-radius:15px;\n    text-align:center;\n    color:white;\n    font-family:Arial, sans-serif;\n    max-width:600px;\n    margin:0 auto;\n\">\n    <h2 style=\"color:white; margin-top:0;\">\n        Werde Teil der Harecker Community! &#x1F499;\n    <\/h2>\n\n    <p style=\"color:white; font-size:16px; line-height:1.5;\">\n        &#128073; Melde dich hier f&uuml;r unsere Schmankerlpost &amp; Newsletter an,\n        um keine Rezepte oder Angebote mehr zu verpassen.\n    <\/p>\n\n    <a href=\"https:\/\/t06a3949a.emailsys1a.net\/58\/8585\/3e7d016769\/subscribe\/form.html?_g=1764611427\" style=\"\n           display:inline-block;\n           background:#277dc1;\n           color:white;\n           padding:14px 28px;\n           border-radius:8px;\n           text-decoration:none;\n           font-size:18px;\n           font-weight:bold;\n           margin-top:15px;\n       \">\n        Jetzt anmelden\n    <\/a>\n<\/div>\n\n\n\n<hr class=\"wp-block-separator has-alpha-channel-opacity\">\n\n\n\n<p><strong>Das Pfannen Harecker Team steht f&#xFC;r Qualit&#xE4;t. &#xDC;berzeuge Dich selbst!<\/strong><\/p>\n","protected":false},"excerpt":{"rendered":"<p>Du liebst Gerichte, die auf dem Herd so richtig scharf angebraten werden und dann im Backofen ihre Vollendung finden? Zum Beispiel ein perfektes Steak, das zun&#xE4;chst eine tolle Kruste bekommt, und das dann im Ofen langsam zart zu Ende gart. Doch leider sto&#xDF;en viele herk&#xF6;mmliche Pfannen hier schnell an ihre Grenzen, weil ihre Griffe die&#x2026;<\/p>\n<p><a class=\"read-more\" href=\"https:\/\/www.harecker.de\/blog\/backofen-wunder-deine-harecker-pfanne-kann-auch-backofen\/\">&#xBB; Weiterlesen<\/a><\/p>\n","protected":false},"author":23,"featured_media":26043,"comment_status":"open","ping_status":"open","sticky":false,"template":"","format":"standard","meta":{"_acf_changed":false,"wprm-recipe-roundup-name":"","wprm-recipe-roundup-description":"","_jetpack_memberships_contains_paid_content":false,"footnotes":""},"categories":[1,1632],"tags":[12389,12394,12382,12388,12387,12012,12390,12391,12386,12383,12392,12384,12393],"class_list":["post-30224","post","type-post","status-publish","format-standard","has-post-thumbnail","hentry","category-allgemeines","category-tipps-tricks-zu-pfannen-kochgeschirr-ernaerung","tag-antihaftpfanne-backofen","tag-backofenfest-bis-240-grad","tag-backofengeeignet","tag-bratpfanne-ofenfest","tag-gusspfanne-ofenfest","tag-harecker-pfanne","tag-harecker-qualitaet","tag-induktionspfanne-ofenfest","tag-kein-umfuellen","tag-ofenfest","tag-pfanne-als-braeter","tag-pfanne-mit-festem-griff","tag-titan-ii-keramik-hartgrundversiegelung"],"acf":[],"yoast_head":"<!-- This site is optimized with the Yoast SEO Premium plugin v27.4 (Yoast SEO v27.5) - https:\/\/yoast.com\/product\/yoast-seo-premium-wordpress\/ -->\n<title>Backofen-Wunder: Deine Harecker Pfanne kann auch Backofen<\/title>\n<meta name=\"description\" content=\"Harecker Pfannen sind ofenfest bis 240 Grad! Braten und direkt im Ofen garen \u2013 kein Umf\u00fcllen mehr. Qualit\u00e4t Made in Germany \u00fcberzeugt.\" \/>\n<meta name=\"robots\" content=\"index, follow, max-snippet:-1, max-image-preview:large, max-video-preview:-1\" \/>\n<link rel=\"canonical\" href=\"https:\/\/www.harecker.de\/blog\/backofen-wunder-deine-harecker-pfanne-kann-auch-backofen\/\" \/>\n<meta property=\"og:locale\" content=\"de_DE\" \/>\n<meta property=\"og:type\" content=\"article\" \/>\n<meta property=\"og:title\" content=\"Backofen-Wunder: Deine Harecker Pfanne kann auch Backofen \u2013 Hitzebest\u00e4ndig bis 240 Grad!\" \/>\n<meta property=\"og:description\" content=\"Du liebst Gerichte, die auf dem Herd so richtig scharf angebraten werden und dann im Backofen ihre Vollendung finden? Zum Beispiel ein perfektes Steak,\" \/>\n<meta property=\"og:url\" content=\"https:\/\/www.harecker.de\/blog\/backofen-wunder-deine-harecker-pfanne-kann-auch-backofen\/\" \/>\n<meta property=\"og:site_name\" content=\"Die Pfanne von harecker.de\" \/>\n<meta property=\"article:publisher\" content=\"https:\/\/de-de.facebook.com\/harecker.pfannen\/\" \/>\n<meta property=\"article:published_time\" content=\"2025-12-10T16:07:17+00:00\" \/>\n<meta property=\"article:modified_time\" content=\"2025-12-15T11:56:38+00:00\" \/>\n<meta property=\"og:image\" content=\"https:\/\/www.harecker.de\/blog\/wp-content\/uploads\/2025\/02\/cropped-3-1.png\" \/>\n\t<meta property=\"og:image:width\" content=\"1080\" \/>\n\t<meta property=\"og:image:height\" content=\"400\" \/>\n\t<meta property=\"og:image:type\" content=\"image\/png\" \/>\n<meta name=\"author\" content=\"Rainer Schnell\" \/>\n<meta name=\"twitter:card\" content=\"summary_large_image\" \/>\n<meta name=\"twitter:label1\" content=\"Verfasst von\" \/>\n\t<meta name=\"twitter:data1\" content=\"Rainer Schnell\" \/>\n\t<meta name=\"twitter:label2\" content=\"Gesch\u00e4tzte Lesezeit\" \/>\n\t<meta name=\"twitter:data2\" content=\"5\u00a0Minuten\" \/>\n<script type=\"application\/ld+json\" class=\"yoast-schema-graph\">{\"@context\":\"https:\\\/\\\/schema.org\",\"@graph\":[{\"@type\":\"Article\",\"@id\":\"https:\\\/\\\/www.harecker.de\\\/blog\\\/backofen-wunder-deine-harecker-pfanne-kann-auch-backofen\\\/#article\",\"isPartOf\":{\"@id\":\"https:\\\/\\\/www.harecker.de\\\/blog\\\/backofen-wunder-deine-harecker-pfanne-kann-auch-backofen\\\/\"},\"author\":{\"name\":\"Rainer Schnell\",\"@id\":\"https:\\\/\\\/www.harecker.de\\\/blog\\\/#\\\/schema\\\/person\\\/caa0a35c11d3302a677fb10d8868c416\"},\"headline\":\"Backofen-Wunder: Deine Harecker Pfanne kann auch Backofen \u2013 Hitzebest\u00e4ndig bis 240 Grad!\",\"datePublished\":\"2025-12-10T16:07:17+00:00\",\"dateModified\":\"2025-12-15T11:56:38+00:00\",\"mainEntityOfPage\":{\"@id\":\"https:\\\/\\\/www.harecker.de\\\/blog\\\/backofen-wunder-deine-harecker-pfanne-kann-auch-backofen\\\/\"},\"wordCount\":597,\"commentCount\":0,\"publisher\":{\"@id\":\"https:\\\/\\\/www.harecker.de\\\/blog\\\/#organization\"},\"image\":{\"@id\":\"https:\\\/\\\/www.harecker.de\\\/blog\\\/backofen-wunder-deine-harecker-pfanne-kann-auch-backofen\\\/#primaryimage\"},\"thumbnailUrl\":\"https:\\\/\\\/www.harecker.de\\\/blog\\\/wp-content\\\/uploads\\\/2025\\\/02\\\/cropped-3-1.png\",\"keywords\":[\"antihaftpfanne backofen\",\"Backofenfest bis 240 Grad\",\"backofengeeignet\",\"Bratpfanne ofenfest\",\"Gusspfanne ofenfest\",\"Harecker Pfanne\",\"Harecker Qualit\u00e4t\",\"induktionspfanne ofenfest\",\"kein umf\u00fcllen\",\"ofenfest\",\"Pfanne als Br\u00e4ter\",\"Pfanne mit festem Griff\",\"Titan II-Keramik-Hartgrundversiegelung\"],\"articleSection\":[\"Archiv - Alle Beitr\u00e4ge\",\"Tipps &amp; Tricks\"],\"inLanguage\":\"de\",\"potentialAction\":[{\"@type\":\"CommentAction\",\"name\":\"Comment\",\"target\":[\"https:\\\/\\\/www.harecker.de\\\/blog\\\/backofen-wunder-deine-harecker-pfanne-kann-auch-backofen\\\/#respond\"]}]},{\"@type\":\"WebPage\",\"@id\":\"https:\\\/\\\/www.harecker.de\\\/blog\\\/backofen-wunder-deine-harecker-pfanne-kann-auch-backofen\\\/\",\"url\":\"https:\\\/\\\/www.harecker.de\\\/blog\\\/backofen-wunder-deine-harecker-pfanne-kann-auch-backofen\\\/\",\"name\":\"Backofen-Wunder: Deine Harecker Pfanne kann auch Backofen\",\"isPartOf\":{\"@id\":\"https:\\\/\\\/www.harecker.de\\\/blog\\\/#website\"},\"primaryImageOfPage\":{\"@id\":\"https:\\\/\\\/www.harecker.de\\\/blog\\\/backofen-wunder-deine-harecker-pfanne-kann-auch-backofen\\\/#primaryimage\"},\"image\":{\"@id\":\"https:\\\/\\\/www.harecker.de\\\/blog\\\/backofen-wunder-deine-harecker-pfanne-kann-auch-backofen\\\/#primaryimage\"},\"thumbnailUrl\":\"https:\\\/\\\/www.harecker.de\\\/blog\\\/wp-content\\\/uploads\\\/2025\\\/02\\\/cropped-3-1.png\",\"datePublished\":\"2025-12-10T16:07:17+00:00\",\"dateModified\":\"2025-12-15T11:56:38+00:00\",\"description\":\"Harecker Pfannen sind ofenfest bis 240 Grad! Braten und direkt im Ofen garen \u2013 kein Umf\u00fcllen mehr. Qualit\u00e4t Made in Germany \u00fcberzeugt.\",\"breadcrumb\":{\"@id\":\"https:\\\/\\\/www.harecker.de\\\/blog\\\/backofen-wunder-deine-harecker-pfanne-kann-auch-backofen\\\/#breadcrumb\"},\"inLanguage\":\"de\",\"potentialAction\":[{\"@type\":\"ReadAction\",\"target\":[\"https:\\\/\\\/www.harecker.de\\\/blog\\\/backofen-wunder-deine-harecker-pfanne-kann-auch-backofen\\\/\"]}]},{\"@type\":\"ImageObject\",\"inLanguage\":\"de\",\"@id\":\"https:\\\/\\\/www.harecker.de\\\/blog\\\/backofen-wunder-deine-harecker-pfanne-kann-auch-backofen\\\/#primaryimage\",\"url\":\"https:\\\/\\\/www.harecker.de\\\/blog\\\/wp-content\\\/uploads\\\/2025\\\/02\\\/cropped-3-1.png\",\"contentUrl\":\"https:\\\/\\\/www.harecker.de\\\/blog\\\/wp-content\\\/uploads\\\/2025\\\/02\\\/cropped-3-1.png\",\"width\":1080,\"height\":400,\"caption\":\"Familie Harecker Header\"},{\"@type\":\"BreadcrumbList\",\"@id\":\"https:\\\/\\\/www.harecker.de\\\/blog\\\/backofen-wunder-deine-harecker-pfanne-kann-auch-backofen\\\/#breadcrumb\",\"itemListElement\":[{\"@type\":\"ListItem\",\"position\":1,\"name\":\"Startseite\",\"item\":\"https:\\\/\\\/www.harecker.de\\\/blog\\\/\"},{\"@type\":\"ListItem\",\"position\":2,\"name\":\"Backofen-Wunder: Deine Harecker Pfanne kann auch Backofen \u2013 Hitzebest\u00e4ndig bis 240 Grad!\"}]},{\"@type\":\"WebSite\",\"@id\":\"https:\\\/\\\/www.harecker.de\\\/blog\\\/#website\",\"url\":\"https:\\\/\\\/www.harecker.de\\\/blog\\\/\",\"name\":\"Die Pfanne von harecker.de\",\"description\":\"Tipps, Tricks und Neuigkeiten Rund um das Thema Kochen, Backen, Braten und Ern\u00e4hrung Pfannen, T\u00f6pfe und Br\u00e4ter in Profiqualit\u00e4t \u2013 Made in Germany\",\"publisher\":{\"@id\":\"https:\\\/\\\/www.harecker.de\\\/blog\\\/#organization\"},\"potentialAction\":[{\"@type\":\"SearchAction\",\"target\":{\"@type\":\"EntryPoint\",\"urlTemplate\":\"https:\\\/\\\/www.harecker.de\\\/blog\\\/?s={search_term_string}\"},\"query-input\":{\"@type\":\"PropertyValueSpecification\",\"valueRequired\":true,\"valueName\":\"search_term_string\"}}],\"inLanguage\":\"de\"},{\"@type\":\"Organization\",\"@id\":\"https:\\\/\\\/www.harecker.de\\\/blog\\\/#organization\",\"name\":\"Harecker Pfannen\",\"url\":\"https:\\\/\\\/www.harecker.de\\\/blog\\\/\",\"logo\":{\"@type\":\"ImageObject\",\"inLanguage\":\"de\",\"@id\":\"https:\\\/\\\/www.harecker.de\\\/blog\\\/#\\\/schema\\\/logo\\\/image\\\/\",\"url\":\"https:\\\/\\\/www.harecker.de\\\/blog\\\/wp-content\\\/uploads\\\/2018\\\/04\\\/logo.png\",\"contentUrl\":\"https:\\\/\\\/www.harecker.de\\\/blog\\\/wp-content\\\/uploads\\\/2018\\\/04\\\/logo.png\",\"width\":185,\"height\":96,\"caption\":\"Harecker Pfannen\"},\"image\":{\"@id\":\"https:\\\/\\\/www.harecker.de\\\/blog\\\/#\\\/schema\\\/logo\\\/image\\\/\"},\"sameAs\":[\"https:\\\/\\\/de-de.facebook.com\\\/harecker.pfannen\\\/\"]},{\"@type\":\"Person\",\"@id\":\"https:\\\/\\\/www.harecker.de\\\/blog\\\/#\\\/schema\\\/person\\\/caa0a35c11d3302a677fb10d8868c416\",\"name\":\"Rainer Schnell\"}]}<\/script>\n<!-- \/ Yoast SEO Premium plugin. -->","yoast_head_json":{"title":"Backofen-Wunder: Deine Harecker Pfanne kann auch Backofen","description":"Harecker Pfannen sind ofenfest bis 240 Grad! Braten und direkt im Ofen garen \u2013 kein Umf\u00fcllen mehr. Qualit\u00e4t Made in Germany \u00fcberzeugt.","robots":{"index":"index","follow":"follow","max-snippet":"max-snippet:-1","max-image-preview":"max-image-preview:large","max-video-preview":"max-video-preview:-1"},"canonical":"https:\/\/www.harecker.de\/blog\/backofen-wunder-deine-harecker-pfanne-kann-auch-backofen\/","og_locale":"de_DE","og_type":"article","og_title":"Backofen-Wunder: Deine Harecker Pfanne kann auch Backofen \u2013 Hitzebest\u00e4ndig bis 240 Grad!","og_description":"Du liebst Gerichte, die auf dem Herd so richtig scharf angebraten werden und dann im Backofen ihre Vollendung finden? Zum Beispiel ein perfektes Steak,","og_url":"https:\/\/www.harecker.de\/blog\/backofen-wunder-deine-harecker-pfanne-kann-auch-backofen\/","og_site_name":"Die Pfanne von harecker.de","article_publisher":"https:\/\/de-de.facebook.com\/harecker.pfannen\/","article_published_time":"2025-12-10T16:07:17+00:00","article_modified_time":"2025-12-15T11:56:38+00:00","og_image":[{"width":1080,"height":400,"url":"https:\/\/www.harecker.de\/blog\/wp-content\/uploads\/2025\/02\/cropped-3-1.png","type":"image\/png"}],"author":"Rainer Schnell","twitter_card":"summary_large_image","twitter_misc":{"Verfasst von":"Rainer Schnell","Gesch\u00e4tzte Lesezeit":"5\u00a0Minuten"},"schema":{"@context":"https:\/\/schema.org","@graph":[{"@type":"Article","@id":"https:\/\/www.harecker.de\/blog\/backofen-wunder-deine-harecker-pfanne-kann-auch-backofen\/#article","isPartOf":{"@id":"https:\/\/www.harecker.de\/blog\/backofen-wunder-deine-harecker-pfanne-kann-auch-backofen\/"},"author":{"name":"Rainer Schnell","@id":"https:\/\/www.harecker.de\/blog\/#\/schema\/person\/caa0a35c11d3302a677fb10d8868c416"},"headline":"Backofen-Wunder: Deine Harecker Pfanne kann auch Backofen \u2013 Hitzebest\u00e4ndig bis 240 Grad!","datePublished":"2025-12-10T16:07:17+00:00","dateModified":"2025-12-15T11:56:38+00:00","mainEntityOfPage":{"@id":"https:\/\/www.harecker.de\/blog\/backofen-wunder-deine-harecker-pfanne-kann-auch-backofen\/"},"wordCount":597,"commentCount":0,"publisher":{"@id":"https:\/\/www.harecker.de\/blog\/#organization"},"image":{"@id":"https:\/\/www.harecker.de\/blog\/backofen-wunder-deine-harecker-pfanne-kann-auch-backofen\/#primaryimage"},"thumbnailUrl":"https:\/\/www.harecker.de\/blog\/wp-content\/uploads\/2025\/02\/cropped-3-1.png","keywords":["antihaftpfanne backofen","Backofenfest bis 240 Grad","backofengeeignet","Bratpfanne ofenfest","Gusspfanne ofenfest","Harecker Pfanne","Harecker Qualit\u00e4t","induktionspfanne ofenfest","kein umf\u00fcllen","ofenfest","Pfanne als Br\u00e4ter","Pfanne mit festem Griff","Titan II-Keramik-Hartgrundversiegelung"],"articleSection":["Archiv - Alle Beitr\u00e4ge","Tipps &amp; Tricks"],"inLanguage":"de","potentialAction":[{"@type":"CommentAction","name":"Comment","target":["https:\/\/www.harecker.de\/blog\/backofen-wunder-deine-harecker-pfanne-kann-auch-backofen\/#respond"]}]},{"@type":"WebPage","@id":"https:\/\/www.harecker.de\/blog\/backofen-wunder-deine-harecker-pfanne-kann-auch-backofen\/","url":"https:\/\/www.harecker.de\/blog\/backofen-wunder-deine-harecker-pfanne-kann-auch-backofen\/","name":"Backofen-Wunder: Deine Harecker Pfanne kann auch Backofen","isPartOf":{"@id":"https:\/\/www.harecker.de\/blog\/#website"},"primaryImageOfPage":{"@id":"https:\/\/www.harecker.de\/blog\/backofen-wunder-deine-harecker-pfanne-kann-auch-backofen\/#primaryimage"},"image":{"@id":"https:\/\/www.harecker.de\/blog\/backofen-wunder-deine-harecker-pfanne-kann-auch-backofen\/#primaryimage"},"thumbnailUrl":"https:\/\/www.harecker.de\/blog\/wp-content\/uploads\/2025\/02\/cropped-3-1.png","datePublished":"2025-12-10T16:07:17+00:00","dateModified":"2025-12-15T11:56:38+00:00","description":"Harecker Pfannen sind ofenfest bis 240 Grad! Braten und direkt im Ofen garen \u2013 kein Umf\u00fcllen mehr. Qualit\u00e4t Made in Germany \u00fcberzeugt.","breadcrumb":{"@id":"https:\/\/www.harecker.de\/blog\/backofen-wunder-deine-harecker-pfanne-kann-auch-backofen\/#breadcrumb"},"inLanguage":"de","potentialAction":[{"@type":"ReadAction","target":["https:\/\/www.harecker.de\/blog\/backofen-wunder-deine-harecker-pfanne-kann-auch-backofen\/"]}]},{"@type":"ImageObject","inLanguage":"de","@id":"https:\/\/www.harecker.de\/blog\/backofen-wunder-deine-harecker-pfanne-kann-auch-backofen\/#primaryimage","url":"https:\/\/www.harecker.de\/blog\/wp-content\/uploads\/2025\/02\/cropped-3-1.png","contentUrl":"https:\/\/www.harecker.de\/blog\/wp-content\/uploads\/2025\/02\/cropped-3-1.png","width":1080,"height":400,"caption":"Familie Harecker Header"},{"@type":"BreadcrumbList","@id":"https:\/\/www.harecker.de\/blog\/backofen-wunder-deine-harecker-pfanne-kann-auch-backofen\/#breadcrumb","itemListElement":[{"@type":"ListItem","position":1,"name":"Startseite","item":"https:\/\/www.harecker.de\/blog\/"},{"@type":"ListItem","position":2,"name":"Backofen-Wunder: Deine Harecker Pfanne kann auch Backofen \u2013 Hitzebest\u00e4ndig bis 240 Grad!"}]},{"@type":"WebSite","@id":"https:\/\/www.harecker.de\/blog\/#website","url":"https:\/\/www.harecker.de\/blog\/","name":"Die Pfanne von harecker.de","description":"Tipps, Tricks und Neuigkeiten Rund um das Thema Kochen, Backen, Braten und Ern\u00e4hrung Pfannen, T\u00f6pfe und Br\u00e4ter in Profiqualit\u00e4t \u2013 Made in Germany","publisher":{"@id":"https:\/\/www.harecker.de\/blog\/#organization"},"potentialAction":[{"@type":"SearchAction","target":{"@type":"EntryPoint","urlTemplate":"https:\/\/www.harecker.de\/blog\/?s={search_term_string}"},"query-input":{"@type":"PropertyValueSpecification","valueRequired":true,"valueName":"search_term_string"}}],"inLanguage":"de"},{"@type":"Organization","@id":"https:\/\/www.harecker.de\/blog\/#organization","name":"Harecker Pfannen","url":"https:\/\/www.harecker.de\/blog\/","logo":{"@type":"ImageObject","inLanguage":"de","@id":"https:\/\/www.harecker.de\/blog\/#\/schema\/logo\/image\/","url":"https:\/\/www.harecker.de\/blog\/wp-content\/uploads\/2018\/04\/logo.png","contentUrl":"https:\/\/www.harecker.de\/blog\/wp-content\/uploads\/2018\/04\/logo.png","width":185,"height":96,"caption":"Harecker Pfannen"},"image":{"@id":"https:\/\/www.harecker.de\/blog\/#\/schema\/logo\/image\/"},"sameAs":["https:\/\/de-de.facebook.com\/harecker.pfannen\/"]},{"@type":"Person","@id":"https:\/\/www.harecker.de\/blog\/#\/schema\/person\/caa0a35c11d3302a677fb10d8868c416","name":"Rainer Schnell"}]}},"jetpack_featured_media_url":"https:\/\/www.harecker.de\/blog\/wp-content\/uploads\/2025\/02\/cropped-3-1.png","jetpack_likes_enabled":true,"jetpack_sharing_enabled":true,"_links":{"self":[{"href":"https:\/\/www.harecker.de\/blog\/wp-json\/wp\/v2\/posts\/30224","targetHints":{"allow":["GET"]}}],"collection":[{"href":"https:\/\/www.harecker.de\/blog\/wp-json\/wp\/v2\/posts"}],"about":[{"href":"https:\/\/www.harecker.de\/blog\/wp-json\/wp\/v2\/types\/post"}],"author":[{"embeddable":true,"href":"https:\/\/www.harecker.de\/blog\/wp-json\/wp\/v2\/users\/23"}],"replies":[{"embeddable":true,"href":"https:\/\/www.harecker.de\/blog\/wp-json\/wp\/v2\/comments?post=30224"}],"version-history":[{"count":8,"href":"https:\/\/www.harecker.de\/blog\/wp-json\/wp\/v2\/posts\/30224\/revisions"}],"predecessor-version":[{"id":30814,"href":"https:\/\/www.harecker.de\/blog\/wp-json\/wp\/v2\/posts\/30224\/revisions\/30814"}],"wp:featuredmedia":[{"embeddable":true,"href":"https:\/\/www.harecker.de\/blog\/wp-json\/wp\/v2\/media\/26043"}],"wp:attachment":[{"href":"https:\/\/www.harecker.de\/blog\/wp-json\/wp\/v2\/media?parent=30224"}],"wp:term":[{"taxonomy":"category","embeddable":true,"href":"https:\/\/www.harecker.de\/blog\/wp-json\/wp\/v2\/categories?post=30224"},{"taxonomy":"post_tag","embeddable":true,"href":"https:\/\/www.harecker.de\/blog\/wp-json\/wp\/v2\/tags?post=30224"}],"curies":[{"name":"wp","href":"https:\/\/api.w.org\/{rel}","templated":true}]}}