{"id":2819,"date":"2014-03-04T10:14:14","date_gmt":"2014-03-04T09:14:14","guid":{"rendered":"https:\/\/www.harecker.de\/blog\/?p=2819"},"modified":"2018-04-20T18:57:14","modified_gmt":"2018-04-20T17:57:14","slug":"harecker-pfannen-qualitaet-seit-40-jahren-bericht-zum-kundenbesuch-vom-04-03-2014","status":"publish","type":"post","link":"https:\/\/www.harecker.de\/blog\/harecker-pfannen-qualitaet-seit-40-jahren-bericht-zum-kundenbesuch-vom-04-03-2014\/","title":{"rendered":"Harecker Pfannen &#8211; Qualit\u00e4t \/ Profiqualit\u00e4t seit 40 Jahren &#8211; Bericht zum Kundenbesuch vom 04.03.2014"},"content":{"rendered":"<p>Wir k&#xF6;nnen wirklich sagen das wir stolz sind.<br>\nStolz auf uns, unsere Produkte und unsere Leistung in den letzten 40 Jahren. Profiqualit&#xE4;t vom bayerischen Familienunternehmen.<\/p>\n<p>Das Team von Pfannen Harecker aus Forstinning hatte heute einen ganz tollen Besuch.<br>\nUnsere Kundin Andrea hat heute morgen kurz vor 09.00 Uhr f&#xFC;r Freudenspr&#xFC;nge gesorgt.<\/p>\n<h2>Kundenbesuch<\/h2>\n<p><a href=\"https:\/\/www.harecker.de\/blog\/wp-content\/uploads\/2014\/03\/Kundin-mit-Pfanne-f&#xFC;r-Web.jpg\" title=\"pfanne\"><img loading=\"lazy\" decoding=\"async\" class=\"size-medium wp-image-2820 alignleft\" src=\"https:\/\/www.harecker.de\/blog\/wp-content\/uploads\/2014\/03\/Kundin-mit-Pfanne-f&#xFC;r-Web-224x300.jpg\" alt=\"Kundin-mit-Pfanne-f&#xFC;r-Web\" width=\"224\" height=\"300\" srcset=\"https:\/\/www.harecker.de\/blog\/wp-content\/uploads\/2014\/03\/Kundin-mit-Pfanne-f&#xFC;r-Web-224x300.jpg 224w, https:\/\/www.harecker.de\/blog\/wp-content\/uploads\/2014\/03\/Kundin-mit-Pfanne-f&#xFC;r-Web-262x350.jpg 262w, https:\/\/www.harecker.de\/blog\/wp-content\/uploads\/2014\/03\/Kundin-mit-Pfanne-f&#xFC;r-Web-768x1024.jpg 768w, https:\/\/www.harecker.de\/blog\/wp-content\/uploads\/2014\/03\/Kundin-mit-Pfanne-f&#xFC;r-Web-500x667.jpg 500w, https:\/\/www.harecker.de\/blog\/wp-content\/uploads\/2014\/03\/Kundin-mit-Pfanne-f&#xFC;r-Web-146x195.jpg 146w, https:\/\/www.harecker.de\/blog\/wp-content\/uploads\/2014\/03\/Kundin-mit-Pfanne-f&#xFC;r-Web.jpg 800w\" sizes=\"auto, (max-width: 224px) 100vw, 224px\"\/><br>\n<\/a><\/p>\n<p>Die hier zu sehende Harecker Pfanne ( damals noch im anderen Design ) hat Sie zum 18 Geburtstag geschenkt bekommen.<br>\nWir werden hier und jetzt nicht das Alter unserer Kundin verraten aber das der Pfanne, diese ist &#xFC;ber 25 Jahre alt&#x2026;&#x2026;..<\/p>\n<p>25 Jahre ?!? Sie haben richtig gelesen. Unsere Pfannen sind ein Markenprodukt und haben bei richtiger Pflege eine Lebenserwartung die uns selbst erschreckt.<br>\nDas ist Fluch und Segen&#x2026;&#x2026;..denn wir leben ja eigentlich vom Verkauf der Pfannen&#x2026;&#x2026;&#x2026;&#x2026;&#x2026;.eigentlich sollten wir hoffen das unsere Pfannen schnellstm&#xF6;glich kaputt gehen&#x2026;.aber das war niemals unser Gedanke und das wird er auch in Zukunft nicht sein. Uns ist es tausend mal lieber wenn Kunden nach 5 oder 10 Jahren&#xA0;vorbei kommen und sagen das Sie noch zufrieden sind mit Ihrer Pfanne als wenn Kunden nach 2 Jahren vorbeikommen und m&#xFC;rrisch eine neue kaufen.<\/p>\n<p>Wer uns kennt weis das diese Aussage voll und ganz der Wahrheit entspricht. Sie k&#xF6;nnen sich jederzeit selbst davon &#xFC;berzeugen und auch gerne &#x201E;nur&#x201C; auf ein Beratungsgespr&#xE4;ch zu uns nach Forstinning, auf eine unserer Messeveranstaltungen oder einen der vielen M&#xE4;rkte kommen. Sie werden nie erleben das wir Ihnen eine Pfanne aufdr&#xE4;ngen.<br>\nUnser bestreben ist es Sie von den Vorteilen zu &#xFC;berzeugen, die Entscheidung treffen am Schluss Sie lieber Kunde.<\/p>\n<p>In diesem Sinne, liebe Andrea, vielen Dank f&#xFC;r deinen Besuch, viel Spa&#xDF; mit deiner neuen Pfanne und alles Gute weiterhin.<br>\nWir freuen uns auf deinen Besuch den Du nicht erst in 25 Jahren machen sollst&#x2026;&#x2026;.Du darfst jederzeit vorbei kommen&#x2026;&#x2026;..vorausgesetzt Du bringst Kuchen mit.<\/p>\n<h2>Das sagen andere Kunden &#xFC;ber unsere Produkte<\/h2>\n<p><a href=\"https:\/\/www.harecker.de\/pfanne-bratpfanne-kochtopf\">https:\/\/www.harecker.de\/Bewertung-Test-Pfannen<\/a><\/p>\n<p>&#xA0;<\/p>\n<figure id=\"attachment_2821\" aria-describedby=\"caption-attachment-2821\" style=\"width: 300px\" class=\"wp-caption alignleft\"><a href=\"https:\/\/www.harecker.de\/blog\/wp-content\/uploads\/2014\/03\/IMG_3959.jpg\"><img loading=\"lazy\" decoding=\"async\" class=\" wp-image-2821 \" src=\"https:\/\/www.harecker.de\/blog\/wp-content\/uploads\/2014\/03\/IMG_3959-300x199.jpg\" alt=\"IMG_3959\" width=\"300\" height=\"199\" srcset=\"https:\/\/www.harecker.de\/blog\/wp-content\/uploads\/2014\/03\/IMG_3959-300x199.jpg 300w, https:\/\/www.harecker.de\/blog\/wp-content\/uploads\/2014\/03\/IMG_3959-350x233.jpg 350w, https:\/\/www.harecker.de\/blog\/wp-content\/uploads\/2014\/03\/IMG_3959-768x512.jpg 768w, https:\/\/www.harecker.de\/blog\/wp-content\/uploads\/2014\/03\/IMG_3959-500x333.jpg 500w, https:\/\/www.harecker.de\/blog\/wp-content\/uploads\/2014\/03\/IMG_3959-250x167.jpg 250w, https:\/\/www.harecker.de\/blog\/wp-content\/uploads\/2014\/03\/IMG_3959-620x413.jpg 620w, https:\/\/www.harecker.de\/blog\/wp-content\/uploads\/2014\/03\/IMG_3959-195x129.jpg 195w, https:\/\/www.harecker.de\/blog\/wp-content\/uploads\/2014\/03\/IMG_3959.jpg 800w\" sizes=\"auto, (max-width: 300px) 100vw, 300px\"\/><\/a><figcaption id=\"caption-attachment-2821\" class=\"wp-caption-text\">25 Jahre ist diese Harecker Pfanne alt<\/figcaption><\/figure>\n<figure id=\"attachment_2822\" aria-describedby=\"caption-attachment-2822\" style=\"width: 300px\" class=\"wp-caption alignleft\"><a href=\"https:\/\/www.harecker.de\/blog\/wp-content\/uploads\/2014\/03\/IMG_3958.jpg\"><img loading=\"lazy\" decoding=\"async\" class=\"wp-image-2822 \" src=\"https:\/\/www.harecker.de\/blog\/wp-content\/uploads\/2014\/03\/IMG_3958-300x199.jpg\" alt=\"IMG_3958\" width=\"300\" height=\"199\" srcset=\"https:\/\/www.harecker.de\/blog\/wp-content\/uploads\/2014\/03\/IMG_3958-300x199.jpg 300w, https:\/\/www.harecker.de\/blog\/wp-content\/uploads\/2014\/03\/IMG_3958-350x233.jpg 350w, https:\/\/www.harecker.de\/blog\/wp-content\/uploads\/2014\/03\/IMG_3958-768x512.jpg 768w, https:\/\/www.harecker.de\/blog\/wp-content\/uploads\/2014\/03\/IMG_3958-500x333.jpg 500w, https:\/\/www.harecker.de\/blog\/wp-content\/uploads\/2014\/03\/IMG_3958-250x167.jpg 250w, https:\/\/www.harecker.de\/blog\/wp-content\/uploads\/2014\/03\/IMG_3958-620x413.jpg 620w, https:\/\/www.harecker.de\/blog\/wp-content\/uploads\/2014\/03\/IMG_3958-195x129.jpg 195w, https:\/\/www.harecker.de\/blog\/wp-content\/uploads\/2014\/03\/IMG_3958.jpg 800w\" sizes=\"auto, (max-width: 300px) 100vw, 300px\"\/><\/a><figcaption id=\"caption-attachment-2822\" class=\"wp-caption-text\">Top gepflegt, sogar der Boden<\/figcaption><\/figure>\n<p>&#xA0;<\/p>\n","protected":false},"excerpt":{"rendered":"<p>Wir k&#xF6;nnen wirklich sagen das wir stolz sind. Stolz auf uns, unsere Produkte und unsere Leistung in den letzten 40 Jahren. Profiqualit&#xE4;t vom bayerischen Familienunternehmen. Das Team von Pfannen Harecker aus Forstinning hatte heute einen ganz tollen Besuch. Unsere Kundin Andrea hat heute morgen kurz vor 09.00 Uhr f&#xFC;r Freudenspr&#xFC;nge gesorgt. Kundenbesuch Die hier zu&#x2026;<\/p>\n<p><a class=\"read-more\" href=\"https:\/\/www.harecker.de\/blog\/harecker-pfannen-qualitaet-seit-40-jahren-bericht-zum-kundenbesuch-vom-04-03-2014\/\">&#xBB; Weiterlesen<\/a><\/p>\n","protected":false},"author":4,"featured_media":2909,"comment_status":"closed","ping_status":"open","sticky":false,"template":"","format":"standard","meta":{"_acf_changed":false,"wprm-recipe-roundup-name":"","wprm-recipe-roundup-description":"","_jetpack_memberships_contains_paid_content":false,"footnotes":""},"categories":[1632],"tags":[7],"class_list":["post-2819","post","type-post","status-publish","format-standard","has-post-thumbnail","hentry","category-tipps-tricks-zu-pfannen-kochgeschirr-ernaerung","tag-pfanne"],"acf":[],"yoast_head":"<!-- This site is optimized with the Yoast SEO Premium plugin v27.4 (Yoast SEO v27.5) - https:\/\/yoast.com\/product\/yoast-seo-premium-wordpress\/ -->\n<title>Harecker Pfannen, Profiqualit\u00e4t seit 40 \u00fcber Jahren<\/title>\n<meta name=\"description\" content=\"Seit \u00fcber 40 Jahren Ihr Begleiter in der K\u00fcche und im Haushalt. Profiqualit\u00e4t aus Forstinning begeistern jung und alt, Profik\u00f6che und Hausfrauen\" \/>\n<meta name=\"robots\" content=\"index, follow, max-snippet:-1, max-image-preview:large, max-video-preview:-1\" \/>\n<link rel=\"canonical\" href=\"https:\/\/www.harecker.de\/blog\/harecker-pfannen-qualitaet-seit-40-jahren-bericht-zum-kundenbesuch-vom-04-03-2014\/\" \/>\n<meta property=\"og:locale\" content=\"de_DE\" \/>\n<meta property=\"og:type\" content=\"article\" \/>\n<meta property=\"og:title\" content=\"Harecker Pfannen - Qualit\u00e4t \/ Profiqualit\u00e4t seit 40 Jahren - Bericht zum Kundenbesuch vom 04.03.2014\" \/>\n<meta property=\"og:description\" content=\"Wir k\u00f6nnen wirklich sagen das wir stolz sind. Stolz auf uns, unsere Produkte und unsere Leistung in den letzten 40 Jahren. Profiqualit\u00e4t vom bayerischen\" \/>\n<meta property=\"og:url\" content=\"https:\/\/www.harecker.de\/blog\/harecker-pfannen-qualitaet-seit-40-jahren-bericht-zum-kundenbesuch-vom-04-03-2014\/\" \/>\n<meta property=\"og:site_name\" content=\"Die Pfanne von harecker.de\" \/>\n<meta property=\"article:publisher\" content=\"https:\/\/de-de.facebook.com\/harecker.pfannen\/\" \/>\n<meta property=\"article:published_time\" content=\"2014-03-04T09:14:14+00:00\" \/>\n<meta property=\"article:modified_time\" content=\"2018-04-20T17:57:14+00:00\" \/>\n<meta property=\"og:image\" content=\"https:\/\/www.harecker.de\/blog\/wp-content\/uploads\/2014\/07\/IMG_5378_freigestellt_Induk.jpg\" \/>\n\t<meta property=\"og:image:width\" content=\"800\" \/>\n\t<meta property=\"og:image:height\" content=\"533\" \/>\n\t<meta property=\"og:image:type\" content=\"image\/jpeg\" \/>\n<meta name=\"author\" content=\"mh-harecker\" \/>\n<meta name=\"twitter:card\" content=\"summary_large_image\" \/>\n<meta name=\"twitter:label1\" content=\"Verfasst von\" \/>\n\t<meta name=\"twitter:data1\" content=\"mh-harecker\" \/>\n\t<meta name=\"twitter:label2\" content=\"Gesch\u00e4tzte Lesezeit\" \/>\n\t<meta name=\"twitter:data2\" content=\"2\u00a0Minuten\" \/>\n<script type=\"application\/ld+json\" class=\"yoast-schema-graph\">{\"@context\":\"https:\\\/\\\/schema.org\",\"@graph\":[{\"@type\":\"Article\",\"@id\":\"https:\\\/\\\/www.harecker.de\\\/blog\\\/harecker-pfannen-qualitaet-seit-40-jahren-bericht-zum-kundenbesuch-vom-04-03-2014\\\/#article\",\"isPartOf\":{\"@id\":\"https:\\\/\\\/www.harecker.de\\\/blog\\\/harecker-pfannen-qualitaet-seit-40-jahren-bericht-zum-kundenbesuch-vom-04-03-2014\\\/\"},\"author\":{\"name\":\"mh-harecker\",\"@id\":\"https:\\\/\\\/www.harecker.de\\\/blog\\\/#\\\/schema\\\/person\\\/ce2b60f264322f360f6d34bdfa390cbc\"},\"headline\":\"Harecker Pfannen &#8211; Qualit\u00e4t \\\/ Profiqualit\u00e4t seit 40 Jahren &#8211; Bericht zum Kundenbesuch vom 04.03.2014\",\"datePublished\":\"2014-03-04T09:14:14+00:00\",\"dateModified\":\"2018-04-20T17:57:14+00:00\",\"mainEntityOfPage\":{\"@id\":\"https:\\\/\\\/www.harecker.de\\\/blog\\\/harecker-pfannen-qualitaet-seit-40-jahren-bericht-zum-kundenbesuch-vom-04-03-2014\\\/\"},\"wordCount\":326,\"publisher\":{\"@id\":\"https:\\\/\\\/www.harecker.de\\\/blog\\\/#organization\"},\"image\":{\"@id\":\"https:\\\/\\\/www.harecker.de\\\/blog\\\/harecker-pfannen-qualitaet-seit-40-jahren-bericht-zum-kundenbesuch-vom-04-03-2014\\\/#primaryimage\"},\"thumbnailUrl\":\"https:\\\/\\\/www.harecker.de\\\/blog\\\/wp-content\\\/uploads\\\/2014\\\/07\\\/IMG_5378_freigestellt_Induk.jpg\",\"keywords\":[\"Pfanne\"],\"articleSection\":[\"Tipps &amp; Tricks\"],\"inLanguage\":\"de\"},{\"@type\":\"WebPage\",\"@id\":\"https:\\\/\\\/www.harecker.de\\\/blog\\\/harecker-pfannen-qualitaet-seit-40-jahren-bericht-zum-kundenbesuch-vom-04-03-2014\\\/\",\"url\":\"https:\\\/\\\/www.harecker.de\\\/blog\\\/harecker-pfannen-qualitaet-seit-40-jahren-bericht-zum-kundenbesuch-vom-04-03-2014\\\/\",\"name\":\"Harecker Pfannen, Profiqualit\u00e4t seit 40 \u00fcber Jahren\",\"isPartOf\":{\"@id\":\"https:\\\/\\\/www.harecker.de\\\/blog\\\/#website\"},\"primaryImageOfPage\":{\"@id\":\"https:\\\/\\\/www.harecker.de\\\/blog\\\/harecker-pfannen-qualitaet-seit-40-jahren-bericht-zum-kundenbesuch-vom-04-03-2014\\\/#primaryimage\"},\"image\":{\"@id\":\"https:\\\/\\\/www.harecker.de\\\/blog\\\/harecker-pfannen-qualitaet-seit-40-jahren-bericht-zum-kundenbesuch-vom-04-03-2014\\\/#primaryimage\"},\"thumbnailUrl\":\"https:\\\/\\\/www.harecker.de\\\/blog\\\/wp-content\\\/uploads\\\/2014\\\/07\\\/IMG_5378_freigestellt_Induk.jpg\",\"datePublished\":\"2014-03-04T09:14:14+00:00\",\"dateModified\":\"2018-04-20T17:57:14+00:00\",\"description\":\"Seit \u00fcber 40 Jahren Ihr Begleiter in der K\u00fcche und im Haushalt. Profiqualit\u00e4t aus Forstinning begeistern jung und alt, Profik\u00f6che und Hausfrauen\",\"breadcrumb\":{\"@id\":\"https:\\\/\\\/www.harecker.de\\\/blog\\\/harecker-pfannen-qualitaet-seit-40-jahren-bericht-zum-kundenbesuch-vom-04-03-2014\\\/#breadcrumb\"},\"inLanguage\":\"de\",\"potentialAction\":[{\"@type\":\"ReadAction\",\"target\":[\"https:\\\/\\\/www.harecker.de\\\/blog\\\/harecker-pfannen-qualitaet-seit-40-jahren-bericht-zum-kundenbesuch-vom-04-03-2014\\\/\"]}]},{\"@type\":\"ImageObject\",\"inLanguage\":\"de\",\"@id\":\"https:\\\/\\\/www.harecker.de\\\/blog\\\/harecker-pfannen-qualitaet-seit-40-jahren-bericht-zum-kundenbesuch-vom-04-03-2014\\\/#primaryimage\",\"url\":\"https:\\\/\\\/www.harecker.de\\\/blog\\\/wp-content\\\/uploads\\\/2014\\\/07\\\/IMG_5378_freigestellt_Induk.jpg\",\"contentUrl\":\"https:\\\/\\\/www.harecker.de\\\/blog\\\/wp-content\\\/uploads\\\/2014\\\/07\\\/IMG_5378_freigestellt_Induk.jpg\",\"width\":800,\"height\":533,\"caption\":\"Neuartiger Induktionsboden im Test\"},{\"@type\":\"BreadcrumbList\",\"@id\":\"https:\\\/\\\/www.harecker.de\\\/blog\\\/harecker-pfannen-qualitaet-seit-40-jahren-bericht-zum-kundenbesuch-vom-04-03-2014\\\/#breadcrumb\",\"itemListElement\":[{\"@type\":\"ListItem\",\"position\":1,\"name\":\"Startseite\",\"item\":\"https:\\\/\\\/www.harecker.de\\\/blog\\\/\"},{\"@type\":\"ListItem\",\"position\":2,\"name\":\"Harecker Pfannen &#8211; Qualit\u00e4t \\\/ Profiqualit\u00e4t seit 40 Jahren &#8211; Bericht zum Kundenbesuch vom 04.03.2014\"}]},{\"@type\":\"WebSite\",\"@id\":\"https:\\\/\\\/www.harecker.de\\\/blog\\\/#website\",\"url\":\"https:\\\/\\\/www.harecker.de\\\/blog\\\/\",\"name\":\"Die Pfanne von harecker.de\",\"description\":\"Tipps, Tricks und Neuigkeiten Rund um das Thema Kochen, Backen, Braten und Ern\u00e4hrung Pfannen, T\u00f6pfe und Br\u00e4ter in Profiqualit\u00e4t \u2013 Made in Germany\",\"publisher\":{\"@id\":\"https:\\\/\\\/www.harecker.de\\\/blog\\\/#organization\"},\"potentialAction\":[{\"@type\":\"SearchAction\",\"target\":{\"@type\":\"EntryPoint\",\"urlTemplate\":\"https:\\\/\\\/www.harecker.de\\\/blog\\\/?s={search_term_string}\"},\"query-input\":{\"@type\":\"PropertyValueSpecification\",\"valueRequired\":true,\"valueName\":\"search_term_string\"}}],\"inLanguage\":\"de\"},{\"@type\":\"Organization\",\"@id\":\"https:\\\/\\\/www.harecker.de\\\/blog\\\/#organization\",\"name\":\"Harecker Pfannen\",\"url\":\"https:\\\/\\\/www.harecker.de\\\/blog\\\/\",\"logo\":{\"@type\":\"ImageObject\",\"inLanguage\":\"de\",\"@id\":\"https:\\\/\\\/www.harecker.de\\\/blog\\\/#\\\/schema\\\/logo\\\/image\\\/\",\"url\":\"https:\\\/\\\/www.harecker.de\\\/blog\\\/wp-content\\\/uploads\\\/2018\\\/04\\\/logo.png\",\"contentUrl\":\"https:\\\/\\\/www.harecker.de\\\/blog\\\/wp-content\\\/uploads\\\/2018\\\/04\\\/logo.png\",\"width\":185,\"height\":96,\"caption\":\"Harecker Pfannen\"},\"image\":{\"@id\":\"https:\\\/\\\/www.harecker.de\\\/blog\\\/#\\\/schema\\\/logo\\\/image\\\/\"},\"sameAs\":[\"https:\\\/\\\/de-de.facebook.com\\\/harecker.pfannen\\\/\"]},{\"@type\":\"Person\",\"@id\":\"https:\\\/\\\/www.harecker.de\\\/blog\\\/#\\\/schema\\\/person\\\/ce2b60f264322f360f6d34bdfa390cbc\",\"name\":\"mh-harecker\",\"sameAs\":[\"http:\\\/\\\/www.harecker.de\"]}]}<\/script>\n<!-- \/ Yoast SEO Premium plugin. -->","yoast_head_json":{"title":"Harecker Pfannen, Profiqualit\u00e4t seit 40 \u00fcber Jahren","description":"Seit \u00fcber 40 Jahren Ihr Begleiter in der K\u00fcche und im Haushalt. Profiqualit\u00e4t aus Forstinning begeistern jung und alt, Profik\u00f6che und Hausfrauen","robots":{"index":"index","follow":"follow","max-snippet":"max-snippet:-1","max-image-preview":"max-image-preview:large","max-video-preview":"max-video-preview:-1"},"canonical":"https:\/\/www.harecker.de\/blog\/harecker-pfannen-qualitaet-seit-40-jahren-bericht-zum-kundenbesuch-vom-04-03-2014\/","og_locale":"de_DE","og_type":"article","og_title":"Harecker Pfannen - Qualit\u00e4t \/ Profiqualit\u00e4t seit 40 Jahren - Bericht zum Kundenbesuch vom 04.03.2014","og_description":"Wir k\u00f6nnen wirklich sagen das wir stolz sind. Stolz auf uns, unsere Produkte und unsere Leistung in den letzten 40 Jahren. Profiqualit\u00e4t vom bayerischen","og_url":"https:\/\/www.harecker.de\/blog\/harecker-pfannen-qualitaet-seit-40-jahren-bericht-zum-kundenbesuch-vom-04-03-2014\/","og_site_name":"Die Pfanne von harecker.de","article_publisher":"https:\/\/de-de.facebook.com\/harecker.pfannen\/","article_published_time":"2014-03-04T09:14:14+00:00","article_modified_time":"2018-04-20T17:57:14+00:00","og_image":[{"width":800,"height":533,"url":"https:\/\/www.harecker.de\/blog\/wp-content\/uploads\/2014\/07\/IMG_5378_freigestellt_Induk.jpg","type":"image\/jpeg"}],"author":"mh-harecker","twitter_card":"summary_large_image","twitter_misc":{"Verfasst von":"mh-harecker","Gesch\u00e4tzte Lesezeit":"2\u00a0Minuten"},"schema":{"@context":"https:\/\/schema.org","@graph":[{"@type":"Article","@id":"https:\/\/www.harecker.de\/blog\/harecker-pfannen-qualitaet-seit-40-jahren-bericht-zum-kundenbesuch-vom-04-03-2014\/#article","isPartOf":{"@id":"https:\/\/www.harecker.de\/blog\/harecker-pfannen-qualitaet-seit-40-jahren-bericht-zum-kundenbesuch-vom-04-03-2014\/"},"author":{"name":"mh-harecker","@id":"https:\/\/www.harecker.de\/blog\/#\/schema\/person\/ce2b60f264322f360f6d34bdfa390cbc"},"headline":"Harecker Pfannen &#8211; Qualit\u00e4t \/ Profiqualit\u00e4t seit 40 Jahren &#8211; Bericht zum Kundenbesuch vom 04.03.2014","datePublished":"2014-03-04T09:14:14+00:00","dateModified":"2018-04-20T17:57:14+00:00","mainEntityOfPage":{"@id":"https:\/\/www.harecker.de\/blog\/harecker-pfannen-qualitaet-seit-40-jahren-bericht-zum-kundenbesuch-vom-04-03-2014\/"},"wordCount":326,"publisher":{"@id":"https:\/\/www.harecker.de\/blog\/#organization"},"image":{"@id":"https:\/\/www.harecker.de\/blog\/harecker-pfannen-qualitaet-seit-40-jahren-bericht-zum-kundenbesuch-vom-04-03-2014\/#primaryimage"},"thumbnailUrl":"https:\/\/www.harecker.de\/blog\/wp-content\/uploads\/2014\/07\/IMG_5378_freigestellt_Induk.jpg","keywords":["Pfanne"],"articleSection":["Tipps &amp; Tricks"],"inLanguage":"de"},{"@type":"WebPage","@id":"https:\/\/www.harecker.de\/blog\/harecker-pfannen-qualitaet-seit-40-jahren-bericht-zum-kundenbesuch-vom-04-03-2014\/","url":"https:\/\/www.harecker.de\/blog\/harecker-pfannen-qualitaet-seit-40-jahren-bericht-zum-kundenbesuch-vom-04-03-2014\/","name":"Harecker Pfannen, Profiqualit\u00e4t seit 40 \u00fcber Jahren","isPartOf":{"@id":"https:\/\/www.harecker.de\/blog\/#website"},"primaryImageOfPage":{"@id":"https:\/\/www.harecker.de\/blog\/harecker-pfannen-qualitaet-seit-40-jahren-bericht-zum-kundenbesuch-vom-04-03-2014\/#primaryimage"},"image":{"@id":"https:\/\/www.harecker.de\/blog\/harecker-pfannen-qualitaet-seit-40-jahren-bericht-zum-kundenbesuch-vom-04-03-2014\/#primaryimage"},"thumbnailUrl":"https:\/\/www.harecker.de\/blog\/wp-content\/uploads\/2014\/07\/IMG_5378_freigestellt_Induk.jpg","datePublished":"2014-03-04T09:14:14+00:00","dateModified":"2018-04-20T17:57:14+00:00","description":"Seit \u00fcber 40 Jahren Ihr Begleiter in der K\u00fcche und im Haushalt. Profiqualit\u00e4t aus Forstinning begeistern jung und alt, Profik\u00f6che und Hausfrauen","breadcrumb":{"@id":"https:\/\/www.harecker.de\/blog\/harecker-pfannen-qualitaet-seit-40-jahren-bericht-zum-kundenbesuch-vom-04-03-2014\/#breadcrumb"},"inLanguage":"de","potentialAction":[{"@type":"ReadAction","target":["https:\/\/www.harecker.de\/blog\/harecker-pfannen-qualitaet-seit-40-jahren-bericht-zum-kundenbesuch-vom-04-03-2014\/"]}]},{"@type":"ImageObject","inLanguage":"de","@id":"https:\/\/www.harecker.de\/blog\/harecker-pfannen-qualitaet-seit-40-jahren-bericht-zum-kundenbesuch-vom-04-03-2014\/#primaryimage","url":"https:\/\/www.harecker.de\/blog\/wp-content\/uploads\/2014\/07\/IMG_5378_freigestellt_Induk.jpg","contentUrl":"https:\/\/www.harecker.de\/blog\/wp-content\/uploads\/2014\/07\/IMG_5378_freigestellt_Induk.jpg","width":800,"height":533,"caption":"Neuartiger Induktionsboden im Test"},{"@type":"BreadcrumbList","@id":"https:\/\/www.harecker.de\/blog\/harecker-pfannen-qualitaet-seit-40-jahren-bericht-zum-kundenbesuch-vom-04-03-2014\/#breadcrumb","itemListElement":[{"@type":"ListItem","position":1,"name":"Startseite","item":"https:\/\/www.harecker.de\/blog\/"},{"@type":"ListItem","position":2,"name":"Harecker Pfannen &#8211; Qualit\u00e4t \/ Profiqualit\u00e4t seit 40 Jahren &#8211; Bericht zum Kundenbesuch vom 04.03.2014"}]},{"@type":"WebSite","@id":"https:\/\/www.harecker.de\/blog\/#website","url":"https:\/\/www.harecker.de\/blog\/","name":"Die Pfanne von harecker.de","description":"Tipps, Tricks und Neuigkeiten Rund um das Thema Kochen, Backen, Braten und Ern\u00e4hrung Pfannen, T\u00f6pfe und Br\u00e4ter in Profiqualit\u00e4t \u2013 Made in Germany","publisher":{"@id":"https:\/\/www.harecker.de\/blog\/#organization"},"potentialAction":[{"@type":"SearchAction","target":{"@type":"EntryPoint","urlTemplate":"https:\/\/www.harecker.de\/blog\/?s={search_term_string}"},"query-input":{"@type":"PropertyValueSpecification","valueRequired":true,"valueName":"search_term_string"}}],"inLanguage":"de"},{"@type":"Organization","@id":"https:\/\/www.harecker.de\/blog\/#organization","name":"Harecker Pfannen","url":"https:\/\/www.harecker.de\/blog\/","logo":{"@type":"ImageObject","inLanguage":"de","@id":"https:\/\/www.harecker.de\/blog\/#\/schema\/logo\/image\/","url":"https:\/\/www.harecker.de\/blog\/wp-content\/uploads\/2018\/04\/logo.png","contentUrl":"https:\/\/www.harecker.de\/blog\/wp-content\/uploads\/2018\/04\/logo.png","width":185,"height":96,"caption":"Harecker Pfannen"},"image":{"@id":"https:\/\/www.harecker.de\/blog\/#\/schema\/logo\/image\/"},"sameAs":["https:\/\/de-de.facebook.com\/harecker.pfannen\/"]},{"@type":"Person","@id":"https:\/\/www.harecker.de\/blog\/#\/schema\/person\/ce2b60f264322f360f6d34bdfa390cbc","name":"mh-harecker","sameAs":["http:\/\/www.harecker.de"]}]}},"jetpack_featured_media_url":"https:\/\/www.harecker.de\/blog\/wp-content\/uploads\/2014\/07\/IMG_5378_freigestellt_Induk.jpg","jetpack_likes_enabled":true,"jetpack_sharing_enabled":true,"_links":{"self":[{"href":"https:\/\/www.harecker.de\/blog\/wp-json\/wp\/v2\/posts\/2819","targetHints":{"allow":["GET"]}}],"collection":[{"href":"https:\/\/www.harecker.de\/blog\/wp-json\/wp\/v2\/posts"}],"about":[{"href":"https:\/\/www.harecker.de\/blog\/wp-json\/wp\/v2\/types\/post"}],"author":[{"embeddable":true,"href":"https:\/\/www.harecker.de\/blog\/wp-json\/wp\/v2\/users\/4"}],"replies":[{"embeddable":true,"href":"https:\/\/www.harecker.de\/blog\/wp-json\/wp\/v2\/comments?post=2819"}],"version-history":[{"count":10,"href":"https:\/\/www.harecker.de\/blog\/wp-json\/wp\/v2\/posts\/2819\/revisions"}],"predecessor-version":[{"id":3954,"href":"https:\/\/www.harecker.de\/blog\/wp-json\/wp\/v2\/posts\/2819\/revisions\/3954"}],"wp:featuredmedia":[{"embeddable":true,"href":"https:\/\/www.harecker.de\/blog\/wp-json\/wp\/v2\/media\/2909"}],"wp:attachment":[{"href":"https:\/\/www.harecker.de\/blog\/wp-json\/wp\/v2\/media?parent=2819"}],"wp:term":[{"taxonomy":"category","embeddable":true,"href":"https:\/\/www.harecker.de\/blog\/wp-json\/wp\/v2\/categories?post=2819"},{"taxonomy":"post_tag","embeddable":true,"href":"https:\/\/www.harecker.de\/blog\/wp-json\/wp\/v2\/tags?post=2819"}],"curies":[{"name":"wp","href":"https:\/\/api.w.org\/{rel}","templated":true}]}}