{"id":2035,"date":"2013-02-05T19:02:26","date_gmt":"2013-02-05T18:02:26","guid":{"rendered":"https:\/\/www.harecker.de\/blog\/?p=2035"},"modified":"2025-01-22T12:49:57","modified_gmt":"2025-01-22T11:49:57","slug":"das-richtige-oel-kochen-wie-die-profis","status":"publish","type":"post","link":"https:\/\/www.harecker.de\/blog\/das-richtige-oel-kochen-wie-die-profis\/","title":{"rendered":"Das richtige \u00d6l &#8211; Kochen wie die Profis"},"content":{"rendered":"<h2 class=\"wp-block-heading\" id=\"h-die-verwendung-von-olen-und-fetten-zum-kochen-garen-braten-und-backen\">Die Verwendung von &#xD6;len und Fetten zum Kochen, Garen, Braten und Backen<\/h2>\n\n\n\n<p>Die Auswahl f&#xFC;r das richtige &#xD6;l ist zur entscheidenden Frage geworden. <\/p>\n\n\n\n<p>Die Zubereitung von Speisen in deutschen K&#xFC;chen umfasst nicht mehr nur heimische Gerichte, sondern auch internationale K&#xFC;che wie italienisch, asiatisch, griechisch oder mediterran, sowohl s&#xFC;&#xDF; als auch deftig. Bei der Zubereitung wird oft nicht nur auf das richtige Kochgeschirr, sondern auch auf die Wahl f&#xFC;r das richtige &#xD6;l geachtet. Unter dem Einfluss von Werbung und Kochsendungen wird in deutschen K&#xFC;chen mit verschiedenen &#xD6;len gebraten, jedoch wird h&#xE4;ufig vernachl&#xE4;ssigt, welches &#xD6;l sich am besten zum Kochen und Braten eignet. Dabei werden die entstehenden Temperaturen in der Pfanne oder im Kochtopf oft untersch&#xE4;tzt.<\/p>\n\n\n\n<p>Oliven&#xF6;l ist das bevorzugte &#xD6;l der Deutschen, wenn es um die Zubereitung von Speisen geht. Allerdings ergeben sich dabei einige Probleme, auf die wir gleich n&#xE4;her eingehen werden.<\/p>\n\n\n\n<p>Nach intensiver Recherche und ausf&#xFC;hrlichen Tests in den letzten Monaten m&#xF6;chten wir Euch in diesem Bericht einige handels&#xFC;bliche &#xD6;le vorstellen. Dabei m&#xF6;chten wir von unseren Erfahrungen berichten und aufzeigen, bei welchen Temperaturen die &#xD6;le verwendet werden k&#xF6;nnen und wof&#xFC;r sie am besten geeignet sind. Denn nicht jedes &#xD6;l ist gleich.<\/p>\n\n\n\n<p>Alle Informationen, die wir hier pr&#xE4;sentieren, wurden nach bestem Wissen und Gewissen recherchiert. Soweit uns bekannt, geben wir Euch auch die Kontaktadressen der einzelnen Hersteller und Lieferanten, damit Ihr bei Bedarf weitere oder detailliertere Informationen einholen k&#xF6;nnt.<\/p>\n\n\n\n<p>Bitte beachtet, dass alle Berichte lediglich die Meinung des Verfassers wiedergeben und als Richtwerte und Empfehlungen zu verstehen sind. <\/p>\n\n\n\n<p>Wir freuen uns &#xFC;ber Eure Meinungen und R&#xFC;ckmeldungen. Zus&#xE4;tzliche Informationen sind jederzeit willkommen.<\/p>\n\n\n\n<h3 class=\"wp-block-heading\" id=\"h-bevor-wir-ihnen-die-einzelnen-ole-vorstellen-ist-es-wichtig-eine-unterscheidung-zu-treffen\"><br>Bevor wir Ihnen die einzelnen &#xD6;le vorstellen, ist es wichtig, eine Unterscheidung zu treffen.<\/h3>\n\n\n\n<p>Beim <strong>Kochen<\/strong> liegen die Temperaturen in der Regel zwischen <strong>100 und 120 Grad Celsius<\/strong>. Ab <strong>120 Grad<\/strong> spricht man von <strong>Garen oder D&#xFC;nsten<\/strong>, w&#xE4;hrend das <strong>Braten<\/strong> bei Temperaturen von <strong>140 bis 220 Grad<\/strong> stattfindet.<\/p>\n\n\n\n<p>Ein Besuch im Supermarkt kann gelegentlich zu Verwirrungen f&#xFC;hren. Insbesondere bei den Oliven&#xF6;len gibt es in den meisten Gesch&#xE4;ften 10 bis 20 verschiedene Marken und Sorten, jedoch eignet sich nicht jedes &#xD6;l zum Kochen.<\/p>\n\n\n\n<p>Um Transparenz zu gew&#xE4;hrleisten und Euch die M&#xF6;glichkeit zum Nachkauf zu geben, wurden die hier beschriebenen Oliven&#xF6;le alle aus dem Sortiment der Firma EDEKA erworben.<\/p>\n\n\n\n<p>Hier stellen wir Euch drei Oliven&#xF6;le der <strong>Marke Bertolli<\/strong> vor. Obwohl alle drei als Oliven&#xF6;le deklariert sind, haben sie unterschiedliche Anwendungsbereiche.<\/p>\n\n\n<div class=\"wp-block-image\">\n<figure class=\"aligncenter\"><a href=\"https:\/\/www.harecker.de\/blog\/wp-content\/uploads\/2013\/02\/Bertoli-3-er-Selection.jpg\"><img loading=\"lazy\" decoding=\"async\" width=\"300\" height=\"200\" src=\"https:\/\/www.harecker.de\/blog\/wp-content\/uploads\/2013\/02\/Bertoli-3-er-Selection-300x200.jpg\" alt=\"\" class=\"wp-image-2036\" srcset=\"https:\/\/www.harecker.de\/blog\/wp-content\/uploads\/2013\/02\/Bertoli-3-er-Selection-300x200.jpg 300w, https:\/\/www.harecker.de\/blog\/wp-content\/uploads\/2013\/02\/Bertoli-3-er-Selection-350x233.jpg 350w, https:\/\/www.harecker.de\/blog\/wp-content\/uploads\/2013\/02\/Bertoli-3-er-Selection-768x512.jpg 768w, https:\/\/www.harecker.de\/blog\/wp-content\/uploads\/2013\/02\/Bertoli-3-er-Selection-1024x682.jpg 1024w, https:\/\/www.harecker.de\/blog\/wp-content\/uploads\/2013\/02\/Bertoli-3-er-Selection-500x333.jpg 500w, https:\/\/www.harecker.de\/blog\/wp-content\/uploads\/2013\/02\/Bertoli-3-er-Selection-250x167.jpg 250w\" sizes=\"auto, (max-width: 300px) 100vw, 300px\"\/><\/a><figcaption class=\"wp-element-caption\">Bertolli Oliven&#xF6;le &#x2013; Extra Vergine Originale \/ Gentile und das speziell f&#xFC;r die hei&#xDF;e K&#xFC;che gedachte Cucina<\/figcaption><\/figure>\n<\/div>\n\n\n<h2 class=\"wp-block-heading\" id=\"h-gehen-wir-einmal-auf-die-einzelnen-ole-ein\">Gehen wir einmal auf die einzelnen &#xD6;le ein:<\/h2>\n\n\n\n<h3 class=\"wp-block-heading\" id=\"h-olivenole-der-marke-bertolli\">Oliven&#xF6;le der Marke Bertolli:<\/h3>\n\n\n\n<ul class=\"wp-block-list\">\n<li><strong>Bertolli Extra Vergine &#x2013; Originale<\/strong><\/li>\n<\/ul>\n\n\n\n<div class=\"wp-block-media-text alignwide is-stacked-on-mobile is-vertically-aligned-center\" style=\"grid-template-columns:20% auto\"><figure class=\"wp-block-media-text__media\"><img loading=\"lazy\" decoding=\"async\" width=\"1024\" height=\"683\" src=\"https:\/\/www.harecker.de\/blog\/wp-content\/uploads\/2013\/02\/Bertoli-f&#xFC;r-Salat-und-Dips-1024x683.jpg\" alt=\"\" class=\"wp-image-2039 size-full\" srcset=\"https:\/\/www.harecker.de\/blog\/wp-content\/uploads\/2013\/02\/Bertoli-f&#xFC;r-Salat-und-Dips-1024x682.jpg 1024w, https:\/\/www.harecker.de\/blog\/wp-content\/uploads\/2013\/02\/Bertoli-f&#xFC;r-Salat-und-Dips-350x233.jpg 350w, https:\/\/www.harecker.de\/blog\/wp-content\/uploads\/2013\/02\/Bertoli-f&#xFC;r-Salat-und-Dips-768x512.jpg 768w, https:\/\/www.harecker.de\/blog\/wp-content\/uploads\/2013\/02\/Bertoli-f&#xFC;r-Salat-und-Dips-500x333.jpg 500w, https:\/\/www.harecker.de\/blog\/wp-content\/uploads\/2013\/02\/Bertoli-f&#xFC;r-Salat-und-Dips-250x167.jpg 250w, https:\/\/www.harecker.de\/blog\/wp-content\/uploads\/2013\/02\/Bertoli-f&#xFC;r-Salat-und-Dips-300x200.jpg 300w\" sizes=\"auto, (max-width: 1024px) 100vw, 1024px\"\/><\/figure><div class=\"wp-block-media-text__content\">\n<p>Bertolli Extra Vergine Originale<\/p>\n<\/div><\/div>\n\n\n\n<div class=\"wp-block-media-text alignwide is-stacked-on-mobile\" style=\"grid-template-columns:20% auto\"><figure class=\"wp-block-media-text__media\"><img loading=\"lazy\" decoding=\"async\" width=\"821\" height=\"1024\" src=\"https:\/\/www.harecker.de\/blog\/wp-content\/uploads\/2013\/02\/Bertoli-f&#xFC;r-Salat-und-Dips_Etikett-821x1024.jpg\" alt=\"\" class=\"wp-image-2040 size-full\" srcset=\"https:\/\/www.harecker.de\/blog\/wp-content\/uploads\/2013\/02\/Bertoli-f&#xFC;r-Salat-und-Dips_Etikett-821x1024.jpg 821w, https:\/\/www.harecker.de\/blog\/wp-content\/uploads\/2013\/02\/Bertoli-f&#xFC;r-Salat-und-Dips_Etikett-280x350.jpg 280w, https:\/\/www.harecker.de\/blog\/wp-content\/uploads\/2013\/02\/Bertoli-f&#xFC;r-Salat-und-Dips_Etikett-768x958.jpg 768w, https:\/\/www.harecker.de\/blog\/wp-content\/uploads\/2013\/02\/Bertoli-f&#xFC;r-Salat-und-Dips_Etikett-500x624.jpg 500w, https:\/\/www.harecker.de\/blog\/wp-content\/uploads\/2013\/02\/Bertoli-f&#xFC;r-Salat-und-Dips_Etikett-250x312.jpg 250w, https:\/\/www.harecker.de\/blog\/wp-content\/uploads\/2013\/02\/Bertoli-f&#xFC;r-Salat-und-Dips_Etikett-240x300.jpg 240w, https:\/\/www.harecker.de\/blog\/wp-content\/uploads\/2013\/02\/Bertoli-f&#xFC;r-Salat-und-Dips_Etikett-820x1024.jpg 820w, https:\/\/www.harecker.de\/blog\/wp-content\/uploads\/2013\/02\/Bertoli-f&#xFC;r-Salat-und-Dips_Etikett.jpg 904w\" sizes=\"auto, (max-width: 821px) 100vw, 821px\"\/><\/figure><div class=\"wp-block-media-text__content\">\n<p>Angaben des Herstellers<\/p>\n<\/div><\/div>\n\n\n\n<p>Dieses Oliven&#xF6;l ist ein sogenanntes <strong>natives &#xD6;l<\/strong>, das durch eine Kaltpressung ohne den Zusatz von W&#xE4;rme hergestellt wird. Natives &#xD6;l zeichnet sich durch einen charakteristischen Geschmack aus, der von der Frucht oder Saat, aus der es gewonnen wird, stammt.<\/p>\n\n\n\n<p>Der Hersteller empfiehlt dieses Oliven&#xF6;l insbesondere zur <strong>Zubereitung von Salaten und Dips<\/strong>. Das Bertolli Originale eignet sich jedoch auch f&#xFC;r die warme K&#xFC;che, zum D&#xFC;nsten und Verfeinern von Gerichten. Es kann bei <strong>Temperaturen von bis zu ca. 140 Grad Celsius<\/strong> verwendet werden.<\/p>\n\n\n\n<p>Es ist wichtig zu beachten, dass Oliven&#xF6;l, das &#xFC;ber den Rauchpunkt erhitzt wird, sich verf&#xE4;rbt und einen bitteren Geschmack entwickeln kann. Zudem k&#xF6;nnen sich teerartige R&#xFC;ckst&#xE4;nde bilden, die sich in Ihrem Kochgeschirr ablagern.<\/p>\n\n\n\n<p>Es sollte beachtet werden, dass <strong>verbranntes &#xD6;l und Fett gesundheitssch&#xE4;dlich<\/strong> sind.<\/p>\n\n\n\n<ul class=\"wp-block-list\">\n<li><strong>Bertolli Extra Vergine &#x2013; Gentile:<\/strong><\/li>\n<\/ul>\n\n\n<div class=\"wp-block-image\">\n<figure class=\"aligncenter\"><a href=\"https:\/\/www.harecker.de\/blog\/wp-content\/uploads\/2013\/02\/Bertoli-f&#xFC;r-Fisch-und-Gem&#xFC;se.jpg\"><img loading=\"lazy\" decoding=\"async\" width=\"300\" height=\"200\" src=\"https:\/\/www.harecker.de\/blog\/wp-content\/uploads\/2013\/02\/Bertoli-f&#xFC;r-Fisch-und-Gem&#xFC;se-300x200.jpg\" alt=\"\" class=\"wp-image-2041\" srcset=\"https:\/\/www.harecker.de\/blog\/wp-content\/uploads\/2013\/02\/Bertoli-f&#xFC;r-Fisch-und-Gem&#xFC;se-300x200.jpg 300w, https:\/\/www.harecker.de\/blog\/wp-content\/uploads\/2013\/02\/Bertoli-f&#xFC;r-Fisch-und-Gem&#xFC;se-350x233.jpg 350w, https:\/\/www.harecker.de\/blog\/wp-content\/uploads\/2013\/02\/Bertoli-f&#xFC;r-Fisch-und-Gem&#xFC;se-768x512.jpg 768w, https:\/\/www.harecker.de\/blog\/wp-content\/uploads\/2013\/02\/Bertoli-f&#xFC;r-Fisch-und-Gem&#xFC;se-1024x682.jpg 1024w, https:\/\/www.harecker.de\/blog\/wp-content\/uploads\/2013\/02\/Bertoli-f&#xFC;r-Fisch-und-Gem&#xFC;se-500x333.jpg 500w, https:\/\/www.harecker.de\/blog\/wp-content\/uploads\/2013\/02\/Bertoli-f&#xFC;r-Fisch-und-Gem&#xFC;se-250x167.jpg 250w\" sizes=\"auto, (max-width: 300px) 100vw, 300px\"\/><\/a><figcaption class=\"wp-element-caption\">Bertolli Extra Vergine &#x2013; Gentile<br>Ideal f&#xFC;r Fisch und Gem&#xFC;se<\/figcaption><\/figure>\n<\/div>\n\n<div class=\"wp-block-image\">\n<figure class=\"aligncenter\"><a href=\"https:\/\/www.harecker.de\/blog\/wp-content\/uploads\/2013\/02\/Bertoli-f&#xFC;r-Fisch-und-Gem&#xFC;se_Etikett.jpg\"><img loading=\"lazy\" decoding=\"async\" width=\"238\" height=\"300\" src=\"https:\/\/www.harecker.de\/blog\/wp-content\/uploads\/2013\/02\/Bertoli-f&#xFC;r-Fisch-und-Gem&#xFC;se_Etikett-238x300.jpg\" alt=\"\" class=\"wp-image-2038\" srcset=\"https:\/\/www.harecker.de\/blog\/wp-content\/uploads\/2013\/02\/Bertoli-f&#xFC;r-Fisch-und-Gem&#xFC;se_Etikett-238x300.jpg 238w, https:\/\/www.harecker.de\/blog\/wp-content\/uploads\/2013\/02\/Bertoli-f&#xFC;r-Fisch-und-Gem&#xFC;se_Etikett-279x350.jpg 279w, https:\/\/www.harecker.de\/blog\/wp-content\/uploads\/2013\/02\/Bertoli-f&#xFC;r-Fisch-und-Gem&#xFC;se_Etikett-768x965.jpg 768w, https:\/\/www.harecker.de\/blog\/wp-content\/uploads\/2013\/02\/Bertoli-f&#xFC;r-Fisch-und-Gem&#xFC;se_Etikett-815x1024.jpg 815w, https:\/\/www.harecker.de\/blog\/wp-content\/uploads\/2013\/02\/Bertoli-f&#xFC;r-Fisch-und-Gem&#xFC;se_Etikett-500x628.jpg 500w, https:\/\/www.harecker.de\/blog\/wp-content\/uploads\/2013\/02\/Bertoli-f&#xFC;r-Fisch-und-Gem&#xFC;se_Etikett-250x314.jpg 250w, https:\/\/www.harecker.de\/blog\/wp-content\/uploads\/2013\/02\/Bertoli-f&#xFC;r-Fisch-und-Gem&#xFC;se_Etikett-814x1024.jpg 814w, https:\/\/www.harecker.de\/blog\/wp-content\/uploads\/2013\/02\/Bertoli-f&#xFC;r-Fisch-und-Gem&#xFC;se_Etikett.jpg 896w\" sizes=\"auto, (max-width: 238px) 100vw, 238px\"\/><\/a><figcaption class=\"wp-element-caption\">Angaben des Herstellers<\/figcaption><\/figure>\n<\/div>\n\n\n<p><br>Diese &#xD6;l der Marke Bertolli zeichnet sich durch einen besonders milden Geschmack aus, der den typischen Olivencharakter aufweist und eine leichte Kr&#xE4;uternote vermittelt.<\/p>\n\n\n\n<p>Der Hersteller empfiehlt dieses &#xD6;l aufgrund seines besonderen Geschmacks f&#xFC;r die Zubereitung von Fisch- und Gefl&#xFC;gelgerichten sowie f&#xFC;r Salate, Antipasti und das D&#xFC;nsten.<\/p>\n\n\n\n<p>Es ist wichtig zu beachten, dass dieses &#xD6;l einen sehr niedrigen Rauchpunkt von ca. <strong>140 Grad Celsius<\/strong> hat.<\/p>\n\n\n\n<ul class=\"wp-block-list\">\n<li><span style=\"text-decoration: underline;\"><strong>Bertolli Olio di Oliva &#x2013; Cucina<\/strong><\/span><\/li>\n<\/ul>\n\n\n\n<p>Dieses Oliven&#xF6;l wurde speziell f&#xFC;r den Einsatz in der <strong>hei&#xDF;en K&#xFC;che<\/strong> entwickelt. Es handelt sich um eine <strong>Mischung<\/strong> aus <strong>nativem<\/strong> (kaltgepresstem) und <strong>raffiniertem<\/strong> (hei&#xDF;gepresstem) &#xD6;l. Durch den Raffinationsprozess wird das &#xD6;l deutlich hitzebest&#xE4;ndiger und hat einen <strong>Rauchpunkt von ca. 220 Grad<\/strong> Celsius. Der Hersteller empfiehlt es sowohl zum Braten als auch f&#xFC;r die kalte K&#xFC;che, beispielsweise zur Zubereitung von Salaten oder Antipasti.<\/p>\n\n\n\n<p>Ein Nachteil des raffinierten &#xD6;ls besteht darin, dass es weniger gesund ist als das native &#xD6;l. Zudem verliert es einen Teil seines charakteristischen Oliven&#xF6;laromas.<\/p>\n\n\n<div class=\"wp-block-image\">\n<figure class=\"aligncenter\"><a href=\"https:\/\/www.harecker.de\/blog\/wp-content\/uploads\/2013\/02\/Bertoli-Oliven&#xF6;l-zum-Braten.jpg\"><img loading=\"lazy\" decoding=\"async\" width=\"300\" height=\"200\" src=\"https:\/\/www.harecker.de\/blog\/wp-content\/uploads\/2013\/02\/Bertoli-Oliven&#xF6;l-zum-Braten-300x200.jpg\" alt=\"\" class=\"wp-image-2042\" srcset=\"https:\/\/www.harecker.de\/blog\/wp-content\/uploads\/2013\/02\/Bertoli-Oliven&#xF6;l-zum-Braten-300x200.jpg 300w, https:\/\/www.harecker.de\/blog\/wp-content\/uploads\/2013\/02\/Bertoli-Oliven&#xF6;l-zum-Braten-350x233.jpg 350w, https:\/\/www.harecker.de\/blog\/wp-content\/uploads\/2013\/02\/Bertoli-Oliven&#xF6;l-zum-Braten-768x512.jpg 768w, https:\/\/www.harecker.de\/blog\/wp-content\/uploads\/2013\/02\/Bertoli-Oliven&#xF6;l-zum-Braten-1024x682.jpg 1024w, https:\/\/www.harecker.de\/blog\/wp-content\/uploads\/2013\/02\/Bertoli-Oliven&#xF6;l-zum-Braten-500x333.jpg 500w, https:\/\/www.harecker.de\/blog\/wp-content\/uploads\/2013\/02\/Bertoli-Oliven&#xF6;l-zum-Braten-250x167.jpg 250w\" sizes=\"auto, (max-width: 300px) 100vw, 300px\"\/><\/a><figcaption class=\"wp-element-caption\">Bertolli Olio di Oliva &#x2013; Cucina<br>Ideal zum Braten bis 220 Grad<\/figcaption><\/figure>\n<\/div>\n\n<div class=\"wp-block-image\">\n<figure class=\"aligncenter\"><a href=\"https:\/\/www.harecker.de\/blog\/wp-content\/uploads\/2013\/02\/Bertoli-Oliven&#xF6;l-zum-Braten_Etikett.jpg\"><img loading=\"lazy\" decoding=\"async\" width=\"229\" height=\"300\" src=\"https:\/\/www.harecker.de\/blog\/wp-content\/uploads\/2013\/02\/Bertoli-Oliven&#xF6;l-zum-Braten_Etikett-229x300.jpg\" alt=\"\" class=\"wp-image-2043\" srcset=\"https:\/\/www.harecker.de\/blog\/wp-content\/uploads\/2013\/02\/Bertoli-Oliven&#xF6;l-zum-Braten_Etikett-229x300.jpg 229w, https:\/\/www.harecker.de\/blog\/wp-content\/uploads\/2013\/02\/Bertoli-Oliven&#xF6;l-zum-Braten_Etikett-268x350.jpg 268w, https:\/\/www.harecker.de\/blog\/wp-content\/uploads\/2013\/02\/Bertoli-Oliven&#xF6;l-zum-Braten_Etikett-768x1003.jpg 768w, https:\/\/www.harecker.de\/blog\/wp-content\/uploads\/2013\/02\/Bertoli-Oliven&#xF6;l-zum-Braten_Etikett-784x1024.jpg 784w, https:\/\/www.harecker.de\/blog\/wp-content\/uploads\/2013\/02\/Bertoli-Oliven&#xF6;l-zum-Braten_Etikett-500x653.jpg 500w, https:\/\/www.harecker.de\/blog\/wp-content\/uploads\/2013\/02\/Bertoli-Oliven&#xF6;l-zum-Braten_Etikett-250x327.jpg 250w, https:\/\/www.harecker.de\/blog\/wp-content\/uploads\/2013\/02\/Bertoli-Oliven&#xF6;l-zum-Braten_Etikett.jpg 882w\" sizes=\"auto, (max-width: 229px) 100vw, 229px\"\/><\/a><figcaption class=\"wp-element-caption\">Angaben des Herstellers<\/figcaption><\/figure>\n<\/div>\n\n\n<p class=\"has-text-align-left\">Weiterf&#xFC;hrende Informationen sowie Rezepte und Empfehlungen erhalten Sie unter <a href=\"https:\/\/bertolliolivenoel.de\/\" target=\"_blank\" rel=\"noreferrer noopener\"><strong>www.bertolliolivenoel.de<\/strong><\/a><\/p>\n\n\n\n<h2 class=\"wp-block-heading\" id=\"h-olivenol-marke-gut-amp-gunstig-von-edeka\">Oliven&#xF6;l Marke&#x201C;Gut&amp;G&#xFC;nstig&#x201C; von EDEKA:<\/h2>\n\n\n\n<p>Die Firma <strong>Edeka <\/strong>f&#xFC;hrt unter ihrer Eigenmarke &#x201E;<strong>Gut &amp; G&uuml;nstig<\/strong>&#x201C; ein Natives Oliven&#xF6;l, das geschmacklich ohne Zweifel mit anderen &#xD6;len mithalten kann. Es bietet ein ausgezeichnetes Preis-Leistungs-Verh&#xE4;ltnis.<\/p>\n\n\n\n<p>Leider sind auf dem Etikett des Herstellers keine Informationen zur Temperaturbest&#xE4;ndigkeit dieses Produkts angegeben. Da es sich jedoch um natives Oliven&#xF6;l handelt, kann man davon ausgehen, dass der <strong>Rauchpunkt bei etwa 170 Grad<\/strong> liegt.<\/p>\n\n\n<div class=\"wp-block-image\">\n<figure class=\"aligncenter\"><a href=\"https:\/\/www.harecker.de\/blog\/wp-content\/uploads\/2013\/02\/Gut-und-G&#xFC;nstig-Oliven&#xF6;l.jpg\"><img loading=\"lazy\" decoding=\"async\" width=\"300\" height=\"200\" src=\"https:\/\/www.harecker.de\/blog\/wp-content\/uploads\/2013\/02\/Gut-und-G&#xFC;nstig-Oliven&#xF6;l-300x200.jpg\" alt=\"\" class=\"wp-image-2052\" title=\"Gut und G&#xFC;nstig Oliven&#xF6;l\" srcset=\"https:\/\/www.harecker.de\/blog\/wp-content\/uploads\/2013\/02\/Gut-und-G&#xFC;nstig-Oliven&#xF6;l-300x200.jpg 300w, https:\/\/www.harecker.de\/blog\/wp-content\/uploads\/2013\/02\/Gut-und-G&#xFC;nstig-Oliven&#xF6;l-350x233.jpg 350w, https:\/\/www.harecker.de\/blog\/wp-content\/uploads\/2013\/02\/Gut-und-G&#xFC;nstig-Oliven&#xF6;l-768x512.jpg 768w, https:\/\/www.harecker.de\/blog\/wp-content\/uploads\/2013\/02\/Gut-und-G&#xFC;nstig-Oliven&#xF6;l-1024x682.jpg 1024w, https:\/\/www.harecker.de\/blog\/wp-content\/uploads\/2013\/02\/Gut-und-G&#xFC;nstig-Oliven&#xF6;l-500x333.jpg 500w, https:\/\/www.harecker.de\/blog\/wp-content\/uploads\/2013\/02\/Gut-und-G&#xFC;nstig-Oliven&#xF6;l-250x167.jpg 250w\" sizes=\"auto, (max-width: 300px) 100vw, 300px\"\/><\/a><\/figure>\n<\/div>\n\n<div class=\"wp-block-image\">\n<figure class=\"aligncenter\"><a href=\"https:\/\/www.harecker.de\/blog\/wp-content\/uploads\/2013\/02\/Gut-und-G&#xFC;nstig-Oliven&#xF6;l_Etikett.jpg\"><img loading=\"lazy\" decoding=\"async\" width=\"174\" height=\"300\" src=\"https:\/\/www.harecker.de\/blog\/wp-content\/uploads\/2013\/02\/Gut-und-G&#xFC;nstig-Oliven&#xF6;l_Etikett-174x300.jpg\" alt=\"\" class=\"wp-image-2053\" srcset=\"https:\/\/www.harecker.de\/blog\/wp-content\/uploads\/2013\/02\/Gut-und-G&#xFC;nstig-Oliven&#xF6;l_Etikett-174x300.jpg 174w, https:\/\/www.harecker.de\/blog\/wp-content\/uploads\/2013\/02\/Gut-und-G&#xFC;nstig-Oliven&#xF6;l_Etikett-203x350.jpg 203w, https:\/\/www.harecker.de\/blog\/wp-content\/uploads\/2013\/02\/Gut-und-G&#xFC;nstig-Oliven&#xF6;l_Etikett-594x1024.jpg 594w, https:\/\/www.harecker.de\/blog\/wp-content\/uploads\/2013\/02\/Gut-und-G&#xFC;nstig-Oliven&#xF6;l_Etikett-500x861.jpg 500w, https:\/\/www.harecker.de\/blog\/wp-content\/uploads\/2013\/02\/Gut-und-G&#xFC;nstig-Oliven&#xF6;l_Etikett-250x431.jpg 250w, https:\/\/www.harecker.de\/blog\/wp-content\/uploads\/2013\/02\/Gut-und-G&#xFC;nstig-Oliven&#xF6;l_Etikett.jpg 620w\" sizes=\"auto, (max-width: 174px) 100vw, 174px\"\/><\/a><figcaption class=\"wp-element-caption\">Angaben des Herstellers<\/figcaption><\/figure>\n<\/div>\n\n\n<p class=\"has-text-align-left\">Weitere Informationen finden Sie unter: <span class=\"removed_link\" title=\"http:\/\/www.edeka.de\"><strong>www.edeka.de<\/strong><\/span><\/p>\n\n\n\n<p><\/p>\n\n\n\n<h2 class=\"wp-block-heading has-text-align-left\" id=\"h-rapsole\">Raps&#xF6;le: <\/h2>\n\n\n\n<p class=\"has-text-align-left\">Ebenfalls h&#xE4;ufig in der deutschen K&#xFC;che zu finden ist Raps&#xF6;l. &#xA0;Wie bei jedem Gericht und den verschiedensten Zutaten und Gew&#xFC;rzen ist auch &#xD6;l eine Frage des Geschmacks.<\/p>\n\n\n\n<p class=\"has-text-align-left\">Der Rauchpunkt von unraffiniertem ( Kaltgepressten ) Raps&#xF6;l liegt bei 190 Grad. Raps&#xF6;l das durch Raffinierung gewonnen wird hat sogar eine Temperaturbest&#xE4;ndigkeit von 220 Grad. Raps&#xF6;l eignet sich daher auch zum scharfen anbraten.<\/p>\n\n\n\n<p class=\"has-text-align-left\">Wie schon beim Oliven&#xF6;l gibt es auch beim Raps&#xF6;l unz&#xE4;hlige Hersteller und &#xD6;le in den verschiedensten Preisklassen.<br>Wir stellen Ihnen 2 verschiedene Marken vor.<\/p>\n\n\n\n<ul class=\"wp-block-list\">\n<li><span style=\"text-decoration: underline;\"><strong>Br&#xE4;ndle &#x2013; Vita Raps&#xF6;l<\/strong><\/span><\/li>\n<\/ul>\n\n\n\n<p>Das Raps&#xF6;l aus dem Hause Br&#xE4;ndle wurde &#xA0;in der Ausgabe der Stiftung Warentest 11\/2009 mit Testergebnis Gut ( 1,9 ) ausgezeichnet. Laut Hersteller ist das &#xD6;l aus 65% einfach unges&#xE4;ttigten Fetts&#xE4;uren und 27 % Mehrfach ges&#xE4;ttigten Fetts&#xE4;uren zusammen gesetzt. Damit ist das &#xD6;l ideal f&#xFC;rs Kochen, und Braten wie auch f&#xFC;r die kalte K&#xFC;che ( Salate ) geeignet.<\/p>\n\n\n\n<p>Die Firma Br&#xE4;ndle weist das &#xD6;l auch f&#xFC;r die Zubereitung von Babynahrung aus und f&#xFC;hrt laufend Qualit&#xE4;tskontrollen von der Saat bis zum fertigen Produkt durch. Aus dem Hause Br&#xE4;ndle kommen noch weitere &#xD6;le auf die wir gleich noch eingehen werden.<\/p>\n\n\n<div class=\"wp-block-image\">\n<figure class=\"aligncenter\"><a href=\"https:\/\/www.harecker.de\/blog\/wp-content\/uploads\/2013\/02\/Br&#xE4;ndle-Raps&#xF6;l.jpg\"><img loading=\"lazy\" decoding=\"async\" width=\"300\" height=\"200\" src=\"https:\/\/www.harecker.de\/blog\/wp-content\/uploads\/2013\/02\/Br&#xE4;ndle-Raps&#xF6;l-300x200.jpg\" alt=\"\" class=\"wp-image-2054\" srcset=\"https:\/\/www.harecker.de\/blog\/wp-content\/uploads\/2013\/02\/Br&#xE4;ndle-Raps&#xF6;l-300x200.jpg 300w, https:\/\/www.harecker.de\/blog\/wp-content\/uploads\/2013\/02\/Br&#xE4;ndle-Raps&#xF6;l-350x233.jpg 350w, https:\/\/www.harecker.de\/blog\/wp-content\/uploads\/2013\/02\/Br&#xE4;ndle-Raps&#xF6;l-768x512.jpg 768w, https:\/\/www.harecker.de\/blog\/wp-content\/uploads\/2013\/02\/Br&#xE4;ndle-Raps&#xF6;l-1024x682.jpg 1024w, https:\/\/www.harecker.de\/blog\/wp-content\/uploads\/2013\/02\/Br&#xE4;ndle-Raps&#xF6;l-500x333.jpg 500w, https:\/\/www.harecker.de\/blog\/wp-content\/uploads\/2013\/02\/Br&#xE4;ndle-Raps&#xF6;l-250x167.jpg 250w\" sizes=\"auto, (max-width: 300px) 100vw, 300px\"\/><\/a><figcaption class=\"wp-element-caption\">Vita Raps&#xF6;l aus dem Hause Br&#xE4;ndle<\/figcaption><\/figure>\n<\/div>\n\n<div class=\"wp-block-image\">\n<figure class=\"aligncenter\"><a href=\"https:\/\/www.harecker.de\/blog\/wp-content\/uploads\/2013\/02\/Br&#xE4;ndle-Raps&#xF6;l_Etikett.jpg\"><img loading=\"lazy\" decoding=\"async\" width=\"254\" height=\"300\" src=\"https:\/\/www.harecker.de\/blog\/wp-content\/uploads\/2013\/02\/Br&#xE4;ndle-Raps&#xF6;l_Etikett-254x300.jpg\" alt=\"\" class=\"wp-image-2055\" srcset=\"https:\/\/www.harecker.de\/blog\/wp-content\/uploads\/2013\/02\/Br&#xE4;ndle-Raps&#xF6;l_Etikett-254x300.jpg 254w, https:\/\/www.harecker.de\/blog\/wp-content\/uploads\/2013\/02\/Br&#xE4;ndle-Raps&#xF6;l_Etikett-297x350.jpg 297w, https:\/\/www.harecker.de\/blog\/wp-content\/uploads\/2013\/02\/Br&#xE4;ndle-Raps&#xF6;l_Etikett-768x906.jpg 768w, https:\/\/www.harecker.de\/blog\/wp-content\/uploads\/2013\/02\/Br&#xE4;ndle-Raps&#xF6;l_Etikett-500x590.jpg 500w, https:\/\/www.harecker.de\/blog\/wp-content\/uploads\/2013\/02\/Br&#xE4;ndle-Raps&#xF6;l_Etikett-250x295.jpg 250w, https:\/\/www.harecker.de\/blog\/wp-content\/uploads\/2013\/02\/Br&#xE4;ndle-Raps&#xF6;l_Etikett.jpg 848w\" sizes=\"auto, (max-width: 254px) 100vw, 254px\"\/><\/a><figcaption class=\"wp-element-caption\">Angaben des Herstellers<\/figcaption><\/figure>\n<\/div>\n\n\n<ul class=\"wp-block-list\">\n<li><strong>Raps Kern&ouml;l Marke &bdquo;Gut&amp; G&uuml;nstig&ldquo; von EDEKA<\/strong><\/li>\n<\/ul>\n\n\n\n<p>Auch die Firma Edeka hat unter der Hauseigenen Marke Gut&amp;G&uuml;nstig ein kaltgepresstes Raps&ouml;l im Sortiment. Auch hier ist wieder ganz klar zu sagen das Preis \/ Leistung absolut stimmen. Dieses &Ouml;l hat 2011&nbsp; 2012 die DGF Raps&ouml;l Medaille f&uuml;r ausgezeichneten Geschmack gewonnen.<\/p>\n\n\n<div class=\"wp-block-image\">\n<figure class=\"aligncenter\"><a href=\"https:\/\/www.harecker.de\/blog\/wp-content\/uploads\/2013\/02\/Gut-und-G&#xFC;nstig-Raps-Kern&#xF6;l.jpg\"><img loading=\"lazy\" decoding=\"async\" width=\"300\" height=\"200\" src=\"https:\/\/www.harecker.de\/blog\/wp-content\/uploads\/2013\/02\/Gut-und-G&#xFC;nstig-Raps-Kern&#xF6;l-300x200.jpg\" alt=\"\" class=\"wp-image-2056\" srcset=\"https:\/\/www.harecker.de\/blog\/wp-content\/uploads\/2013\/02\/Gut-und-G&#xFC;nstig-Raps-Kern&#xF6;l-300x200.jpg 300w, https:\/\/www.harecker.de\/blog\/wp-content\/uploads\/2013\/02\/Gut-und-G&#xFC;nstig-Raps-Kern&#xF6;l-350x233.jpg 350w, https:\/\/www.harecker.de\/blog\/wp-content\/uploads\/2013\/02\/Gut-und-G&#xFC;nstig-Raps-Kern&#xF6;l-768x512.jpg 768w, https:\/\/www.harecker.de\/blog\/wp-content\/uploads\/2013\/02\/Gut-und-G&#xFC;nstig-Raps-Kern&#xF6;l-1024x682.jpg 1024w, https:\/\/www.harecker.de\/blog\/wp-content\/uploads\/2013\/02\/Gut-und-G&#xFC;nstig-Raps-Kern&#xF6;l-500x333.jpg 500w, https:\/\/www.harecker.de\/blog\/wp-content\/uploads\/2013\/02\/Gut-und-G&#xFC;nstig-Raps-Kern&#xF6;l-250x167.jpg 250w\" sizes=\"auto, (max-width: 300px) 100vw, 300px\"\/><\/a><figcaption class=\"wp-element-caption\">Raps Kern&ouml;l der Marke Gut &amp; G&uuml;nstig ( EDEKA )<\/figcaption><\/figure>\n<\/div>\n\n<div class=\"wp-block-image\">\n<figure class=\"aligncenter\"><a href=\"https:\/\/www.harecker.de\/blog\/wp-content\/uploads\/2013\/02\/Gut-und-G&#xFC;nstig-Raps-Kern&#xF6;l_Etikett.jpg\"><img loading=\"lazy\" decoding=\"async\" width=\"97\" height=\"300\" src=\"https:\/\/www.harecker.de\/blog\/wp-content\/uploads\/2013\/02\/Gut-und-G&#xFC;nstig-Raps-Kern&#xF6;l_Etikett-97x300.jpg\" alt=\"\" class=\"wp-image-2057\" srcset=\"https:\/\/www.harecker.de\/blog\/wp-content\/uploads\/2013\/02\/Gut-und-G&#xFC;nstig-Raps-Kern&#xF6;l_Etikett-97x300.jpg 97w, https:\/\/www.harecker.de\/blog\/wp-content\/uploads\/2013\/02\/Gut-und-G&#xFC;nstig-Raps-Kern&#xF6;l_Etikett-113x350.jpg 113w, https:\/\/www.harecker.de\/blog\/wp-content\/uploads\/2013\/02\/Gut-und-G&#xFC;nstig-Raps-Kern&#xF6;l_Etikett-331x1024.jpg 331w, https:\/\/www.harecker.de\/blog\/wp-content\/uploads\/2013\/02\/Gut-und-G&#xFC;nstig-Raps-Kern&#xF6;l_Etikett-250x773.jpg 250w, https:\/\/www.harecker.de\/blog\/wp-content\/uploads\/2013\/02\/Gut-und-G&#xFC;nstig-Raps-Kern&#xF6;l_Etikett.jpg 394w\" sizes=\"auto, (max-width: 97px) 100vw, 97px\"\/><\/a><figcaption class=\"wp-element-caption\">Angaben des Herstellers<\/figcaption><\/figure>\n<\/div>\n\n\n<h2 class=\"wp-block-heading\" id=\"h-walnussol\">Walnuss&#xF6;l<\/h2>\n\n\n\n<ul class=\"wp-block-list\">\n<li><span style=\"text-decoration: underline;\"><strong>Br&#xE4;ndle Vita Walnuss&#xF6;l&#xA0;<\/strong><\/span><\/li>\n<\/ul>\n\n\n\n<p class=\"has-text-align-left\">Ebenfalls aus dem&#xA0;Hause Br&#xE4;ndle kommt&#xA0;das von uns getestete Vita Walnuss&#xF6;l.<\/p>\n\n\n\n<p class=\"has-text-align-left\">Dieses Walnuss&#xF6;l wird aus ausgesuchten frischen N&#xFC;ssen gewonnen. Besonders in der kalten K&#xFC;che kommt kommt Walnuss&#xF6;l besonders zur Geltung. Walnuss&#xF6;l ist besonders reich an Vitaminen, insbesondere das Vitamin B. Es ist ebenfalls reich an unges&#xE4;ttigten Fetts&#xE4;uren. Der Hersteller selbst empfiehlt das &#xD6;l zum Kochen, Backen und Braten sowie f&#xFC;r die kalte K&#xFC;che.<\/p>\n\n\n\n<p class=\"has-text-align-left\">Walnuss&#xF6;l hat einen sehr niedrigen Rauchpunkt, ca. 140 Grad. daher ist es unserer Meinung nach nicht zum scharfen anbraten geeignet.<\/p>\n\n\n<div class=\"wp-block-image\">\n<figure class=\"aligncenter\"><a href=\"https:\/\/www.harecker.de\/blog\/wp-content\/uploads\/2013\/02\/Br&#xE4;ndle-Walnuss&#xF6;l.jpg\"><img loading=\"lazy\" decoding=\"async\" width=\"300\" height=\"200\" src=\"https:\/\/www.harecker.de\/blog\/wp-content\/uploads\/2013\/02\/Br&#xE4;ndle-Walnuss&#xF6;l-300x200.jpg\" alt=\"\" class=\"wp-image-2059\" srcset=\"https:\/\/www.harecker.de\/blog\/wp-content\/uploads\/2013\/02\/Br&#xE4;ndle-Walnuss&#xF6;l-300x200.jpg 300w, https:\/\/www.harecker.de\/blog\/wp-content\/uploads\/2013\/02\/Br&#xE4;ndle-Walnuss&#xF6;l-350x233.jpg 350w, https:\/\/www.harecker.de\/blog\/wp-content\/uploads\/2013\/02\/Br&#xE4;ndle-Walnuss&#xF6;l-768x512.jpg 768w, https:\/\/www.harecker.de\/blog\/wp-content\/uploads\/2013\/02\/Br&#xE4;ndle-Walnuss&#xF6;l-1024x682.jpg 1024w, https:\/\/www.harecker.de\/blog\/wp-content\/uploads\/2013\/02\/Br&#xE4;ndle-Walnuss&#xF6;l-500x333.jpg 500w, https:\/\/www.harecker.de\/blog\/wp-content\/uploads\/2013\/02\/Br&#xE4;ndle-Walnuss&#xF6;l-250x167.jpg 250w\" sizes=\"auto, (max-width: 300px) 100vw, 300px\"\/><\/a><figcaption class=\"wp-element-caption\">Br&#xE4;ndle Vita Walnuss&#xF6;l<\/figcaption><\/figure>\n<\/div>\n\n<div class=\"wp-block-image\">\n<figure class=\"aligncenter\"><a href=\"https:\/\/www.harecker.de\/blog\/wp-content\/uploads\/2013\/02\/Br&#xE4;ndle-Walnuss&#xF6;l_Etikett.jpg\"><img loading=\"lazy\" decoding=\"async\" width=\"283\" height=\"300\" src=\"https:\/\/www.harecker.de\/blog\/wp-content\/uploads\/2013\/02\/Br&#xE4;ndle-Walnuss&#xF6;l_Etikett-283x300.jpg\" alt=\"\" class=\"wp-image-2060\" srcset=\"https:\/\/www.harecker.de\/blog\/wp-content\/uploads\/2013\/02\/Br&#xE4;ndle-Walnuss&#xF6;l_Etikett-283x300.jpg 283w, https:\/\/www.harecker.de\/blog\/wp-content\/uploads\/2013\/02\/Br&#xE4;ndle-Walnuss&#xF6;l_Etikett-330x350.jpg 330w, https:\/\/www.harecker.de\/blog\/wp-content\/uploads\/2013\/02\/Br&#xE4;ndle-Walnuss&#xF6;l_Etikett-768x814.jpg 768w, https:\/\/www.harecker.de\/blog\/wp-content\/uploads\/2013\/02\/Br&#xE4;ndle-Walnuss&#xF6;l_Etikett-500x530.jpg 500w, https:\/\/www.harecker.de\/blog\/wp-content\/uploads\/2013\/02\/Br&#xE4;ndle-Walnuss&#xF6;l_Etikett-250x265.jpg 250w, https:\/\/www.harecker.de\/blog\/wp-content\/uploads\/2013\/02\/Br&#xE4;ndle-Walnuss&#xF6;l_Etikett.jpg 834w\" sizes=\"auto, (max-width: 283px) 100vw, 283px\"\/><\/a><figcaption class=\"wp-element-caption\">Angaben des Herstellers<\/figcaption><\/figure>\n<\/div>\n\n\n<h2 class=\"wp-block-heading\" id=\"h-sesamol\">Sesam&#xF6;l<\/h2>\n\n\n\n<ul class=\"wp-block-list\">\n<li><span style=\"text-decoration: underline;\"><strong>Br&#xE4;ndle Vita Sesam&#xF6;l<\/strong><\/span><\/li>\n<\/ul>\n\n\n\n<p>Die Firma Br&#xE4;ndle aus Empfingen bietet eine Vielzahl an verschiedenene &#xD6;len. Ebenfalls in unserem Test das Vita Sesam&#xF6;l.<br>Dieses Sesam&#xF6;l wird in einem kaltpress Verfahren hergestellt. Aus ausgesuchten Sesamkernen wird in einem besonders schonenden Kaltpressverfahren hergestellt. Das Sesam&#xF6;l findet besonders in der ostasiatischen K&#xFC;che verwendet. Der Rauchpunkt von Sesam&#xF6;l liegt bei ca. 175 Grad. Damit ist das Sesam&#xF6;l nur bedingt zum scharfen anbraten geeignet.<\/p>\n\n\n<div class=\"wp-block-image\">\n<figure class=\"aligncenter\"><a href=\"https:\/\/www.harecker.de\/blog\/wp-content\/uploads\/2013\/02\/Br&#xE4;ndle-Sesam&#xF6;l.jpg\"><img loading=\"lazy\" decoding=\"async\" width=\"300\" height=\"200\" src=\"https:\/\/www.harecker.de\/blog\/wp-content\/uploads\/2013\/02\/Br&#xE4;ndle-Sesam&#xF6;l-300x200.jpg\" alt=\"\" class=\"wp-image-2061\" srcset=\"https:\/\/www.harecker.de\/blog\/wp-content\/uploads\/2013\/02\/Br&#xE4;ndle-Sesam&#xF6;l-300x200.jpg 300w, https:\/\/www.harecker.de\/blog\/wp-content\/uploads\/2013\/02\/Br&#xE4;ndle-Sesam&#xF6;l-350x233.jpg 350w, https:\/\/www.harecker.de\/blog\/wp-content\/uploads\/2013\/02\/Br&#xE4;ndle-Sesam&#xF6;l-768x512.jpg 768w, https:\/\/www.harecker.de\/blog\/wp-content\/uploads\/2013\/02\/Br&#xE4;ndle-Sesam&#xF6;l-1024x682.jpg 1024w, https:\/\/www.harecker.de\/blog\/wp-content\/uploads\/2013\/02\/Br&#xE4;ndle-Sesam&#xF6;l-500x333.jpg 500w, https:\/\/www.harecker.de\/blog\/wp-content\/uploads\/2013\/02\/Br&#xE4;ndle-Sesam&#xF6;l-250x167.jpg 250w\" sizes=\"auto, (max-width: 300px) 100vw, 300px\"\/><\/a><figcaption class=\"wp-element-caption\">Br&#xE4;ndle Vita Sesam&#xF6;l<\/figcaption><\/figure>\n<\/div>\n\n<div class=\"wp-block-image\">\n<figure class=\"aligncenter\"><a href=\"https:\/\/www.harecker.de\/blog\/wp-content\/uploads\/2013\/02\/Br&#xE4;ndle-Sesam&#xF6;l_Etikett.jpg\"><img loading=\"lazy\" decoding=\"async\" width=\"266\" height=\"300\" src=\"https:\/\/www.harecker.de\/blog\/wp-content\/uploads\/2013\/02\/Br&#xE4;ndle-Sesam&#xF6;l_Etikett-266x300.jpg\" alt=\"\" class=\"wp-image-2062\" srcset=\"https:\/\/www.harecker.de\/blog\/wp-content\/uploads\/2013\/02\/Br&#xE4;ndle-Sesam&#xF6;l_Etikett-266x300.jpg 266w, https:\/\/www.harecker.de\/blog\/wp-content\/uploads\/2013\/02\/Br&#xE4;ndle-Sesam&#xF6;l_Etikett-311x350.jpg 311w, https:\/\/www.harecker.de\/blog\/wp-content\/uploads\/2013\/02\/Br&#xE4;ndle-Sesam&#xF6;l_Etikett-768x865.jpg 768w, https:\/\/www.harecker.de\/blog\/wp-content\/uploads\/2013\/02\/Br&#xE4;ndle-Sesam&#xF6;l_Etikett-500x563.jpg 500w, https:\/\/www.harecker.de\/blog\/wp-content\/uploads\/2013\/02\/Br&#xE4;ndle-Sesam&#xF6;l_Etikett-250x282.jpg 250w, https:\/\/www.harecker.de\/blog\/wp-content\/uploads\/2013\/02\/Br&#xE4;ndle-Sesam&#xF6;l_Etikett.jpg 888w\" sizes=\"auto, (max-width: 266px) 100vw, 266px\"\/><\/a><figcaption class=\"wp-element-caption\">Angaben des Herstellers<\/figcaption><\/figure>\n<\/div>\n\n\n<p class=\"has-text-align-left\">Weitere Infos und Hinweise finden Sie unter: <a href=\"https:\/\/braendle.de\/#\" target=\"_blank\" rel=\"noreferrer noopener\">braendle.de<\/a><\/p>\n\n\n\n<h2 class=\"wp-block-heading\" id=\"h-mazola-keimol\"><span style=\"text-decoration: underline;\">Mazola Keim&#xF6;l<\/span><\/h2>\n\n\n\n<p>Ebenfalls weit verbreitet ist das Mazola Keim&#xF6;l. Dieses &#xD6;l wird aus Maisk&#xF6;rnern gewonnen und ist geschmacksneutral.<br>Daher ist das Keim&#xF6;l sehr vielseitig verwendbar. Es ist besonders reich an nat&#xFC;rlichen Wirkstoffen wie z.B. Vitamin E.<br>Der Rauchpunkt liegt bei ca. 200 Grad und ist damit zum scharfen Anbraten wie auch zum Backen und zum Kochen geeignet.<\/p>\n\n\n\n<p>Wenn Sie das Keim&#xF6;l zum Backen verwenden ersetzen 80 Gramm Keim&#xF6;l 100 gramm Butter. Mazola Keim&#xF6;l ist ebenfalls bestens geeignet zum Marinieren von Fleisch und Fisch.<\/p>\n\n\n<div class=\"wp-block-image\">\n<figure class=\"aligncenter\"><a href=\"https:\/\/www.harecker.de\/blog\/wp-content\/uploads\/2013\/02\/Mazola-Keim&#xF6;l1.jpg\"><img loading=\"lazy\" decoding=\"async\" width=\"300\" height=\"200\" src=\"https:\/\/www.harecker.de\/blog\/wp-content\/uploads\/2013\/02\/Mazola-Keim&#xF6;l1-300x200.jpg\" alt=\"\" class=\"wp-image-2064\" srcset=\"https:\/\/www.harecker.de\/blog\/wp-content\/uploads\/2013\/02\/Mazola-Keim&#xF6;l1-300x200.jpg 300w, https:\/\/www.harecker.de\/blog\/wp-content\/uploads\/2013\/02\/Mazola-Keim&#xF6;l1-350x233.jpg 350w, https:\/\/www.harecker.de\/blog\/wp-content\/uploads\/2013\/02\/Mazola-Keim&#xF6;l1-768x512.jpg 768w, https:\/\/www.harecker.de\/blog\/wp-content\/uploads\/2013\/02\/Mazola-Keim&#xF6;l1-1024x682.jpg 1024w, https:\/\/www.harecker.de\/blog\/wp-content\/uploads\/2013\/02\/Mazola-Keim&#xF6;l1-500x333.jpg 500w, https:\/\/www.harecker.de\/blog\/wp-content\/uploads\/2013\/02\/Mazola-Keim&#xF6;l1-250x167.jpg 250w\" sizes=\"auto, (max-width: 300px) 100vw, 300px\"\/><\/a><figcaption class=\"wp-element-caption\">Mazola Keim&#xF6;l<\/figcaption><\/figure>\n<\/div>\n\n<div class=\"wp-block-image\">\n<figure class=\"aligncenter\"><a href=\"https:\/\/www.harecker.de\/blog\/wp-content\/uploads\/2013\/02\/Mazola-Keim&#xF6;l_Etikett.jpg\"><img loading=\"lazy\" decoding=\"async\" width=\"262\" height=\"300\" src=\"https:\/\/www.harecker.de\/blog\/wp-content\/uploads\/2013\/02\/Mazola-Keim&#xF6;l_Etikett-262x300.jpg\" alt=\"\" class=\"wp-image-2065\" srcset=\"https:\/\/www.harecker.de\/blog\/wp-content\/uploads\/2013\/02\/Mazola-Keim&#xF6;l_Etikett-262x300.jpg 262w, https:\/\/www.harecker.de\/blog\/wp-content\/uploads\/2013\/02\/Mazola-Keim&#xF6;l_Etikett-306x350.jpg 306w, https:\/\/www.harecker.de\/blog\/wp-content\/uploads\/2013\/02\/Mazola-Keim&#xF6;l_Etikett-768x879.jpg 768w, https:\/\/www.harecker.de\/blog\/wp-content\/uploads\/2013\/02\/Mazola-Keim&#xF6;l_Etikett-500x572.jpg 500w, https:\/\/www.harecker.de\/blog\/wp-content\/uploads\/2013\/02\/Mazola-Keim&#xF6;l_Etikett-250x286.jpg 250w, https:\/\/www.harecker.de\/blog\/wp-content\/uploads\/2013\/02\/Mazola-Keim&#xF6;l_Etikett.jpg 874w\" sizes=\"auto, (max-width: 262px) 100vw, 262px\"\/><\/a><figcaption class=\"wp-element-caption\">Angaben des Herstellers<\/figcaption><\/figure>\n<\/div>\n\n\n<p class=\"has-text-align-left\">Weitere Infos und Hinweise finden Sie unter: <a href=\"https:\/\/www.mazola.de\/\" target=\"_blank\" rel=\"noreferrer noopener\">Mazola.de<\/a><\/p>\n\n\n\n<h2 class=\"wp-block-heading\" id=\"h-nbsp\">&#xA0;<\/h2>\n\n\n\n<h2 class=\"wp-block-heading\" id=\"h-nbsp-0\">&#xA0;<\/h2>\n\n\n<div class=\"wp-block-image\">\n<figure class=\"aligncenter\"><a href=\"https:\/\/www.harecker.de\/blog\/wp-content\/uploads\/2013\/02\/Biskin-Spezial.jpg\"><img loading=\"lazy\" decoding=\"async\" width=\"300\" height=\"200\" src=\"https:\/\/www.harecker.de\/blog\/wp-content\/uploads\/2013\/02\/Biskin-Spezial-300x200.jpg\" alt=\"\" class=\"wp-image-2066\" srcset=\"https:\/\/www.harecker.de\/blog\/wp-content\/uploads\/2013\/02\/Biskin-Spezial-300x200.jpg 300w, https:\/\/www.harecker.de\/blog\/wp-content\/uploads\/2013\/02\/Biskin-Spezial-350x233.jpg 350w, https:\/\/www.harecker.de\/blog\/wp-content\/uploads\/2013\/02\/Biskin-Spezial-768x512.jpg 768w, https:\/\/www.harecker.de\/blog\/wp-content\/uploads\/2013\/02\/Biskin-Spezial-1024x682.jpg 1024w, https:\/\/www.harecker.de\/blog\/wp-content\/uploads\/2013\/02\/Biskin-Spezial-500x333.jpg 500w, https:\/\/www.harecker.de\/blog\/wp-content\/uploads\/2013\/02\/Biskin-Spezial-250x167.jpg 250w\" sizes=\"auto, (max-width: 300px) 100vw, 300px\"\/><\/a><figcaption class=\"wp-element-caption\">Biskin Spezial<\/figcaption><\/figure>\n<\/div>\n\n<div class=\"wp-block-image\">\n<figure class=\"aligncenter\"><a href=\"https:\/\/www.harecker.de\/blog\/wp-content\/uploads\/2013\/02\/Biskin-Spezial_Etikett.jpg\"><img loading=\"lazy\" decoding=\"async\" width=\"217\" height=\"300\" src=\"https:\/\/www.harecker.de\/blog\/wp-content\/uploads\/2013\/02\/Biskin-Spezial_Etikett-217x300.jpg\" alt=\"\" class=\"wp-image-2067\" srcset=\"https:\/\/www.harecker.de\/blog\/wp-content\/uploads\/2013\/02\/Biskin-Spezial_Etikett-217x300.jpg 217w, https:\/\/www.harecker.de\/blog\/wp-content\/uploads\/2013\/02\/Biskin-Spezial_Etikett-253x350.jpg 253w, https:\/\/www.harecker.de\/blog\/wp-content\/uploads\/2013\/02\/Biskin-Spezial_Etikett-500x690.jpg 500w, https:\/\/www.harecker.de\/blog\/wp-content\/uploads\/2013\/02\/Biskin-Spezial_Etikett-250x345.jpg 250w, https:\/\/www.harecker.de\/blog\/wp-content\/uploads\/2013\/02\/Biskin-Spezial_Etikett.jpg 704w\" sizes=\"auto, (max-width: 217px) 100vw, 217px\"\/><\/a><figcaption class=\"wp-element-caption\">Angaben des Herstellers<\/figcaption><\/figure>\n<\/div>\n\n\n<p>Biskin Spezial gibt es nicht nur als &#xD6;l sondern auch als festes Fett. Festes Fett ist h&#xF6;her erhitzbar und eignet sich auch zum Frittieren oder Fondue.<\/p>\n\n\n<div class=\"wp-block-image\">\n<figure class=\"aligncenter\"><a href=\"https:\/\/www.harecker.de\/blog\/wp-content\/uploads\/2013\/02\/Biskin-Spezial-festes-Fett.jpg\"><img loading=\"lazy\" decoding=\"async\" width=\"300\" height=\"200\" src=\"https:\/\/www.harecker.de\/blog\/wp-content\/uploads\/2013\/02\/Biskin-Spezial-festes-Fett-300x200.jpg\" alt=\"\" class=\"wp-image-2068\" srcset=\"https:\/\/www.harecker.de\/blog\/wp-content\/uploads\/2013\/02\/Biskin-Spezial-festes-Fett-300x200.jpg 300w, https:\/\/www.harecker.de\/blog\/wp-content\/uploads\/2013\/02\/Biskin-Spezial-festes-Fett-350x233.jpg 350w, https:\/\/www.harecker.de\/blog\/wp-content\/uploads\/2013\/02\/Biskin-Spezial-festes-Fett-768x512.jpg 768w, https:\/\/www.harecker.de\/blog\/wp-content\/uploads\/2013\/02\/Biskin-Spezial-festes-Fett-1024x682.jpg 1024w, https:\/\/www.harecker.de\/blog\/wp-content\/uploads\/2013\/02\/Biskin-Spezial-festes-Fett-500x333.jpg 500w, https:\/\/www.harecker.de\/blog\/wp-content\/uploads\/2013\/02\/Biskin-Spezial-festes-Fett-250x167.jpg 250w\" sizes=\"auto, (max-width: 300px) 100vw, 300px\"\/><\/a><figcaption class=\"wp-element-caption\">Biskin Spezial Pflanzenfett<\/figcaption><\/figure>\n<\/div>\n\n\n<p>Aus dem Hause Biskin kommt auch eine Pflanzencreme mit Buttergeschmack. Es ist zum Braten, D&#xFC;nsten, Backen aber <strong>nicht zum Frittieren geeignet. <\/strong>Die Biskin Pflanzencreme passt hervorragend zu Fleisch und Fisch. 90 Gramm der Pflanzencreme ersetzen 100 Gramm Butter.<\/p>\n\n\n<div class=\"wp-block-image\">\n<figure class=\"aligncenter\"><a href=\"https:\/\/www.harecker.de\/blog\/wp-content\/uploads\/2013\/02\/Biskin-Pflanzencreme.jpg\"><img loading=\"lazy\" decoding=\"async\" width=\"300\" height=\"200\" src=\"https:\/\/www.harecker.de\/blog\/wp-content\/uploads\/2013\/02\/Biskin-Pflanzencreme-300x200.jpg\" alt=\"\" class=\"wp-image-2069\" srcset=\"https:\/\/www.harecker.de\/blog\/wp-content\/uploads\/2013\/02\/Biskin-Pflanzencreme-300x200.jpg 300w, https:\/\/www.harecker.de\/blog\/wp-content\/uploads\/2013\/02\/Biskin-Pflanzencreme-350x233.jpg 350w, https:\/\/www.harecker.de\/blog\/wp-content\/uploads\/2013\/02\/Biskin-Pflanzencreme-768x512.jpg 768w, https:\/\/www.harecker.de\/blog\/wp-content\/uploads\/2013\/02\/Biskin-Pflanzencreme-1024x682.jpg 1024w, https:\/\/www.harecker.de\/blog\/wp-content\/uploads\/2013\/02\/Biskin-Pflanzencreme-500x333.jpg 500w, https:\/\/www.harecker.de\/blog\/wp-content\/uploads\/2013\/02\/Biskin-Pflanzencreme-250x167.jpg 250w\" sizes=\"auto, (max-width: 300px) 100vw, 300px\"\/><\/a><figcaption class=\"wp-element-caption\">Biskin Pflanzencreme<\/figcaption><\/figure>\n<\/div>\n\n\n<p class=\"has-text-align-left\">Weitere Infos und Hinweise zu den Produkten der Firma Biskin finden Sie unter <a href=\"https:\/\/www.biskin.de\/\" target=\"_blank\" rel=\"noreferrer noopener\"><strong>www.biskin.de<\/strong><\/a><\/p>\n\n\n\n<h2 class=\"wp-block-heading\" id=\"h-sasso-traubenkernol\"><span style=\"text-decoration: underline;\">Sasso &#x2013; Traubenkern&#xF6;l<\/span><\/h2>\n\n\n\n<p>Traubenkern&#xF6;l ist ein sehr mildes und k&#xF6;stliches Speise&#xF6;l. Bestens geeignet f&#xFC;r eine ausgewogene Ern&#xE4;hrung. Das von uns getestete &#xD6;l stammt von der Firma Sasso. Seit 1860 steht die Firma Sasso als Traditionsmarke f&#xFC;r eine mediterrane Esskultur. Traubenkern&#xF6;l ist Hitzebest&#xE4;ndig bis 130 Grad als unraffiniertes und bis zu 200 Grad als raffiniertes &#xD6;l.<\/p>\n\n\n\n<p>Es ist f&#xFC;r die hei&#xDF;e als auch f&#xFC;r die kalte K&#xFC;che geeignet.<\/p>\n\n\n\n<p>Traubenkern&#xF6;l hat einen milden, feinherben Geschmack.<\/p>\n\n\n<div class=\"wp-block-image\">\n<figure class=\"aligncenter\"><a href=\"https:\/\/www.harecker.de\/blog\/wp-content\/uploads\/2013\/02\/Sasso-Traubenkern-&#xD6;l.jpg\"><img loading=\"lazy\" decoding=\"async\" width=\"300\" height=\"200\" src=\"https:\/\/www.harecker.de\/blog\/wp-content\/uploads\/2013\/02\/Sasso-Traubenkern-&#xD6;l-300x200.jpg\" alt=\"\" class=\"wp-image-2075\" srcset=\"https:\/\/www.harecker.de\/blog\/wp-content\/uploads\/2013\/02\/Sasso-Traubenkern-&#xD6;l-300x200.jpg 300w, https:\/\/www.harecker.de\/blog\/wp-content\/uploads\/2013\/02\/Sasso-Traubenkern-&#xD6;l-350x233.jpg 350w, https:\/\/www.harecker.de\/blog\/wp-content\/uploads\/2013\/02\/Sasso-Traubenkern-&#xD6;l-768x512.jpg 768w, https:\/\/www.harecker.de\/blog\/wp-content\/uploads\/2013\/02\/Sasso-Traubenkern-&#xD6;l-1024x682.jpg 1024w, https:\/\/www.harecker.de\/blog\/wp-content\/uploads\/2013\/02\/Sasso-Traubenkern-&#xD6;l-500x333.jpg 500w, https:\/\/www.harecker.de\/blog\/wp-content\/uploads\/2013\/02\/Sasso-Traubenkern-&#xD6;l-250x167.jpg 250w\" sizes=\"auto, (max-width: 300px) 100vw, 300px\"\/><\/a><figcaption class=\"wp-element-caption\">Sasso Traubenkern&#xF6;l<\/figcaption><\/figure>\n<\/div>\n\n\n<h2 class=\"wp-block-heading\" id=\"h-butaris-feines-butterschmalz\"><span style=\"text-decoration: underline;\">Butaris &#x2013; Feines Butterschmalz<\/span><\/h2>\n\n\n\n<p>Butterschmalz ist ein reines Naturprodukt, das aus der Butter hergestellt wird.<\/p>\n\n\n\n<p>Durch das Kl&#xE4;ren (Entzug von Eiwei&#xDF; und Wasser)&#xA0; wird Butterschmalz haltbarer, und brennt im Gegensatz zu Butter und anderen Fetten auch bei h&#xF6;heren Temperaturen nicht an und spritzt nicht. Butaris bietet einen einzigartigen Buttergeschmack und hebt die einzelnen Aromen der Speisen und Gew&#xFC;rze besonders hervor.<br>Butaris eignet sich hervorragend zum Kochen, Backen, Braten.<\/p>\n\n\n\n<p>Butterschmalz ist bis ca. 200 Grad Hitzebest&#xE4;ndig.<\/p>\n\n\n<div class=\"wp-block-image\">\n<figure class=\"aligncenter\"><a href=\"https:\/\/www.harecker.de\/blog\/wp-content\/uploads\/2013\/02\/Butaris.jpg\"><img loading=\"lazy\" decoding=\"async\" width=\"300\" height=\"200\" src=\"https:\/\/www.harecker.de\/blog\/wp-content\/uploads\/2013\/02\/Butaris-300x200.jpg\" alt=\"\" class=\"wp-image-2077\" srcset=\"https:\/\/www.harecker.de\/blog\/wp-content\/uploads\/2013\/02\/Butaris-300x200.jpg 300w, https:\/\/www.harecker.de\/blog\/wp-content\/uploads\/2013\/02\/Butaris-350x233.jpg 350w, https:\/\/www.harecker.de\/blog\/wp-content\/uploads\/2013\/02\/Butaris-768x512.jpg 768w, https:\/\/www.harecker.de\/blog\/wp-content\/uploads\/2013\/02\/Butaris-1024x682.jpg 1024w, https:\/\/www.harecker.de\/blog\/wp-content\/uploads\/2013\/02\/Butaris-500x333.jpg 500w, https:\/\/www.harecker.de\/blog\/wp-content\/uploads\/2013\/02\/Butaris-250x167.jpg 250w\" sizes=\"auto, (max-width: 300px) 100vw, 300px\"\/><\/a><figcaption class=\"wp-element-caption\">Butaris Butterschmalz<\/figcaption><\/figure>\n<\/div>\n\n\n<p class=\"has-text-align-left\">Viele weitere Informationen und zus&#xE4;tzliche Tipps und Tricks finden Sie unter <a href=\"https:\/\/www.butaris.de\/\" target=\"_blank\" rel=\"noreferrer noopener\">www.butaris.de<\/a><\/p>\n\n\n\n<p><\/p>\n\n\n\n<h3 class=\"wp-block-heading\" id=\"h-welche-ole-fette-bei-welcher-heizstufe\"><strong>Welche &#xD6;le \/ Fette bei welcher Heizstufe?<\/strong><\/h3>\n\n\n\n<p><strong>Kleine Heizstufe &#x2013; bis ca. 160&#xB0; C:<\/strong>&#xA0;Butter und Margarine, unraffiniertes Sesam-, Sonnenblumen- und Erdnuss&#xF6;l.<\/p>\n\n\n\n<p><strong>Mittlere Heizstufe &#x2013; ca. 180&#xB0;C -220&#xB0;C:<\/strong>&#xA0;Oliven&#xF6;l und Pflanzen&#xF6;le<\/p>\n\n\n\n<p><strong>Hohe Heizstufe &#x2013; ca. 240&#xB0;C &#x2013; 208&#xB0;C<\/strong>: Biskin, Palmin-Soft und geh&#xE4;rtete Fette (f&#xFC;r Steaks und scharfes Anbraten)<\/p>\n\n\n\n<p>Kaltgepresste &#xD6;le, Di&#xE4;tfette und Distel&#xF6;l sind&#xA0;<strong>nicht<\/strong>&#xA0;zum Braten geeignet &#x2013; au&#xDF;er vom Hersteller empfohlen.<\/p>\n\n\n\n<h3 class=\"wp-block-heading\" id=\"h-informationsflyer-von-pfannen-harecker\">Informationsflyer von Pfannen Harecker:<\/h3>\n\n\n<div class=\"wp-block-image\">\n<figure class=\"aligncenter\"><a href=\"https:\/\/www.harecker.de\/blog\/wp-content\/uploads\/2013\/02\/Flyer-&#xD6;le-und-Fette_2.jpg\"><img loading=\"lazy\" decoding=\"async\" width=\"300\" height=\"214\" src=\"https:\/\/www.harecker.de\/blog\/wp-content\/uploads\/2013\/02\/Flyer-&#xD6;le-und-Fette_2-300x214.jpg\" alt=\"\" class=\"wp-image-2082\" srcset=\"https:\/\/www.harecker.de\/blog\/wp-content\/uploads\/2013\/02\/Flyer-&#xD6;le-und-Fette_2-300x214.jpg 300w, https:\/\/www.harecker.de\/blog\/wp-content\/uploads\/2013\/02\/Flyer-&#xD6;le-und-Fette_2-350x250.jpg 350w, https:\/\/www.harecker.de\/blog\/wp-content\/uploads\/2013\/02\/Flyer-&#xD6;le-und-Fette_2-768x549.jpg 768w, https:\/\/www.harecker.de\/blog\/wp-content\/uploads\/2013\/02\/Flyer-&#xD6;le-und-Fette_2-1024x732.jpg 1024w, https:\/\/www.harecker.de\/blog\/wp-content\/uploads\/2013\/02\/Flyer-&#xD6;le-und-Fette_2-500x358.jpg 500w, https:\/\/www.harecker.de\/blog\/wp-content\/uploads\/2013\/02\/Flyer-&#xD6;le-und-Fette_2-250x179.jpg 250w, https:\/\/www.harecker.de\/blog\/wp-content\/uploads\/2013\/02\/Flyer-&#xD6;le-und-Fette_2.jpg 1767w\" sizes=\"auto, (max-width: 300px) 100vw, 300px\"\/><\/a><figcaption class=\"wp-element-caption\">Informationsflyer zum Download<br>Das richtige &#xD6;l \/ Fett zum Kochen, Backen, Braten<\/figcaption><\/figure>\n<\/div>\n\n<div class=\"wp-block-image\">\n<figure class=\"aligncenter\"><a href=\"https:\/\/www.harecker.de\/blog\/wp-content\/uploads\/2013\/02\/Flyer-&#xD6;le-und-Fette_1.jpg\"><img loading=\"lazy\" decoding=\"async\" width=\"300\" height=\"213\" src=\"https:\/\/www.harecker.de\/blog\/wp-content\/uploads\/2013\/02\/Flyer-&#xD6;le-und-Fette_1-300x213.jpg\" alt=\"\" class=\"wp-image-2083\" srcset=\"https:\/\/www.harecker.de\/blog\/wp-content\/uploads\/2013\/02\/Flyer-&#xD6;le-und-Fette_1-300x213.jpg 300w, https:\/\/www.harecker.de\/blog\/wp-content\/uploads\/2013\/02\/Flyer-&#xD6;le-und-Fette_1-350x250.jpg 350w, https:\/\/www.harecker.de\/blog\/wp-content\/uploads\/2013\/02\/Flyer-&#xD6;le-und-Fette_1-768x548.jpg 768w, https:\/\/www.harecker.de\/blog\/wp-content\/uploads\/2013\/02\/Flyer-&#xD6;le-und-Fette_1-1024x730.jpg 1024w, https:\/\/www.harecker.de\/blog\/wp-content\/uploads\/2013\/02\/Flyer-&#xD6;le-und-Fette_1-500x357.jpg 500w, https:\/\/www.harecker.de\/blog\/wp-content\/uploads\/2013\/02\/Flyer-&#xD6;le-und-Fette_1-250x178.jpg 250w, https:\/\/www.harecker.de\/blog\/wp-content\/uploads\/2013\/02\/Flyer-&#xD6;le-und-Fette_1.jpg 1772w\" sizes=\"auto, (max-width: 300px) 100vw, 300px\"\/><\/a><figcaption class=\"wp-element-caption\">Informationsflyer zum Download<br>Rauchpunkte der verschiedenen Fette und &#xD6;le<\/figcaption><\/figure>\n<\/div>\n\n\n<p><\/p>\n","protected":false},"excerpt":{"rendered":"<p>Die Verwendung von &#xD6;len und Fetten zum Kochen, Garen, Braten und Backen Die Auswahl f&#xFC;r das richtige &#xD6;l ist zur entscheidenden Frage geworden. Die Zubereitung von Speisen in deutschen K&#xFC;chen umfasst nicht mehr nur heimische Gerichte, sondern auch internationale K&#xFC;che wie italienisch, asiatisch, griechisch oder mediterran, sowohl s&#xFC;&#xDF; als auch deftig. Bei der Zubereitung wird&#x2026;<\/p>\n<p><a class=\"read-more\" href=\"https:\/\/www.harecker.de\/blog\/das-richtige-oel-kochen-wie-die-profis\/\">&#xBB; Weiterlesen<\/a><\/p>\n","protected":false},"author":4,"featured_media":3084,"comment_status":"open","ping_status":"open","sticky":false,"template":"","format":"standard","meta":{"_acf_changed":false,"wprm-recipe-roundup-name":"","wprm-recipe-roundup-description":"","_jetpack_memberships_contains_paid_content":false,"footnotes":""},"categories":[1632],"tags":[7758,7759,5775,5774,5536],"class_list":["post-2035","post","type-post","status-publish","format-standard","has-post-thumbnail","hentry","category-tipps-tricks-zu-pfannen-kochgeschirr-ernaerung","tag-das-richtige-oel-kochen-wie-die-profis","tag-das-richtige-oel-verwenden","tag-fette","tag-oele","tag-oele-und-fette"],"acf":[],"yoast_head":"<!-- This site is optimized with the Yoast SEO Premium plugin v27.4 (Yoast SEO v27.5) - https:\/\/yoast.com\/product\/yoast-seo-premium-wordpress\/ -->\n<title>Das richtige \u00d6l - Kochen wie die Profis - Die Pfanne von harecker.de<\/title>\n<meta name=\"description\" content=\"Welches ist das richtige \u00d6l zum Kochen, Garen, Braten und Backen? Hier eine \u00dcbersicht zu den gebr\u00e4uchlichsten \u00d6len im Markt.\" \/>\n<meta name=\"robots\" content=\"index, follow, max-snippet:-1, max-image-preview:large, max-video-preview:-1\" \/>\n<link rel=\"canonical\" href=\"https:\/\/www.harecker.de\/blog\/das-richtige-oel-kochen-wie-die-profis\/\" \/>\n<meta property=\"og:locale\" content=\"de_DE\" \/>\n<meta property=\"og:type\" content=\"article\" \/>\n<meta property=\"og:title\" content=\"Das richtige \u00d6l - Kochen wie die Profis\" \/>\n<meta property=\"og:description\" content=\"Die Verwendung von \u00d6len und Fetten zum Kochen, Garen, Braten und Backen Die Auswahl f\u00fcr das richtige \u00d6l ist zur entscheidenden Frage geworden. Die\" \/>\n<meta property=\"og:url\" content=\"https:\/\/www.harecker.de\/blog\/das-richtige-oel-kochen-wie-die-profis\/\" \/>\n<meta property=\"og:site_name\" content=\"Die Pfanne von harecker.de\" \/>\n<meta property=\"article:publisher\" content=\"https:\/\/de-de.facebook.com\/harecker.pfannen\/\" \/>\n<meta property=\"article:published_time\" content=\"2013-02-05T18:02:26+00:00\" \/>\n<meta property=\"article:modified_time\" content=\"2025-01-22T11:49:57+00:00\" \/>\n<meta property=\"og:image\" content=\"https:\/\/www.harecker.de\/blog\/wp-content\/uploads\/2016\/03\/Fotolia_84577254_S.jpg\" \/>\n\t<meta property=\"og:image:width\" content=\"789\" \/>\n\t<meta property=\"og:image:height\" content=\"608\" \/>\n\t<meta property=\"og:image:type\" content=\"image\/jpeg\" \/>\n<meta name=\"author\" content=\"mh-harecker\" \/>\n<meta name=\"twitter:card\" content=\"summary_large_image\" \/>\n<meta name=\"twitter:label1\" content=\"Verfasst von\" \/>\n\t<meta name=\"twitter:data1\" content=\"mh-harecker\" \/>\n\t<meta name=\"twitter:label2\" content=\"Gesch\u00e4tzte Lesezeit\" \/>\n\t<meta name=\"twitter:data2\" content=\"15\u00a0Minuten\" \/>\n<script type=\"application\/ld+json\" class=\"yoast-schema-graph\">{\"@context\":\"https:\\\/\\\/schema.org\",\"@graph\":[{\"@type\":\"Article\",\"@id\":\"https:\\\/\\\/www.harecker.de\\\/blog\\\/das-richtige-oel-kochen-wie-die-profis\\\/#article\",\"isPartOf\":{\"@id\":\"https:\\\/\\\/www.harecker.de\\\/blog\\\/das-richtige-oel-kochen-wie-die-profis\\\/\"},\"author\":{\"name\":\"mh-harecker\",\"@id\":\"https:\\\/\\\/www.harecker.de\\\/blog\\\/#\\\/schema\\\/person\\\/ce2b60f264322f360f6d34bdfa390cbc\"},\"headline\":\"Das richtige \u00d6l &#8211; Kochen wie die Profis\",\"datePublished\":\"2013-02-05T18:02:26+00:00\",\"dateModified\":\"2025-01-22T11:49:57+00:00\",\"mainEntityOfPage\":{\"@id\":\"https:\\\/\\\/www.harecker.de\\\/blog\\\/das-richtige-oel-kochen-wie-die-profis\\\/\"},\"wordCount\":1860,\"commentCount\":0,\"publisher\":{\"@id\":\"https:\\\/\\\/www.harecker.de\\\/blog\\\/#organization\"},\"image\":{\"@id\":\"https:\\\/\\\/www.harecker.de\\\/blog\\\/das-richtige-oel-kochen-wie-die-profis\\\/#primaryimage\"},\"thumbnailUrl\":\"https:\\\/\\\/www.harecker.de\\\/blog\\\/wp-content\\\/uploads\\\/2016\\\/03\\\/Fotolia_84577254_S.jpg\",\"keywords\":[\"Das richtige \u00d6l - Kochen wie die Profis\",\"Das richtige \u00d6l verwenden\",\"Fette\",\"\u00d6le\",\"\u00d6le und Fette\"],\"articleSection\":[\"Tipps &amp; Tricks\"],\"inLanguage\":\"de\",\"potentialAction\":[{\"@type\":\"CommentAction\",\"name\":\"Comment\",\"target\":[\"https:\\\/\\\/www.harecker.de\\\/blog\\\/das-richtige-oel-kochen-wie-die-profis\\\/#respond\"]}]},{\"@type\":\"WebPage\",\"@id\":\"https:\\\/\\\/www.harecker.de\\\/blog\\\/das-richtige-oel-kochen-wie-die-profis\\\/\",\"url\":\"https:\\\/\\\/www.harecker.de\\\/blog\\\/das-richtige-oel-kochen-wie-die-profis\\\/\",\"name\":\"Das richtige \u00d6l - Kochen wie die Profis - Die Pfanne von harecker.de\",\"isPartOf\":{\"@id\":\"https:\\\/\\\/www.harecker.de\\\/blog\\\/#website\"},\"primaryImageOfPage\":{\"@id\":\"https:\\\/\\\/www.harecker.de\\\/blog\\\/das-richtige-oel-kochen-wie-die-profis\\\/#primaryimage\"},\"image\":{\"@id\":\"https:\\\/\\\/www.harecker.de\\\/blog\\\/das-richtige-oel-kochen-wie-die-profis\\\/#primaryimage\"},\"thumbnailUrl\":\"https:\\\/\\\/www.harecker.de\\\/blog\\\/wp-content\\\/uploads\\\/2016\\\/03\\\/Fotolia_84577254_S.jpg\",\"datePublished\":\"2013-02-05T18:02:26+00:00\",\"dateModified\":\"2025-01-22T11:49:57+00:00\",\"description\":\"Welches ist das richtige \u00d6l zum Kochen, Garen, Braten und Backen? Hier eine \u00dcbersicht zu den gebr\u00e4uchlichsten \u00d6len im Markt.\",\"breadcrumb\":{\"@id\":\"https:\\\/\\\/www.harecker.de\\\/blog\\\/das-richtige-oel-kochen-wie-die-profis\\\/#breadcrumb\"},\"inLanguage\":\"de\",\"potentialAction\":[{\"@type\":\"ReadAction\",\"target\":[\"https:\\\/\\\/www.harecker.de\\\/blog\\\/das-richtige-oel-kochen-wie-die-profis\\\/\"]}]},{\"@type\":\"ImageObject\",\"inLanguage\":\"de\",\"@id\":\"https:\\\/\\\/www.harecker.de\\\/blog\\\/das-richtige-oel-kochen-wie-die-profis\\\/#primaryimage\",\"url\":\"https:\\\/\\\/www.harecker.de\\\/blog\\\/wp-content\\\/uploads\\\/2016\\\/03\\\/Fotolia_84577254_S.jpg\",\"contentUrl\":\"https:\\\/\\\/www.harecker.de\\\/blog\\\/wp-content\\\/uploads\\\/2016\\\/03\\\/Fotolia_84577254_S.jpg\",\"width\":789,\"height\":608,\"caption\":\"Olive Oil, Olive, Cooking Oil.\"},{\"@type\":\"BreadcrumbList\",\"@id\":\"https:\\\/\\\/www.harecker.de\\\/blog\\\/das-richtige-oel-kochen-wie-die-profis\\\/#breadcrumb\",\"itemListElement\":[{\"@type\":\"ListItem\",\"position\":1,\"name\":\"Startseite\",\"item\":\"https:\\\/\\\/www.harecker.de\\\/blog\\\/\"},{\"@type\":\"ListItem\",\"position\":2,\"name\":\"Das richtige \u00d6l &#8211; Kochen wie die Profis\"}]},{\"@type\":\"WebSite\",\"@id\":\"https:\\\/\\\/www.harecker.de\\\/blog\\\/#website\",\"url\":\"https:\\\/\\\/www.harecker.de\\\/blog\\\/\",\"name\":\"Die Pfanne von harecker.de\",\"description\":\"Tipps, Tricks und Neuigkeiten Rund um das Thema Kochen, Backen, Braten und Ern\u00e4hrung Pfannen, T\u00f6pfe und Br\u00e4ter in Profiqualit\u00e4t \u2013 Made in Germany\",\"publisher\":{\"@id\":\"https:\\\/\\\/www.harecker.de\\\/blog\\\/#organization\"},\"potentialAction\":[{\"@type\":\"SearchAction\",\"target\":{\"@type\":\"EntryPoint\",\"urlTemplate\":\"https:\\\/\\\/www.harecker.de\\\/blog\\\/?s={search_term_string}\"},\"query-input\":{\"@type\":\"PropertyValueSpecification\",\"valueRequired\":true,\"valueName\":\"search_term_string\"}}],\"inLanguage\":\"de\"},{\"@type\":\"Organization\",\"@id\":\"https:\\\/\\\/www.harecker.de\\\/blog\\\/#organization\",\"name\":\"Harecker Pfannen\",\"url\":\"https:\\\/\\\/www.harecker.de\\\/blog\\\/\",\"logo\":{\"@type\":\"ImageObject\",\"inLanguage\":\"de\",\"@id\":\"https:\\\/\\\/www.harecker.de\\\/blog\\\/#\\\/schema\\\/logo\\\/image\\\/\",\"url\":\"https:\\\/\\\/www.harecker.de\\\/blog\\\/wp-content\\\/uploads\\\/2018\\\/04\\\/logo.png\",\"contentUrl\":\"https:\\\/\\\/www.harecker.de\\\/blog\\\/wp-content\\\/uploads\\\/2018\\\/04\\\/logo.png\",\"width\":185,\"height\":96,\"caption\":\"Harecker Pfannen\"},\"image\":{\"@id\":\"https:\\\/\\\/www.harecker.de\\\/blog\\\/#\\\/schema\\\/logo\\\/image\\\/\"},\"sameAs\":[\"https:\\\/\\\/de-de.facebook.com\\\/harecker.pfannen\\\/\"]},{\"@type\":\"Person\",\"@id\":\"https:\\\/\\\/www.harecker.de\\\/blog\\\/#\\\/schema\\\/person\\\/ce2b60f264322f360f6d34bdfa390cbc\",\"name\":\"mh-harecker\",\"sameAs\":[\"http:\\\/\\\/www.harecker.de\"]}]}<\/script>\n<!-- \/ Yoast SEO Premium plugin. -->","yoast_head_json":{"title":"Das richtige \u00d6l - Kochen wie die Profis - Die Pfanne von harecker.de","description":"Welches ist das richtige \u00d6l zum Kochen, Garen, Braten und Backen? Hier eine \u00dcbersicht zu den gebr\u00e4uchlichsten \u00d6len im Markt.","robots":{"index":"index","follow":"follow","max-snippet":"max-snippet:-1","max-image-preview":"max-image-preview:large","max-video-preview":"max-video-preview:-1"},"canonical":"https:\/\/www.harecker.de\/blog\/das-richtige-oel-kochen-wie-die-profis\/","og_locale":"de_DE","og_type":"article","og_title":"Das richtige \u00d6l - Kochen wie die Profis","og_description":"Die Verwendung von \u00d6len und Fetten zum Kochen, Garen, Braten und Backen Die Auswahl f\u00fcr das richtige \u00d6l ist zur entscheidenden Frage geworden. Die","og_url":"https:\/\/www.harecker.de\/blog\/das-richtige-oel-kochen-wie-die-profis\/","og_site_name":"Die Pfanne von harecker.de","article_publisher":"https:\/\/de-de.facebook.com\/harecker.pfannen\/","article_published_time":"2013-02-05T18:02:26+00:00","article_modified_time":"2025-01-22T11:49:57+00:00","og_image":[{"width":789,"height":608,"url":"https:\/\/www.harecker.de\/blog\/wp-content\/uploads\/2016\/03\/Fotolia_84577254_S.jpg","type":"image\/jpeg"}],"author":"mh-harecker","twitter_card":"summary_large_image","twitter_misc":{"Verfasst von":"mh-harecker","Gesch\u00e4tzte Lesezeit":"15\u00a0Minuten"},"schema":{"@context":"https:\/\/schema.org","@graph":[{"@type":"Article","@id":"https:\/\/www.harecker.de\/blog\/das-richtige-oel-kochen-wie-die-profis\/#article","isPartOf":{"@id":"https:\/\/www.harecker.de\/blog\/das-richtige-oel-kochen-wie-die-profis\/"},"author":{"name":"mh-harecker","@id":"https:\/\/www.harecker.de\/blog\/#\/schema\/person\/ce2b60f264322f360f6d34bdfa390cbc"},"headline":"Das richtige \u00d6l &#8211; Kochen wie die Profis","datePublished":"2013-02-05T18:02:26+00:00","dateModified":"2025-01-22T11:49:57+00:00","mainEntityOfPage":{"@id":"https:\/\/www.harecker.de\/blog\/das-richtige-oel-kochen-wie-die-profis\/"},"wordCount":1860,"commentCount":0,"publisher":{"@id":"https:\/\/www.harecker.de\/blog\/#organization"},"image":{"@id":"https:\/\/www.harecker.de\/blog\/das-richtige-oel-kochen-wie-die-profis\/#primaryimage"},"thumbnailUrl":"https:\/\/www.harecker.de\/blog\/wp-content\/uploads\/2016\/03\/Fotolia_84577254_S.jpg","keywords":["Das richtige \u00d6l - Kochen wie die Profis","Das richtige \u00d6l verwenden","Fette","\u00d6le","\u00d6le und Fette"],"articleSection":["Tipps &amp; Tricks"],"inLanguage":"de","potentialAction":[{"@type":"CommentAction","name":"Comment","target":["https:\/\/www.harecker.de\/blog\/das-richtige-oel-kochen-wie-die-profis\/#respond"]}]},{"@type":"WebPage","@id":"https:\/\/www.harecker.de\/blog\/das-richtige-oel-kochen-wie-die-profis\/","url":"https:\/\/www.harecker.de\/blog\/das-richtige-oel-kochen-wie-die-profis\/","name":"Das richtige \u00d6l - Kochen wie die Profis - Die Pfanne von harecker.de","isPartOf":{"@id":"https:\/\/www.harecker.de\/blog\/#website"},"primaryImageOfPage":{"@id":"https:\/\/www.harecker.de\/blog\/das-richtige-oel-kochen-wie-die-profis\/#primaryimage"},"image":{"@id":"https:\/\/www.harecker.de\/blog\/das-richtige-oel-kochen-wie-die-profis\/#primaryimage"},"thumbnailUrl":"https:\/\/www.harecker.de\/blog\/wp-content\/uploads\/2016\/03\/Fotolia_84577254_S.jpg","datePublished":"2013-02-05T18:02:26+00:00","dateModified":"2025-01-22T11:49:57+00:00","description":"Welches ist das richtige \u00d6l zum Kochen, Garen, Braten und Backen? Hier eine \u00dcbersicht zu den gebr\u00e4uchlichsten \u00d6len im Markt.","breadcrumb":{"@id":"https:\/\/www.harecker.de\/blog\/das-richtige-oel-kochen-wie-die-profis\/#breadcrumb"},"inLanguage":"de","potentialAction":[{"@type":"ReadAction","target":["https:\/\/www.harecker.de\/blog\/das-richtige-oel-kochen-wie-die-profis\/"]}]},{"@type":"ImageObject","inLanguage":"de","@id":"https:\/\/www.harecker.de\/blog\/das-richtige-oel-kochen-wie-die-profis\/#primaryimage","url":"https:\/\/www.harecker.de\/blog\/wp-content\/uploads\/2016\/03\/Fotolia_84577254_S.jpg","contentUrl":"https:\/\/www.harecker.de\/blog\/wp-content\/uploads\/2016\/03\/Fotolia_84577254_S.jpg","width":789,"height":608,"caption":"Olive Oil, Olive, Cooking Oil."},{"@type":"BreadcrumbList","@id":"https:\/\/www.harecker.de\/blog\/das-richtige-oel-kochen-wie-die-profis\/#breadcrumb","itemListElement":[{"@type":"ListItem","position":1,"name":"Startseite","item":"https:\/\/www.harecker.de\/blog\/"},{"@type":"ListItem","position":2,"name":"Das richtige \u00d6l &#8211; Kochen wie die Profis"}]},{"@type":"WebSite","@id":"https:\/\/www.harecker.de\/blog\/#website","url":"https:\/\/www.harecker.de\/blog\/","name":"Die Pfanne von harecker.de","description":"Tipps, Tricks und Neuigkeiten Rund um das Thema Kochen, Backen, Braten und Ern\u00e4hrung Pfannen, T\u00f6pfe und Br\u00e4ter in Profiqualit\u00e4t \u2013 Made in Germany","publisher":{"@id":"https:\/\/www.harecker.de\/blog\/#organization"},"potentialAction":[{"@type":"SearchAction","target":{"@type":"EntryPoint","urlTemplate":"https:\/\/www.harecker.de\/blog\/?s={search_term_string}"},"query-input":{"@type":"PropertyValueSpecification","valueRequired":true,"valueName":"search_term_string"}}],"inLanguage":"de"},{"@type":"Organization","@id":"https:\/\/www.harecker.de\/blog\/#organization","name":"Harecker Pfannen","url":"https:\/\/www.harecker.de\/blog\/","logo":{"@type":"ImageObject","inLanguage":"de","@id":"https:\/\/www.harecker.de\/blog\/#\/schema\/logo\/image\/","url":"https:\/\/www.harecker.de\/blog\/wp-content\/uploads\/2018\/04\/logo.png","contentUrl":"https:\/\/www.harecker.de\/blog\/wp-content\/uploads\/2018\/04\/logo.png","width":185,"height":96,"caption":"Harecker Pfannen"},"image":{"@id":"https:\/\/www.harecker.de\/blog\/#\/schema\/logo\/image\/"},"sameAs":["https:\/\/de-de.facebook.com\/harecker.pfannen\/"]},{"@type":"Person","@id":"https:\/\/www.harecker.de\/blog\/#\/schema\/person\/ce2b60f264322f360f6d34bdfa390cbc","name":"mh-harecker","sameAs":["http:\/\/www.harecker.de"]}]}},"jetpack_featured_media_url":"https:\/\/www.harecker.de\/blog\/wp-content\/uploads\/2016\/03\/Fotolia_84577254_S.jpg","jetpack_likes_enabled":true,"jetpack_sharing_enabled":true,"_links":{"self":[{"href":"https:\/\/www.harecker.de\/blog\/wp-json\/wp\/v2\/posts\/2035","targetHints":{"allow":["GET"]}}],"collection":[{"href":"https:\/\/www.harecker.de\/blog\/wp-json\/wp\/v2\/posts"}],"about":[{"href":"https:\/\/www.harecker.de\/blog\/wp-json\/wp\/v2\/types\/post"}],"author":[{"embeddable":true,"href":"https:\/\/www.harecker.de\/blog\/wp-json\/wp\/v2\/users\/4"}],"replies":[{"embeddable":true,"href":"https:\/\/www.harecker.de\/blog\/wp-json\/wp\/v2\/comments?post=2035"}],"version-history":[{"count":45,"href":"https:\/\/www.harecker.de\/blog\/wp-json\/wp\/v2\/posts\/2035\/revisions"}],"predecessor-version":[{"id":25117,"href":"https:\/\/www.harecker.de\/blog\/wp-json\/wp\/v2\/posts\/2035\/revisions\/25117"}],"wp:featuredmedia":[{"embeddable":true,"href":"https:\/\/www.harecker.de\/blog\/wp-json\/wp\/v2\/media\/3084"}],"wp:attachment":[{"href":"https:\/\/www.harecker.de\/blog\/wp-json\/wp\/v2\/media?parent=2035"}],"wp:term":[{"taxonomy":"category","embeddable":true,"href":"https:\/\/www.harecker.de\/blog\/wp-json\/wp\/v2\/categories?post=2035"},{"taxonomy":"post_tag","embeddable":true,"href":"https:\/\/www.harecker.de\/blog\/wp-json\/wp\/v2\/tags?post=2035"}],"curies":[{"name":"wp","href":"https:\/\/api.w.org\/{rel}","templated":true}]}}