{"id":19520,"date":"2024-02-12T17:46:29","date_gmt":"2024-02-12T16:46:29","guid":{"rendered":"https:\/\/www.harecker.de\/blog\/?p=19520"},"modified":"2026-02-03T15:43:18","modified_gmt":"2026-02-03T14:43:18","slug":"gefuellte-paprika-mit-hackfleisch-low-carb","status":"publish","type":"post","link":"https:\/\/www.harecker.de\/blog\/gefuellte-paprika-mit-hackfleisch-low-carb\/","title":{"rendered":"Gef\u00fcllte Paprika mit Hackfleisch &#8211; Low Carb"},"content":{"rendered":"<div class=\"wp-block-media-text is-stacked-on-mobile\"><figure class=\"wp-block-media-text__media\"><img loading=\"lazy\" decoding=\"async\" width=\"564\" height=\"640\" src=\"https:\/\/www.harecker.de\/blog\/wp-content\/uploads\/2024\/02\/Gefuellte-Paprika.jpg\" alt=\"Gefu&#x308;llte Paprika mit Hackfleisch gebraten.\" class=\"wp-image-19510 size-full\" srcset=\"https:\/\/www.harecker.de\/blog\/wp-content\/uploads\/2024\/02\/Gefuellte-Paprika.jpg 564w, https:\/\/www.harecker.de\/blog\/wp-content\/uploads\/2024\/02\/Gefuellte-Paprika-308x350.jpg 308w, https:\/\/www.harecker.de\/blog\/wp-content\/uploads\/2024\/02\/Gefuellte-Paprika-250x284.jpg 250w\" sizes=\"auto, (max-width: 564px) 100vw, 564px\"\/><\/figure><div class=\"wp-block-media-text__content\">\n<p><strong>Low Carb Seelenfutter: So schmeckt der Klassiker neu!<\/strong><\/p>\n\n\n\n<p>Gef&#xFC;llte Paprika mit Hackfleisch ist ein zeitloser Genuss, den wir heute in einer k&#xF6;stlichen Low-Carb-Version zelebrieren. Durch den Verzicht auf zus&#xE4;tzliche Kohlenhydrate und die Konzentration auf mageres Hackfleisch und frische Paprika wird dieses Gericht zum perfekten, gesunden Familienessen. Die saftige F&#xFC;llung trifft auf eine aromatische Tomatenso&#xDF;e, die ideal in unserer ofenfesten <strong>Harecker Viereckpfanne<\/strong> zubereitet wird. Ein Wohlf&#xFC;hlessen, das einfach gl&#xFC;cklich macht und perfekt zu deinem bewussten Lebensstil passt.<\/p>\n<\/div><\/div>\n\n\n\n<h2 class=\"wp-block-heading has-text-align-center\" id=\"h-das-passt-dazu\"><strong>DAS PASST DAZU<\/strong><\/h2>\n\n\n\n<hr class=\"wp-block-separator has-alpha-channel-opacity\">\n\n\n\n<h2 class=\"wp-block-heading\" id=\"h-kochutensilien-von-pfannen-harecker\"><strong>Kochutensilien von<\/strong> <a href=\"https:\/\/www.harecker.de\/\">Pfannen Harecker<\/a><\/h2>\n\n\n\n<div class=\"wp-block-media-text is-stacked-on-mobile\" style=\"grid-template-columns:41% auto\"><figure class=\"wp-block-media-text__media\"><a href=\"https:\/\/www.harecker.de\/viereckpfanne-induktion28x28cm\"><img loading=\"lazy\" decoding=\"async\" width=\"1000\" height=\"1000\" src=\"https:\/\/www.harecker.de\/blog\/wp-content\/uploads\/2025\/03\/1528_1i-gross.jpg\" alt=\"Viereckpfanne Induktion, 28x28 cm, mit Stiel, Produktbild\" class=\"wp-image-26657 size-full\" srcset=\"https:\/\/www.harecker.de\/blog\/wp-content\/uploads\/2025\/03\/1528_1i-gross.jpg 1000w, https:\/\/www.harecker.de\/blog\/wp-content\/uploads\/2025\/03\/1528_1i-gross-350x350.jpg 350w, https:\/\/www.harecker.de\/blog\/wp-content\/uploads\/2025\/03\/1528_1i-gross-240x240.jpg 240w, https:\/\/www.harecker.de\/blog\/wp-content\/uploads\/2025\/03\/1528_1i-gross-768x768.jpg 768w, https:\/\/www.harecker.de\/blog\/wp-content\/uploads\/2025\/03\/1528_1i-gross-150x150.jpg 150w, https:\/\/www.harecker.de\/blog\/wp-content\/uploads\/2025\/03\/1528_1i-gross-500x500.jpg 500w, https:\/\/www.harecker.de\/blog\/wp-content\/uploads\/2025\/03\/1528_1i-gross-250x250.jpg 250w\" sizes=\"auto, (max-width: 1000px) 100vw, 1000px\"\/><\/a><\/figure><div class=\"wp-block-media-text__content\">\n<p><strong><a href=\"https:\/\/www.harecker.de\/viereckpfanne-induktion28x28cm\">Viereckpfanne<\/a> &#x2013; Mehr Platz, Bester Geschmack<\/strong><\/p>\n\n\n\n<p>Unsere <strong><a href=\"https:\/\/www.harecker.de\/viereckpfanne-induktion28x28cm\">Viereckpfanne<\/a><\/strong> 28 x 28 cm bietet dir 20 % mehr Bratfl&#xE4;che &#x2013; ein echtes Raumwunder f&#xFC;r deine K&#xFC;che! Erlebe kulinarische H&#xF6;henfl&#xFC;ge dank der <a class=\"glossaryLink\" href=\"https:\/\/www.harecker.de\/blog\/glossary\/titan-ii\/\" data-gt-translate-attributes='[{\"attribute\":\"data-cmtooltip\", \"format\":\"html\"}]' tabindex=\"0\" role=\"link\">Titan II<\/a> Hartgrund-Versiegelung und des unverziehbaren 9 mm Thermobodens. Jede Pfanne ist in Deutschland von Hand gegossen, backofenfest bis 240&#xB0;C und f&#xFC;r alle Herdarten geeignet. Hol dir jetzt dieses Qualit&#xE4;tsprodukt &#x201E;Made in Germany&#x201C; und &#xFC;berzeuge dich selbst!<\/p>\n<\/div><\/div>\n\n\n\n<div class=\"wp-block-buttons is-layout-flex wp-block-buttons-is-layout-flex\">\n<div class=\"wp-block-button\"><a class=\"wp-block-button__link has-white-color has-text-color has-background has-link-color wp-element-button\" href=\"https:\/\/www.harecker.de\/viereckpfanne-induktion28x28cm\" style=\"background-color:#051d40\">mehr erfahren<\/a><\/div>\n<\/div>\n\n\n\n<div class=\"wp-block-media-text has-media-on-the-right is-stacked-on-mobile\" style=\"grid-template-columns:auto 40%\"><div class=\"wp-block-media-text__content\">\n<p><strong>Perfektion f&#xFC;r deine K&#xFC;che: Die Harecker&#xA0;<a href=\"https:\/\/www.harecker.de\/hochrandpfanne-induktion-28cm\">Hochrandpfanne<\/a><\/strong><\/p>\n\n\n\n<p>Unsere&#xA0;<strong><a href=\"https:\/\/www.harecker.de\/hochrandpfanne-induktion-28cm\">Hochrandpfanne<\/a><\/strong>&#xA0;ist das Multitalent, das in deiner K&#xFC;che nicht fehlen darf. Dank ihres extra hohen Randes br&#xE4;tst du darin nicht nur Fleisch und Gem&#xFC;se perfekt an, sondern bereitest auch m&#xFC;helos gr&#xF6;&#xDF;ere Portionen, leckere So&#xDF;en, Schmorgerichte oder Pfannengerichte mit viel Inhalt zu &#x2013; ohne Herausspritzen. Die erstklassige Antihaft-Beschichtung garantiert, dass nichts anhaftet und die Reinigung zum Kinderspiel wird.<\/p>\n<\/div><figure class=\"wp-block-media-text__media\"><a href=\"https:\/\/www.harecker.de\/hochrandpfanne-induktion-28cm\"><img loading=\"lazy\" decoding=\"async\" width=\"1000\" height=\"1000\" src=\"https:\/\/www.harecker.de\/blog\/wp-content\/uploads\/2025\/03\/1328i-gross.jpg\" alt=\"Hochrandpfanne Induktion, 28 cm Produktbild\" class=\"wp-image-26671 size-full\" srcset=\"https:\/\/www.harecker.de\/blog\/wp-content\/uploads\/2025\/03\/1328i-gross.jpg 1000w, https:\/\/www.harecker.de\/blog\/wp-content\/uploads\/2025\/03\/1328i-gross-350x350.jpg 350w, https:\/\/www.harecker.de\/blog\/wp-content\/uploads\/2025\/03\/1328i-gross-240x240.jpg 240w, https:\/\/www.harecker.de\/blog\/wp-content\/uploads\/2025\/03\/1328i-gross-768x768.jpg 768w, https:\/\/www.harecker.de\/blog\/wp-content\/uploads\/2025\/03\/1328i-gross-150x150.jpg 150w, https:\/\/www.harecker.de\/blog\/wp-content\/uploads\/2025\/03\/1328i-gross-500x500.jpg 500w, https:\/\/www.harecker.de\/blog\/wp-content\/uploads\/2025\/03\/1328i-gross-250x250.jpg 250w\" sizes=\"auto, (max-width: 1000px) 100vw, 1000px\"\/><\/a><\/figure><\/div>\n\n\n\n<div class=\"wp-block-buttons is-content-justification-right is-layout-flex wp-container-core-buttons-is-layout-765c4724 wp-block-buttons-is-layout-flex\">\n<div class=\"wp-block-button\"><a class=\"wp-block-button__link has-white-color has-text-color has-background has-link-color wp-element-button\" href=\"https:\/\/www.harecker.de\/hochrandpfanne-induktion-28cm\" style=\"background-color:#051d40\">mehr erfahren<\/a><\/div>\n<\/div>\n\n\n\n<div class=\"wp-block-media-text is-stacked-on-mobile\" style=\"grid-template-columns:35% auto\"><figure class=\"wp-block-media-text__media\"><a href=\"https:\/\/www.harecker.de\/Flachwender-mit-Schlitz\"><img loading=\"lazy\" decoding=\"async\" width=\"1000\" height=\"1000\" src=\"https:\/\/www.harecker.de\/blog\/wp-content\/uploads\/2025\/03\/999180-Design-Schlitzwender-L-gross.jpg\" alt=\"Design-Schlitzwender, Gr&#xF6;&#xDF;e L, Produktbild\" class=\"wp-image-26604 size-full\" srcset=\"https:\/\/www.harecker.de\/blog\/wp-content\/uploads\/2025\/03\/999180-Design-Schlitzwender-L-gross.jpg 1000w, https:\/\/www.harecker.de\/blog\/wp-content\/uploads\/2025\/03\/999180-Design-Schlitzwender-L-gross-350x350.jpg 350w, https:\/\/www.harecker.de\/blog\/wp-content\/uploads\/2025\/03\/999180-Design-Schlitzwender-L-gross-240x240.jpg 240w, https:\/\/www.harecker.de\/blog\/wp-content\/uploads\/2025\/03\/999180-Design-Schlitzwender-L-gross-768x768.jpg 768w, https:\/\/www.harecker.de\/blog\/wp-content\/uploads\/2025\/03\/999180-Design-Schlitzwender-L-gross-150x150.jpg 150w, https:\/\/www.harecker.de\/blog\/wp-content\/uploads\/2025\/03\/999180-Design-Schlitzwender-L-gross-500x500.jpg 500w, https:\/\/www.harecker.de\/blog\/wp-content\/uploads\/2025\/03\/999180-Design-Schlitzwender-L-gross-250x250.jpg 250w\" sizes=\"auto, (max-width: 1000px) 100vw, 1000px\"\/><\/a><\/figure><div class=\"wp-block-media-text__content\">\n<p>Die <strong><a href=\"https:\/\/www.harecker.de\/Flachwender-mit-Schlitz\">Design-Schlitzwender<\/a><\/strong> aus unserer Kollektion hochwertiger Silikon-K&#xFC;chenhelfer zeichnen sich durch folgende Eigenschaften aus:<\/p>\n\n\n\n<ul class=\"wp-block-list\">\n<li>Hergestellt aus lebensmittelechtem Silikon.<\/li>\n\n\n\n<li>Sp&#xFC;lmaschinenfest und hitzebest&#xE4;ndig.<\/li>\n\n\n\n<li>Langlebig und robust.<\/li>\n\n\n\n<li>Sch&#xFC;tzt Pfannen, T&#xF6;pfe und Sch&#xFC;sseln vor Kratzern.<\/li>\n\n\n\n<li>Geruchs- und geschmacksneutral.<\/li>\n<\/ul>\n<\/div><\/div>\n\n\n\n<div class=\"wp-block-buttons is-layout-flex wp-block-buttons-is-layout-flex\">\n<div class=\"wp-block-button\"><a class=\"wp-block-button__link has-white-color has-text-color has-background has-link-color wp-element-button\" href=\"https:\/\/www.harecker.de\/Flachwender-mit-Schlitz\" style=\"background-color:#051d40\">mehr erfahren<\/a><\/div>\n<\/div>\n\n\n\n<hr class=\"wp-block-separator has-alpha-channel-opacity\">\n\n\n\n<h2 class=\"wp-block-heading\" id=\"h-melde-dich-jetzt-fur-die-schmankerpost-an-um-keine-rezepte-mehr-zu-verpassen-kostenlos-jeden-donnerstag-um-18-00-uhr-ohne-werbung\">Melde dich jetzt f&#xFC;r die <strong>Schmankerpost<\/strong> an um keine Rezepte mehr zu verpassen!<br><strong>Kostenlos<\/strong>, jeden Donnerstag um 18.00 Uhr ohne Werbung!<\/h2>\n\n\n\n<p><\/p>\n\n\n\n<p><\/p>\n\n\n<div style=\"\n    background:#051d40;\n    padding:30px;\n    border-radius:15px;\n    text-align:center;\n    color:white;\n    font-family:Arial, sans-serif;\n    max-width:600px;\n    margin:0 auto;\n\">\n    <h2 style=\"color:white; margin-top:0;\">\n        Werde Teil der Harecker Community! &#x1F499;\n    <\/h2>\n\n    <p style=\"color:white; font-size:16px; line-height:1.5;\">\n        &#128073; Melde dich hier f&uuml;r unsere Schmankerlpost &amp; Newsletter an,\n        um keine Rezepte oder Angebote mehr zu verpassen.\n    <\/p>\n\n    <a href=\"https:\/\/t06a3949a.emailsys1a.net\/58\/8585\/3e7d016769\/subscribe\/form.html?_g=1764611427\" style=\"\n           display:inline-block;\n           background:#277dc1;\n           color:white;\n           padding:14px 28px;\n           border-radius:8px;\n           text-decoration:none;\n           font-size:18px;\n           font-weight:bold;\n           margin-top:15px;\n       \">\n        Jetzt anmelden\n    <\/a>\n<\/div>\n\n\n\n<hr class=\"wp-block-separator has-alpha-channel-opacity\">\n\n\n\n<ul class=\"wp-block-social-links has-large-icon-size has-visible-labels has-icon-background-color is-style-pill-shape is-content-justification-center is-layout-flex wp-container-core-social-links-is-layout-16018d1d wp-block-social-links-is-layout-flex\"><li style=\"background-color:#e4e4e4;\" class=\"wp-social-link wp-social-link-instagram  wp-block-social-link\"><a href=\"https:\/\/www.instagram.com\/pfannen_harecker\/?hl=de\" class=\"wp-block-social-link-anchor\"><svg width=\"24\" height=\"24\" viewbox=\"0 0 24 24\" version=\"1.1\" xmlns=\"http:\/\/www.w3.org\/2000\/svg\" aria-hidden=\"true\" focusable=\"false\"><path d=\"M12,4.622c2.403,0,2.688,0.009,3.637,0.052c0.877,0.04,1.354,0.187,1.671,0.31c0.42,0.163,0.72,0.358,1.035,0.673 c0.315,0.315,0.51,0.615,0.673,1.035c0.123,0.317,0.27,0.794,0.31,1.671c0.043,0.949,0.052,1.234,0.052,3.637 s-0.009,2.688-0.052,3.637c-0.04,0.877-0.187,1.354-0.31,1.671c-0.163,0.42-0.358,0.72-0.673,1.035 c-0.315,0.315-0.615,0.51-1.035,0.673c-0.317,0.123-0.794,0.27-1.671,0.31c-0.949,0.043-1.233,0.052-3.637,0.052 s-2.688-0.009-3.637-0.052c-0.877-0.04-1.354-0.187-1.671-0.31c-0.42-0.163-0.72-0.358-1.035-0.673 c-0.315-0.315-0.51-0.615-0.673-1.035c-0.123-0.317-0.27-0.794-0.31-1.671C4.631,14.688,4.622,14.403,4.622,12 s0.009-2.688,0.052-3.637c0.04-0.877,0.187-1.354,0.31-1.671c0.163-0.42,0.358-0.72,0.673-1.035 c0.315-0.315,0.615-0.51,1.035-0.673c0.317-0.123,0.794-0.27,1.671-0.31C9.312,4.631,9.597,4.622,12,4.622 M12,3 C9.556,3,9.249,3.01,8.289,3.054C7.331,3.098,6.677,3.25,6.105,3.472C5.513,3.702,5.011,4.01,4.511,4.511 c-0.5,0.5-0.808,1.002-1.038,1.594C3.25,6.677,3.098,7.331,3.054,8.289C3.01,9.249,3,9.556,3,12c0,2.444,0.01,2.751,0.054,3.711 c0.044,0.958,0.196,1.612,0.418,2.185c0.23,0.592,0.538,1.094,1.038,1.594c0.5,0.5,1.002,0.808,1.594,1.038 c0.572,0.222,1.227,0.375,2.185,0.418C9.249,20.99,9.556,21,12,21s2.751-0.01,3.711-0.054c0.958-0.044,1.612-0.196,2.185-0.418 c0.592-0.23,1.094-0.538,1.594-1.038c0.5-0.5,0.808-1.002,1.038-1.594c0.222-0.572,0.375-1.227,0.418-2.185 C20.99,14.751,21,14.444,21,12s-0.01-2.751-0.054-3.711c-0.044-0.958-0.196-1.612-0.418-2.185c-0.23-0.592-0.538-1.094-1.038-1.594 c-0.5-0.5-1.002-0.808-1.594-1.038c-0.572-0.222-1.227-0.375-2.185-0.418C14.751,3.01,14.444,3,12,3L12,3z M12,7.378 c-2.552,0-4.622,2.069-4.622,4.622S9.448,16.622,12,16.622s4.622-2.069,4.622-4.622S14.552,7.378,12,7.378z M12,15 c-1.657,0-3-1.343-3-3s1.343-3,3-3s3,1.343,3,3S13.657,15,12,15z M16.804,6.116c-0.596,0-1.08,0.484-1.08,1.08 s0.484,1.08,1.08,1.08c0.596,0,1.08-0.484,1.08-1.08S17.401,6.116,16.804,6.116z\"><\/path><\/svg><span class=\"wp-block-social-link-label\">Instagram<\/span><\/a><\/li>\n\n<li style=\"background-color:#e4e4e4;\" class=\"wp-social-link wp-social-link-facebook  wp-block-social-link\"><a href=\"https:\/\/www.facebook.com\/pfannen.harecker\/?locale=de_DE\" class=\"wp-block-social-link-anchor\"><svg width=\"24\" height=\"24\" viewbox=\"0 0 24 24\" version=\"1.1\" xmlns=\"http:\/\/www.w3.org\/2000\/svg\" aria-hidden=\"true\" focusable=\"false\"><path d=\"M12 2C6.5 2 2 6.5 2 12c0 5 3.7 9.1 8.4 9.9v-7H7.9V12h2.5V9.8c0-2.5 1.5-3.9 3.8-3.9 1.1 0 2.2.2 2.2.2v2.5h-1.3c-1.2 0-1.6.8-1.6 1.6V12h2.8l-.4 2.9h-2.3v7C18.3 21.1 22 17 22 12c0-5.5-4.5-10-10-10z\"><\/path><\/svg><span class=\"wp-block-social-link-label\">Facebook<\/span><\/a><\/li>\n\n<li style=\"background-color:#e4e4e4;\" class=\"wp-social-link wp-social-link-pinterest  wp-block-social-link\"><a href=\"https:\/\/de.pinterest.com\/pfannenharecker\/\" class=\"wp-block-social-link-anchor\"><svg width=\"24\" height=\"24\" viewbox=\"0 0 24 24\" version=\"1.1\" xmlns=\"http:\/\/www.w3.org\/2000\/svg\" aria-hidden=\"true\" focusable=\"false\"><path d=\"M12.289,2C6.617,2,3.606,5.648,3.606,9.622c0,1.846,1.025,4.146,2.666,4.878c0.25,0.111,0.381,0.063,0.439-0.169 c0.044-0.175,0.267-1.029,0.365-1.428c0.032-0.128,0.017-0.237-0.091-0.362C6.445,11.911,6.01,10.75,6.01,9.668 c0-2.777,2.194-5.464,5.933-5.464c3.23,0,5.49,2.108,5.49,5.122c0,3.407-1.794,5.768-4.13,5.768c-1.291,0-2.257-1.021-1.948-2.277 c0.372-1.495,1.089-3.112,1.089-4.191c0-0.967-0.542-1.775-1.663-1.775c-1.319,0-2.379,1.309-2.379,3.059 c0,1.115,0.394,1.869,0.394,1.869s-1.302,5.279-1.54,6.261c-0.405,1.666,0.053,4.368,0.094,4.604 c0.021,0.126,0.167,0.169,0.25,0.063c0.129-0.165,1.699-2.419,2.142-4.051c0.158-0.59,0.817-2.995,0.817-2.995 c0.43,0.784,1.681,1.446,3.013,1.446c3.963,0,6.822-3.494,6.822-7.833C20.394,5.112,16.849,2,12.289,2\"><\/path><\/svg><span class=\"wp-block-social-link-label\">Pinterest<\/span><\/a><\/li><\/ul>\n\n\n\n<hr class=\"wp-block-separator has-alpha-channel-opacity\">\n\n\n<div id=\"recipe\"><\/div><div id=\"wprm-recipe-container-19518\" class=\"wprm-recipe-container\" data-recipe-id=\"19518\" data-servings=\"4\"><div class=\"wprm-recipe wprm-recipe-template-leon-draft-wei\"><div class=\"wprm-container-float-right\">\n    <div class=\"wprm-recipe-image wprm-block-image-rounded\"><img loading=\"lazy\" decoding=\"async\" style=\"border-width: 0px;border-style: solid;border-color: #666666;border-radius: 3px;\" width=\"250\" height=\"250\" src=\"https:\/\/www.harecker.de\/blog\/wp-content\/uploads\/2024\/02\/Gefuellte-Paprika-500x500.jpg\" class=\"attachment-250x250 size-250x250\" alt=\"Gefu&#x308;llte Paprika mit Hackfleisch gebraten.\" srcset=\"https:\/\/www.harecker.de\/blog\/wp-content\/uploads\/2024\/02\/Gefuellte-Paprika-500x500.jpg 500w, https:\/\/www.harecker.de\/blog\/wp-content\/uploads\/2024\/02\/Gefuellte-Paprika-240x240.jpg 240w, https:\/\/www.harecker.de\/blog\/wp-content\/uploads\/2024\/02\/Gefuellte-Paprika-150x150.jpg 150w\" sizes=\"auto, (max-width: 250px) 100vw, 250px\"\/><\/div>\n<\/div>\n<h2 class=\"wprm-recipe-name wprm-block-text-bold\">Gef&#xFC;llte Paprika mit Hackfleisch &#x2013; Low Carb<\/h2>\n<div class=\"wprm-spacer\"><\/div>\n\n<div class=\"wprm-spacer\"><\/div>\n<div class=\"wprm-recipe-summary wprm-block-text-normal\"><span style=\"display: block;\">Gef&#xFC;llte Paprika mit Hackfleisch, ein echter Klassiker unter den beliebten Familienessen und dazu noch Low Carb. Durch die Verwendung von magerem Hackfleisch und frischem Gem&#xFC;se ist es gesund und nahrhaft. Mit den richtigen Gew&#xFC;rzen und einer Prise Kreativit&#xE4;t in der K&#xFC;che wird es zu einem echten Highlight in der Familie.<\/span><\/div>\n<div class=\"wprm-spacer\" style=\"height: 20px;\"><\/div>\n<style>#wprm-recipe-user-rating-0 .wprm-rating-star.wprm-rating-star-full svg * { fill: #051d40; }#wprm-recipe-user-rating-0 .wprm-rating-star.wprm-rating-star-33 svg * { fill: url(#wprm-recipe-user-rating-0-33); }#wprm-recipe-user-rating-0 .wprm-rating-star.wprm-rating-star-50 svg * { fill: url(#wprm-recipe-user-rating-0-50); }#wprm-recipe-user-rating-0 .wprm-rating-star.wprm-rating-star-66 svg * { fill: url(#wprm-recipe-user-rating-0-66); }linearGradient#wprm-recipe-user-rating-0-33 stop { stop-color: #051d40; }linearGradient#wprm-recipe-user-rating-0-50 stop { stop-color: #051d40; }linearGradient#wprm-recipe-user-rating-0-66 stop { stop-color: #051d40; }<\/style><svg xmlns=\"http:\/\/www.w3.org\/2000\/svg\" width=\"0\" height=\"0\" style=\"display:block;width:0px;height:0px\"><defs><lineargradient id=\"wprm-recipe-user-rating-0-33\"><stop offset=\"0%\" stop-opacity=\"1\"><\/stop><stop offset=\"33%\" stop-opacity=\"1\"><\/stop><stop offset=\"33%\" stop-opacity=\"0\"><\/stop><stop offset=\"100%\" stop-opacity=\"0\"><\/stop><\/lineargradient><\/defs><defs><lineargradient id=\"wprm-recipe-user-rating-0-50\"><stop offset=\"0%\" stop-opacity=\"1\"><\/stop><stop offset=\"50%\" stop-opacity=\"1\"><\/stop><stop offset=\"50%\" stop-opacity=\"0\"><\/stop><stop offset=\"100%\" stop-opacity=\"0\"><\/stop><\/lineargradient><\/defs><defs><lineargradient id=\"wprm-recipe-user-rating-0-66\"><stop offset=\"0%\" stop-opacity=\"1\"><\/stop><stop offset=\"66%\" stop-opacity=\"1\"><\/stop><stop offset=\"66%\" stop-opacity=\"0\"><\/stop><stop offset=\"100%\" stop-opacity=\"0\"><\/stop><\/lineargradient><\/defs><\/svg><style>#wprm-recipe-user-rating-0.wprm-user-rating-allowed.wprm-user-rating-not-voted:not(.wprm-user-rating-voting) svg * { fill-opacity: 0.3; }<\/style><div id=\"wprm-recipe-user-rating-0\" class=\"wprm-recipe-rating wprm-recipe-rating-recipe-19518 wprm-user-rating wprm-recipe-rating-inline wprm-user-rating-not-voted wprm-user-rating-allowed\" data-recipe=\"19518\" data-average=\"5\" data-count=\"1\" data-total=\"5\" data-user=\"0\" data-decimals=\"2\" data-modal-uid=\"user-rating\"><span class=\"wprm-rating-star wprm-rating-star-1 wprm-rating-star-full\" data-rating=\"1\" data-color=\"#051d40\" role=\"button\" tabindex=\"0\" aria-label=\"Rate this recipe 1 out of 5 stars\" onmouseenter=\"window.WPRecipeMaker.userRating.enter(this)\" onfocus=\"window.WPRecipeMaker.userRating.enter(this)\" onmouseleave=\"window.WPRecipeMaker.userRating.leave(this)\" onblur=\"window.WPRecipeMaker.userRating.leave(this)\" onclick=\"window.WPRecipeMaker.userRating.click(this, event)\" onkeypress=\"window.WPRecipeMaker.userRating.click(this, event)\" style=\"font-size: 1em;\"><svg xmlns=\"http:\/\/www.w3.org\/2000\/svg\" xmlns:xlink=\"http:\/\/www.w3.org\/1999\/xlink\" x=\"0px\" y=\"0px\" width=\"16px\" height=\"16px\" viewbox=\"0 0 24 24\"><g transform=\"translate(0, 0)\"><polygon fill=\"none\" stroke=\"#051d40\" stroke-width=\"2\" stroke-linecap=\"square\" stroke-miterlimit=\"10\" points=\"12,2.6 15,9 21.4,9 16.7,13.9 18.6,21.4 12,17.6 5.4,21.4 7.3,13.9 2.6,9 9,9 \" stroke-linejoin=\"miter\"><\/polygon><\/g><\/svg><\/span><span class=\"wprm-rating-star wprm-rating-star-2 wprm-rating-star-full\" data-rating=\"2\" data-color=\"#051d40\" role=\"button\" tabindex=\"0\" aria-label=\"Rate this recipe 2 out of 5 stars\" onmouseenter=\"window.WPRecipeMaker.userRating.enter(this)\" onfocus=\"window.WPRecipeMaker.userRating.enter(this)\" onmouseleave=\"window.WPRecipeMaker.userRating.leave(this)\" onblur=\"window.WPRecipeMaker.userRating.leave(this)\" onclick=\"window.WPRecipeMaker.userRating.click(this, event)\" onkeypress=\"window.WPRecipeMaker.userRating.click(this, event)\" style=\"font-size: 1em;\"><svg xmlns=\"http:\/\/www.w3.org\/2000\/svg\" xmlns:xlink=\"http:\/\/www.w3.org\/1999\/xlink\" x=\"0px\" y=\"0px\" width=\"16px\" height=\"16px\" viewbox=\"0 0 24 24\"><g transform=\"translate(0, 0)\"><polygon fill=\"none\" stroke=\"#051d40\" stroke-width=\"2\" stroke-linecap=\"square\" stroke-miterlimit=\"10\" points=\"12,2.6 15,9 21.4,9 16.7,13.9 18.6,21.4 12,17.6 5.4,21.4 7.3,13.9 2.6,9 9,9 \" stroke-linejoin=\"miter\"><\/polygon><\/g><\/svg><\/span><span class=\"wprm-rating-star wprm-rating-star-3 wprm-rating-star-full\" data-rating=\"3\" data-color=\"#051d40\" role=\"button\" tabindex=\"0\" aria-label=\"Rate this recipe 3 out of 5 stars\" onmouseenter=\"window.WPRecipeMaker.userRating.enter(this)\" onfocus=\"window.WPRecipeMaker.userRating.enter(this)\" onmouseleave=\"window.WPRecipeMaker.userRating.leave(this)\" onblur=\"window.WPRecipeMaker.userRating.leave(this)\" onclick=\"window.WPRecipeMaker.userRating.click(this, event)\" onkeypress=\"window.WPRecipeMaker.userRating.click(this, event)\" style=\"font-size: 1em;\"><svg xmlns=\"http:\/\/www.w3.org\/2000\/svg\" xmlns:xlink=\"http:\/\/www.w3.org\/1999\/xlink\" x=\"0px\" y=\"0px\" width=\"16px\" height=\"16px\" viewbox=\"0 0 24 24\"><g transform=\"translate(0, 0)\"><polygon fill=\"none\" stroke=\"#051d40\" stroke-width=\"2\" stroke-linecap=\"square\" stroke-miterlimit=\"10\" points=\"12,2.6 15,9 21.4,9 16.7,13.9 18.6,21.4 12,17.6 5.4,21.4 7.3,13.9 2.6,9 9,9 \" stroke-linejoin=\"miter\"><\/polygon><\/g><\/svg><\/span><span class=\"wprm-rating-star wprm-rating-star-4 wprm-rating-star-full\" data-rating=\"4\" data-color=\"#051d40\" role=\"button\" tabindex=\"0\" aria-label=\"Rate this recipe 4 out of 5 stars\" onmouseenter=\"window.WPRecipeMaker.userRating.enter(this)\" onfocus=\"window.WPRecipeMaker.userRating.enter(this)\" onmouseleave=\"window.WPRecipeMaker.userRating.leave(this)\" onblur=\"window.WPRecipeMaker.userRating.leave(this)\" onclick=\"window.WPRecipeMaker.userRating.click(this, event)\" onkeypress=\"window.WPRecipeMaker.userRating.click(this, event)\" style=\"font-size: 1em;\"><svg xmlns=\"http:\/\/www.w3.org\/2000\/svg\" xmlns:xlink=\"http:\/\/www.w3.org\/1999\/xlink\" x=\"0px\" y=\"0px\" width=\"16px\" height=\"16px\" viewbox=\"0 0 24 24\"><g transform=\"translate(0, 0)\"><polygon fill=\"none\" stroke=\"#051d40\" stroke-width=\"2\" stroke-linecap=\"square\" stroke-miterlimit=\"10\" points=\"12,2.6 15,9 21.4,9 16.7,13.9 18.6,21.4 12,17.6 5.4,21.4 7.3,13.9 2.6,9 9,9 \" stroke-linejoin=\"miter\"><\/polygon><\/g><\/svg><\/span><span class=\"wprm-rating-star wprm-rating-star-5 wprm-rating-star-full\" data-rating=\"5\" data-color=\"#051d40\" role=\"button\" tabindex=\"0\" aria-label=\"Rate this recipe 5 out of 5 stars\" onmouseenter=\"window.WPRecipeMaker.userRating.enter(this)\" onfocus=\"window.WPRecipeMaker.userRating.enter(this)\" onmouseleave=\"window.WPRecipeMaker.userRating.leave(this)\" onblur=\"window.WPRecipeMaker.userRating.leave(this)\" onclick=\"window.WPRecipeMaker.userRating.click(this, event)\" onkeypress=\"window.WPRecipeMaker.userRating.click(this, event)\" style=\"font-size: 1em;\"><svg xmlns=\"http:\/\/www.w3.org\/2000\/svg\" xmlns:xlink=\"http:\/\/www.w3.org\/1999\/xlink\" x=\"0px\" y=\"0px\" width=\"16px\" height=\"16px\" viewbox=\"0 0 24 24\"><g transform=\"translate(0, 0)\"><polygon fill=\"none\" stroke=\"#051d40\" stroke-width=\"2\" stroke-linecap=\"square\" stroke-miterlimit=\"10\" points=\"12,2.6 15,9 21.4,9 16.7,13.9 18.6,21.4 12,17.6 5.4,21.4 7.3,13.9 2.6,9 9,9 \" stroke-linejoin=\"miter\"><\/polygon><\/g><\/svg><\/span><div class=\"wprm-recipe-rating-details wprm-block-text-normal\"><span class=\"wprm-recipe-rating-average\">5<\/span> from 1 vote<\/div><\/div>\n<div class=\"wprm-spacer\" style=\"height: 25px;\"><\/div>\n<div class=\"wprm-template-chic-buttons wprm-container-columns-spaced-middle wprm-container-columns-gutter\">\n\t<a href=\"https:\/\/wa.me\/?text=Check%20out%20this%20recipe%21%0A%0AGef%C3%BCllte%20Paprika%20mit%20Hackfleisch%20-%20Low%20Carb%0Ahttps%3A%2F%2Fwww.harecker.de%2Fblog%2Fgefuellte-paprika-mit-hackfleisch-low-carb%2F\" data-recipe=\"19518\" style=\"color: #ffffff;background-color: #051d40;border-color: #051d40;border-radius: 0px;padding: 5px 5px;\" class=\"wprm-recipe-whatsapp-share wprm-recipe-link wprm-block-text-bold wprm-recipe-whatsapp-share-wide-button wprm-recipe-link-wide-button wprm-color-accent\" target=\"_blank\" rel=\"nofollow\"><span class=\"wprm-recipe-icon wprm-recipe-whatsapp-share-icon\"><svg xmlns=\"http:\/\/www.w3.org\/2000\/svg\" width=\"16\" height=\"16\" viewbox=\"0 0 16 16\"><g class=\"nc-icon-wrapper\" fill=\"#ffffff\"><path fill=\"#ffffff\" d=\"M13.6,2.3C12.1,0.8,10.2,0,8,0C3.7,0,0.1,3.6,0.1,7.9c0,1.4,0.4,2.8,1.1,4L0,16l4.2-1.1c1.2,0.6,2.5,1,3.8,1 h0h0c4.4,0,7.9-3.6,7.9-7.9C16,5.8,15.1,3.8,13.6,2.3z M11.9,10.8c-0.2,0.5-1,0.9-1.3,0.9c-0.3,0.1-1.3,0-2.4-0.5 c-2-0.9-3.3-2.9-3.4-3C4.7,8.1,4,7.1,4,6.2s0.5-1.5,0.7-1.7c0.4-0.4,1.2-0.3,1.4,0.1C6.2,5,6.6,6,6.7,6.1s0.1,0.5-0.2,0.7 C6.4,6.8,5.9,7.2,6.1,7.5c0.1,0.2,0.5,0.8,1.1,1.4c0.8,0.7,1.4,0.9,1.6,1C9,10,9.1,10,9.2,9.8C9.3,9.7,9.7,9.2,9.8,9 c0.1-0.2,0.3-0.2,0.4-0.1s1.2,0.5,1.4,0.6C11.8,9.7,12,9.7,12,9.8C12.1,9.9,12.1,10.3,11.9,10.8z\"><\/path><\/g><\/svg><\/span> Teilen<\/a>\n\n\n\t<a href=\"https:\/\/www.pinterest.com\/pin\/create\/bookmarklet\/?url=https%3A%2F%2Fwww.harecker.de%2Fblog%2Fgefuellte-paprika-mit-hackfleisch-low-carb%2F&amp;media=https%3A%2F%2Fwww.harecker.de%2Fblog%2Fwp-content%2Fuploads%2F2024%2F02%2FGefuellte-Paprika.jpg&amp;description=Gef%C3%BCllte+Paprika+mit+Hackfleisch+-+Low+Carb&amp;is_video=false\" target=\"_blank\" rel=\"nofollow noopener\" data-recipe=\"19518\" data-url=\"https:\/\/www.harecker.de\/blog\/gefuellte-paprika-mit-hackfleisch-low-carb\/\" data-media=\"https:\/\/www.harecker.de\/blog\/wp-content\/uploads\/2024\/02\/Gefuellte-Paprika.jpg\" data-description=\"Gef&#xFC;llte Paprika mit Hackfleisch - Low Carb\" data-repin=\"\" role=\"button\" style=\"color: #ffffff;background-color: #051d40;border-color: #051d40;border-radius: 3px;padding: 5px 5px;\" class=\"wprm-recipe-pin wprm-recipe-link wprm-block-text-bold wprm-recipe-pin-wide-button wprm-recipe-link-wide-button wprm-color-accent\"><span class=\"wprm-recipe-icon wprm-recipe-pin-icon\"><svg width=\"17px\" height=\"20px\" viewbox=\"0 0 17 20\" version=\"1.1\" xmlns=\"http:\/\/www.w3.org\/2000\/svg\" xmlns:xlink=\"http:\/\/www.w3.org\/1999\/xlink\"><g stroke=\"none\" stroke-width=\"1\" fill=\"none\" fill-rule=\"evenodd\"><g transform=\"translate(-4.000000, -2.000000)\" fill=\"#ffffff\"><path d=\"M10.7636728,15.2276266 C10.2077317,17.980299 9.52955405,20.6201377 7.52087891,22 C6.90029349,17.8380815 8.43177606,14.7128228 9.14286352,11.3948064 C7.93107647,9.46487979 9.28860706,5.58269488 11.8449959,6.53943073 C14.9902356,7.71595725 9.12053185,13.7114236 13.0614843,14.4612976 C17.1752134,15.2429061 18.8547902,7.71125585 16.3042782,5.26182401 C12.6183769,1.72519235 5.57332202,5.18072478 6.43955583,10.2441376 C6.65111904,11.4829577 8.00277289,11.8578948 6.98021737,13.5668554 C4.62128758,13.0720325 3.91607687,11.3125318 4.00775427,8.9665309 C4.15349781,5.12783398 7.65604429,2.43980586 11.1691689,2.06721954 C15.6119964,1.59707907 19.7821423,3.61045562 20.3580644,7.56198625 C21.0056829,12.0224439 18.3529153,16.8531372 13.6009705,16.5052333 C12.313961,16.4100298 11.7732994,15.8070747 10.7636728,15.2276266\"><\/path><\/g><\/g><\/svg><\/span> Pin <\/a>\n<a href=\"mailto:?subject=Check%20out%20this%20recipe%21&amp;body=I%20found%20this%20recipe%20you%20might%20like%3A%0A%0AGef%C3%BCllte%20Paprika%20mit%20Hackfleisch%20-%20Low%20Carb%0Ahttps%3A%2F%2Fwww.harecker.de%2Fblog%2Fgefuellte-paprika-mit-hackfleisch-low-carb%2F\" data-recipe=\"19518\" class=\"wprm-recipe-email-share wprm-recipe-link wprm-block-text-bold wprm-recipe-email-share-wide-button wprm-recipe-link-wide-button wprm-color-accent\" target=\"_blank\" rel=\"nofollow\" style=\"color: #ffffff;background-color: #051d40;border-color: #051d40;border-radius: 0px;padding: 5px 5px;\"><span class=\"wprm-recipe-icon wprm-recipe-email-share-icon\"><svg xmlns=\"http:\/\/www.w3.org\/2000\/svg\" width=\"16\" height=\"16\" viewbox=\"0 0 24 24\"><g class=\"nc-icon-wrapper\" stroke-linecap=\"round\" stroke-linejoin=\"round\" stroke-width=\"1\" transform=\"translate(0.5 0.5)\" fill=\"#ffffff\" stroke=\"#ffffff\"><polyline data-cap=\"butt\" fill=\"none\" stroke=\"#ffffff\" stroke-miterlimit=\"10\" points=\"22,2 7,14 7,21 10.6,16.7 \"><\/polyline> <polygon fill=\"none\" stroke=\"#ffffff\" stroke-miterlimit=\"10\" points=\"2,10 22,2 18,22 \"><\/polygon><\/g><\/svg><\/span> E-Mail<\/a>\n\n\n\n\n    \n<\/div>\n\n<a href=\"#commentform\" data-modal-uid=\"user-rating\" data-recipe=\"19518\" style=\"color: #ffffff;background-color: #051d40;border-color: #051d40;border-radius: 0px;padding: 5px 5px;\" class=\"wprm-recipe-user-ratings-modal wprm-recipe-link wprm-block-text-normal wprm-recipe-user-ratings-modal-wide-button wprm-recipe-link-wide-button wprm-color-accent\"><span class=\"wprm-recipe-icon wprm-recipe-user-ratings-modal-icon\"><svg xmlns=\"http:\/\/www.w3.org\/2000\/svg\" xmlns:xlink=\"http:\/\/www.w3.org\/1999\/xlink\" x=\"0px\" y=\"0px\" width=\"16px\" height=\"16px\" viewbox=\"0 0 24 24\"><g><path fill=\"#ffffff\" d=\"M12.712,1.942l2.969,6.015l6.638,0.965c0.651,0.095,0.911,0.895,0.44,1.354l-4.804,4.682l1.134,6.612c0.111,0.649-0.57,1.143-1.152,0.837L12,19.286l-5.938,3.122C5.48,22.714,4.799,22.219,4.91,21.57l1.134-6.612l-4.804-4.682c-0.471-0.459-0.211-1.26,0.44-1.354l6.638-0.965l2.969-6.015C11.579,1.352,12.421,1.352,12.712,1.942z\"><\/path><\/g><\/svg><\/span> Bewerten &amp; Kommentieren<\/a>\n<div class=\"wprm-spacer\" style=\"height: 20px;\"><\/div>\n<div class=\"wprm-icon-shortcode wprm-icon-shortcode-separate wprm-align-center wprm-icon-decoration-line\" style=\"font-size: 24px;height: 24px;\"><div class=\"wprm-decoration-line\" style=\"border-color: #e0e0e0;\"><\/div><span class=\"wprm-recipe-icon\" aria-hidden=\"true\"><svg xmlns=\"http:\/\/www.w3.org\/2000\/svg\" xmlns:xlink=\"http:\/\/www.w3.org\/1999\/xlink\" x=\"0px\" y=\"0px\" width=\"16px\" height=\"16px\" viewbox=\"0 0 24 24\"><g><path fill=\"#051d40\" d=\"M21,11h2.949C23.466,5.181,18.819,0.534,13,0.051V3h-2V0.051C5.181,0.534,0.534,5.181,0.051,11H3v2H0.051C0.534,18.819,5.181,23.466,11,23.949V21h2v2.949c5.819-0.484,10.466-5.13,10.949-10.949H21V11z M17,13h-5.535L6.613,5.723l1.664-1.109L12.535,11H17V13z\"><\/path><\/g><\/svg><\/span> <div class=\"wprm-decoration-line\" style=\"border-color: #e0e0e0;\"><\/div><\/div>\n<div class=\"wprm-recipe-meta-container wprm-recipe-times-container wprm-recipe-details-container wprm-recipe-details-container-table wprm-block-text-normal wprm-recipe-table-borders-none wprm-recipe-table-borders-inside\" style=\"border-width: 0;border-style: dotted;border-color: #666666;\"><div class=\"wprm-recipe-block-container wprm-recipe-block-container-table wprm-block-text-normal wprm-recipe-time-container wprm-recipe-prep-time-container\" style=\"border-width: 0;border-style: dotted;border-color: #666666;\"><span class=\"wprm-recipe-details-label wprm-block-text-uppercase-faded wprm-recipe-time-label wprm-recipe-prep-time-label\">Vorbereitung <\/span><span class=\"wprm-recipe-time wprm-block-text-normal\"><span class=\"wprm-recipe-details wprm-recipe-details-minutes wprm-recipe-prep_time wprm-recipe-prep_time-minutes\">15<span class=\"sr-only screen-reader-text wprm-screen-reader-text\"> Minuten<\/span><\/span> <span class=\"wprm-recipe-details-unit wprm-recipe-details-minutes wprm-recipe-prep_time-unit wprm-recipe-prep_timeunit-minutes\" aria-hidden=\"true\">Min.<\/span><\/span><\/div><div class=\"wprm-recipe-block-container wprm-recipe-block-container-table wprm-block-text-normal wprm-recipe-time-container wprm-recipe-cook-time-container\" style=\"border-width: 0;border-style: dotted;border-color: #666666;\"><span class=\"wprm-recipe-details-label wprm-block-text-uppercase-faded wprm-recipe-time-label wprm-recipe-cook-time-label\">Zubereitung <\/span><span class=\"wprm-recipe-time wprm-block-text-normal\"><span class=\"wprm-recipe-details wprm-recipe-details-minutes wprm-recipe-cook_time wprm-recipe-cook_time-minutes\">45<span class=\"sr-only screen-reader-text wprm-screen-reader-text\"> Minuten<\/span><\/span> <span class=\"wprm-recipe-details-unit wprm-recipe-details-minutes wprm-recipe-cook_time-unit wprm-recipe-cook_timeunit-minutes\" aria-hidden=\"true\">Min.<\/span><\/span><\/div><div class=\"wprm-recipe-block-container wprm-recipe-block-container-table wprm-block-text-normal wprm-recipe-time-container wprm-recipe-total-time-container\" style=\"border-width: 0;border-style: dotted;border-color: #666666;\"><span class=\"wprm-recipe-details-label wprm-block-text-uppercase-faded wprm-recipe-time-label wprm-recipe-total-time-label\">Gesamtzeit <\/span><span class=\"wprm-recipe-time wprm-block-text-normal\"><span class=\"wprm-recipe-details wprm-recipe-details-hours wprm-recipe-total_time wprm-recipe-total_time-hours\">1<span class=\"sr-only screen-reader-text wprm-screen-reader-text\"> Stunde<\/span><\/span> <span class=\"wprm-recipe-details-unit wprm-recipe-details-unit-hours wprm-recipe-total_time-unit wprm-recipe-total_timeunit-hours\" aria-hidden=\"true\">Std.<\/span><\/span><\/div><\/div>\n<div class=\"wprm-spacer\" style=\"height: 20px;\"><\/div>\n<div class=\"wprm-container-columns-spaced\">\n\t<div>\n    \t<div class=\"wprm-icon-shortcode wprm-icon-shortcode-separate wprm-align-center wprm-icon-decoration-line\" style=\"font-size: 24px;height: 24px;\"><div class=\"wprm-decoration-line\" style=\"border-color: #e0e0e0;\"><\/div><span class=\"wprm-recipe-icon\" aria-hidden=\"true\"><svg width=\"16px\" height=\"16px\" viewbox=\"0 0 24 24\" version=\"1.1\" xmlns=\"http:\/\/www.w3.org\/2000\/svg\" xmlns:xlink=\"http:\/\/www.w3.org\/1999\/xlink\"><g stroke=\"none\" stroke-width=\"1\" fill=\"none\" fill-rule=\"evenodd\"><g fill=\"#051d40\"><path d=\"M19.5441,12.0586 L17.8411,12.3146 L17.8411,14.0376 L17.8411,17.8606 L6.1591,17.8606 L6.1591,14.0376 L6.1591,12.3146 L4.4561,12.0586 C3.0331,11.8446 2.0001,10.6536 2.0001,9.2246 C2.0001,7.6626 3.2471,6.3876 4.7971,6.3406 C4.8651,6.3486 4.9351,6.3556 5.0051,6.3576 L6.3221,6.4136 L6.8931,5.2246 C7.8481,3.2356 9.8051,1.9996 12.0001,1.9996 C14.1951,1.9996 16.1521,3.2356 17.1071,5.2246 L17.6781,6.4136 L18.9951,6.3576 C19.0641,6.3556 19.1321,6.3486 19.2021,6.3406 C20.7531,6.3866 22.0001,7.6626 22.0001,9.2246 C22.0001,10.6536 20.9671,11.8446 19.5441,12.0586 L19.5441,12.0586 Z M6.1591,22.0006 L17.8411,22.0006 L17.8411,19.8606 L6.1591,19.8606 L6.1591,22.0006 Z M19.1141,4.3386 C19.0451,4.3386 18.9801,4.3566 18.9101,4.3596 C17.6741,1.7836 15.0491,-0.0004 12.0001,-0.0004 C8.9511,-0.0004 6.3261,1.7836 5.0901,4.3596 C5.0211,4.3566 4.9551,4.3386 4.8861,4.3386 C2.1881,4.3386 0.0001,6.5266 0.0001,9.2246 C0.0001,11.6736 1.8081,13.6836 4.1591,14.0376 L4.1591,22.3756 C4.1591,23.2696 4.8901,23.9996 5.7831,23.9996 L18.2171,23.9996 C19.1101,23.9996 19.8411,23.2696 19.8411,22.3756 L19.8411,14.0376 C22.1911,13.6836 24.0001,11.6736 24.0001,9.2246 C24.0001,6.5266 21.8131,4.3386 19.1141,4.3386 L19.1141,4.3386 Z\" id=\"Fill-1\"><\/path><\/g><\/g><\/svg><\/span> <div class=\"wprm-decoration-line\" style=\"border-color: #e0e0e0;\"><\/div><\/div>\n\t\t<div class=\"wprm-recipe-meta-container wprm-recipe-custom-container wprm-recipe-details-container wprm-recipe-details-container-table wprm-block-text-normal wprm-recipe-table-borders-none wprm-recipe-table-borders-inside\" style=\"border-width: 0;border-style: dotted;border-color: #666666;\"><div class=\"wprm-recipe-block-container wprm-recipe-block-container-table wprm-block-text-normal wprm-recipe-tag-container wprm-recipe-course-container\" style=\"border-width: 0;border-style: dotted;border-color: #666666;\"><span class=\"wprm-recipe-details-label wprm-block-text-uppercase-faded wprm-recipe-tag-label wprm-recipe-course-label\">Niveau <\/span><span class=\"wprm-recipe-course wprm-block-text-normal\">einfach<\/span><\/div><div class=\"wprm-recipe-block-container wprm-recipe-block-container-table wprm-block-text-normal wprm-recipe-tag-container wprm-recipe-cuisine-container\" style=\"border-width: 0;border-style: dotted;border-color: #666666;\"><span class=\"wprm-recipe-details-label wprm-block-text-uppercase-faded wprm-recipe-tag-label wprm-recipe-cuisine-label\">Aufwand <\/span><span class=\"wprm-recipe-cuisine wprm-block-text-normal\">gering<\/span><\/div><\/div>\n    <\/div>\n    <div>\n        <div class=\"wprm-icon-shortcode wprm-icon-shortcode-separate wprm-align-center wprm-icon-decoration-line\" style=\"font-size: 24px;height: 24px;\"><div class=\"wprm-decoration-line\" style=\"border-color: #e0e0e0;\"><\/div><span class=\"wprm-recipe-icon\" aria-hidden=\"true\"><svg width=\"16px\" height=\"16px\" viewbox=\"0 0 24 24\" version=\"1.1\" xmlns=\"http:\/\/www.w3.org\/2000\/svg\" xmlns:xlink=\"http:\/\/www.w3.org\/1999\/xlink\"><g stroke=\"none\" stroke-width=\"1\" fill=\"none\" fill-rule=\"evenodd\"><g fill=\"#051d40\"><path d=\"M15.9199,4.9443 L18.1399,2.7243 C18.5509,2.3133 19.0909,2.1083 19.6299,2.1083 C20.1699,2.1083 20.7099,2.3133 21.1209,2.7243 C21.9429,3.5473 21.9419,4.8843 21.1209,5.7073 L18.9019,7.9253 C18.0799,8.7483 16.7419,8.7483 15.9199,7.9253 C15.0979,7.1033 15.0979,5.7663 15.9199,4.9443 M23.5529,22.1383 L13.3369,11.9233 L15.3109,9.9493 C15.9559,10.3353 16.6809,10.5413 17.4109,10.5413 C18.4629,10.5413 19.5159,10.1403 20.3159,9.3403 L22.5349,7.1213 C24.1369,5.5183 24.1369,2.9123 22.5349,1.3103 C21.7599,0.5343 20.7279,0.1073 19.6299,0.1073 C18.5329,0.1073 17.5019,0.5343 16.7259,1.3103 L14.5059,3.5303 C13.7299,4.3063 13.3029,5.3383 13.3029,6.4343 C13.3029,7.1883 13.5179,7.9053 13.8959,8.5363 L11.9229,10.5083 L9.9489,8.5353 C10.8909,6.9593 10.6959,4.8863 9.3399,3.5303 L6.1039,0.2933 C5.7129,-0.0977 5.0799,-0.0977 4.6899,0.2933 C4.2989,0.6833 4.2989,1.3163 4.6899,1.7073 L7.9259,4.9443 C8.4909,5.5093 8.6579,6.3153 8.4459,7.0323 L3.6539,2.2403 C3.2639,1.8493 2.6309,1.8493 2.2399,2.2403 C1.8499,2.6313 1.8499,3.2633 2.2399,3.6543 L7.0319,8.4463 C6.3149,8.6583 5.5089,8.4913 4.9429,7.9253 L1.7069,4.6893 C1.3159,4.2983 0.6839,4.2983 0.2929,4.6893 C-0.0981,5.0803 -0.0981,5.7133 0.2929,6.1033 L3.5289,9.3403 C4.3309,10.1403 5.3829,10.5413 6.4349,10.5413 C7.1649,10.5413 7.8899,10.3353 8.5349,9.9493 L10.5089,11.9233 L0.2929,22.1383 C-0.0981,22.5293 -0.0981,23.1623 0.2929,23.5523 C0.4879,23.7483 0.7439,23.8453 0.9999,23.8453 C1.2559,23.8453 1.5119,23.7483 1.7069,23.5523 L11.9229,13.3373 L22.1389,23.5523 C22.3339,23.7483 22.5899,23.8453 22.8459,23.8453 C23.1019,23.8453 23.3569,23.7483 23.5529,23.5523 C23.9429,23.1623 23.9429,22.5293 23.5529,22.1383\"><\/path><\/g><\/g><\/svg><\/span> <div class=\"wprm-decoration-line\" style=\"border-color: #e0e0e0;\"><\/div><\/div>\n\t\t<div class=\"wprm-recipe-meta-container wprm-recipe-custom-container wprm-recipe-details-container wprm-recipe-details-container-table wprm-block-text-normal wprm-recipe-table-borders-none wprm-recipe-table-borders-inside\" style=\"border-width: 0;border-style: dotted;border-color: #666666;\"><div class=\"wprm-recipe-block-container wprm-recipe-block-container-table wprm-block-text-normal wprm-recipe-servings-container\" style=\"border-width: 0;border-style: dotted;border-color: #666666;\"><span class=\"wprm-recipe-details-label wprm-block-text-uppercase-faded wprm-recipe-servings-label\">Portionen<\/span><span class=\"wprm-recipe-servings wprm-recipe-details wprm-recipe-servings-19518 wprm-recipe-servings-adjustable-text-buttons wprm-block-text-normal\" data-recipe=\"19518\" aria-label=\"Adjust recipe servings\" data-button-background=\"#051d40\" data-button-accent=\"#ffffff\" data-button-radius=\"3px\">4<\/span><\/div><div class=\"wprm-recipe-block-container wprm-recipe-block-container-table wprm-block-text-normal wprm-recipe-nutrition-container wprm-recipe-calories-container\" style=\"border-width: 0;border-style: dotted;border-color: #666666;\"><span class=\"wprm-recipe-details-label wprm-block-text-uppercase-faded wprm-recipe-nutrition-label wprm-recipe-calories-label\">Calories<\/span><span class=\"wprm-recipe-nutrition-with-unit\"><span class=\"wprm-recipe-details wprm-recipe-nutrition wprm-recipe-calories wprm-block-text-normal\">485<\/span> <span class=\"wprm-recipe-details-unit wprm-recipe-nutrition-unit wprm-recipe-calories-unit wprm-block-text-normal\">kcal<\/span><\/span><\/div><\/div>\n\n\n    <\/div>\n<\/div>\n\n<div id=\"recipe-19518-equipment\" class=\"wprm-recipe-equipment-container wprm-block-text-normal\" data-recipe=\"19518\"><h2 class=\"wprm-recipe-header wprm-recipe-equipment-header wprm-block-text-uppercase wprm-align-left wprm-header-decoration-line\" style=\"\">Kochutensilien<div class=\"wprm-decoration-line\" style=\"border-color: #e0e0e0;\"><\/div><\/h2><div class=\"wprm-spacer\" style=\"height: 22px;\"><\/div><div class=\"wprm-recipe-equipment wprm-recipe-equipment-images wprm-recipe-equipment-images-align-spaced\"><div class=\"wprm-recipe-equipment-item wprm-recipe-equipment-item-has-image\"><div class=\"wprm-recipe-equipment-affiliate-html\">Viereckpfanne<\/div><a href=\"https:\/\/www.harecker.de\/viereckpfanne-induktion28x28cm\" class=\"wprm-recipe-equipment-link\"><div class=\"wprm-recipe-equipment-image\"><img loading=\"lazy\" decoding=\"async\" width=\"150\" height=\"150\" src=\"https:\/\/www.harecker.de\/blog\/wp-content\/uploads\/2025\/03\/1528_1i-gross-150x150.jpg\" class=\"attachment-150x150 size-150x150\" alt=\"Viereckpfanne Induktion, 28x28 cm, mit Stiel, Produktbild\" srcset=\"https:\/\/www.harecker.de\/blog\/wp-content\/uploads\/2025\/03\/1528_1i-gross-150x150.jpg 150w, https:\/\/www.harecker.de\/blog\/wp-content\/uploads\/2025\/03\/1528_1i-gross-350x350.jpg 350w, https:\/\/www.harecker.de\/blog\/wp-content\/uploads\/2025\/03\/1528_1i-gross-240x240.jpg 240w, https:\/\/www.harecker.de\/blog\/wp-content\/uploads\/2025\/03\/1528_1i-gross-768x768.jpg 768w, https:\/\/www.harecker.de\/blog\/wp-content\/uploads\/2025\/03\/1528_1i-gross-500x500.jpg 500w, https:\/\/www.harecker.de\/blog\/wp-content\/uploads\/2025\/03\/1528_1i-gross-250x250.jpg 250w, https:\/\/www.harecker.de\/blog\/wp-content\/uploads\/2025\/03\/1528_1i-gross.jpg 1000w\" sizes=\"auto, (max-width: 150px) 100vw, 150px\"\/><\/div><\/a><div class=\"wprm-recipe-equipment-name\"><a href=\"https:\/\/www.harecker.de\/viereckpfanne-induktion28x28cm\" class=\"wprm-recipe-equipment-link\">Viereckpfanne<\/a><\/div><\/div><div class=\"wprm-recipe-equipment-item wprm-recipe-equipment-item-has-image\"><div class=\"wprm-recipe-equipment-affiliate-html\">Hochrandpfanne<\/div><a href=\"https:\/\/www.harecker.de\/hochrandpfanne-induktion-28cm\" class=\"wprm-recipe-equipment-link\"><div class=\"wprm-recipe-equipment-image\"><img loading=\"lazy\" decoding=\"async\" width=\"150\" height=\"150\" src=\"https:\/\/www.harecker.de\/blog\/wp-content\/uploads\/2025\/03\/1328i-gross-150x150.jpg\" class=\"attachment-150x150 size-150x150\" alt=\"Hochrandpfanne Induktion, 28 cm Produktbild\" srcset=\"https:\/\/www.harecker.de\/blog\/wp-content\/uploads\/2025\/03\/1328i-gross-150x150.jpg 150w, https:\/\/www.harecker.de\/blog\/wp-content\/uploads\/2025\/03\/1328i-gross-350x350.jpg 350w, https:\/\/www.harecker.de\/blog\/wp-content\/uploads\/2025\/03\/1328i-gross-240x240.jpg 240w, https:\/\/www.harecker.de\/blog\/wp-content\/uploads\/2025\/03\/1328i-gross-768x768.jpg 768w, https:\/\/www.harecker.de\/blog\/wp-content\/uploads\/2025\/03\/1328i-gross-500x500.jpg 500w, https:\/\/www.harecker.de\/blog\/wp-content\/uploads\/2025\/03\/1328i-gross-250x250.jpg 250w, https:\/\/www.harecker.de\/blog\/wp-content\/uploads\/2025\/03\/1328i-gross.jpg 1000w\" sizes=\"auto, (max-width: 150px) 100vw, 150px\"\/><\/div><\/a><div class=\"wprm-recipe-equipment-name\"><a href=\"https:\/\/www.harecker.de\/hochrandpfanne-induktion-28cm\" class=\"wprm-recipe-equipment-link\">Hochrandpfanne<\/a><\/div><\/div><div class=\"wprm-recipe-equipment-item wprm-recipe-equipment-item-has-image\"><div class=\"wprm-recipe-equipment-affiliate-html\">Design Schlitzwender<\/div><a href=\"https:\/\/www.harecker.de\/Flachwender-mit-Schlitz\" class=\"wprm-recipe-equipment-link\"><div class=\"wprm-recipe-equipment-image\"><img loading=\"lazy\" decoding=\"async\" width=\"150\" height=\"150\" src=\"https:\/\/www.harecker.de\/blog\/wp-content\/uploads\/2025\/03\/999180-Design-Schlitzwender-L-gross-150x150.jpg\" class=\"attachment-150x150 size-150x150\" alt=\"Design-Schlitzwender, Gr&#xF6;&#xDF;e L, Produktbild\" srcset=\"https:\/\/www.harecker.de\/blog\/wp-content\/uploads\/2025\/03\/999180-Design-Schlitzwender-L-gross-150x150.jpg 150w, https:\/\/www.harecker.de\/blog\/wp-content\/uploads\/2025\/03\/999180-Design-Schlitzwender-L-gross-350x350.jpg 350w, https:\/\/www.harecker.de\/blog\/wp-content\/uploads\/2025\/03\/999180-Design-Schlitzwender-L-gross-240x240.jpg 240w, https:\/\/www.harecker.de\/blog\/wp-content\/uploads\/2025\/03\/999180-Design-Schlitzwender-L-gross-768x768.jpg 768w, https:\/\/www.harecker.de\/blog\/wp-content\/uploads\/2025\/03\/999180-Design-Schlitzwender-L-gross-500x500.jpg 500w, https:\/\/www.harecker.de\/blog\/wp-content\/uploads\/2025\/03\/999180-Design-Schlitzwender-L-gross-250x250.jpg 250w, https:\/\/www.harecker.de\/blog\/wp-content\/uploads\/2025\/03\/999180-Design-Schlitzwender-L-gross.jpg 1000w\" sizes=\"auto, (max-width: 150px) 100vw, 150px\"\/><\/div><\/a><div class=\"wprm-recipe-equipment-name\"><a href=\"https:\/\/www.harecker.de\/Flachwender-mit-Schlitz\" class=\"wprm-recipe-equipment-link\">Design Schlitzwender<\/a><\/div><\/div><\/div><\/div>\n<div id=\"recipe-19518-ingredients\" class=\"wprm-recipe-ingredients-container wprm-recipe-ingredients-no-images wprm-recipe-19518-ingredients-container wprm-block-text-normal wprm-ingredient-style-table-2\" data-recipe=\"19518\" data-servings=\"4\"><h2 class=\"wprm-recipe-header wprm-recipe-ingredients-header wprm-block-text-uppercase wprm-align-left wprm-header-decoration-line wprm-header-has-actions wprm-header-has-actions\" style=\"\">Zutaten<div class=\"wprm-decoration-line\" style=\"border-color: #e0e0e0;\"><\/div>&#xA0;&#xA0;<div class=\"wprm-recipe-adjustable-servings-container wprm-recipe-adjustable-servings-19518-container wprm-toggle-container wprm-toggle-buttons-container wprm-block-text-normal\" style=\"--wprm-toggle-button-accent: #051d40;\"><button class=\"wprm-recipe-adjustable-servings wprm-toggle wprm-toggle-active\" data-multiplier=\"1\" data-servings=\"4\" data-recipe=\"19518\" aria-label=\"Adjust servings by 1x\">1x<\/button><button class=\"wprm-recipe-adjustable-servings wprm-toggle\" data-multiplier=\"2\" data-servings=\"4\" data-recipe=\"19518\" aria-label=\"Adjust servings by 2x\">2x<\/button><button class=\"wprm-recipe-adjustable-servings wprm-toggle\" data-multiplier=\"3\" data-servings=\"4\" data-recipe=\"19518\" aria-label=\"Adjust servings by 3x\">3x<\/button><\/div><\/h2><div class=\"wprm-recipe-ingredient-group\"><h3 class=\"wprm-recipe-group-name wprm-recipe-ingredient-group-name wprm-block-text-faded\">Paprika-F&#xFC;llung:<\/h3><ul class=\"wprm-recipe-ingredients\"><li class=\"wprm-recipe-ingredient\" style=\"list-style-type: disc;\" data-uid=\"3\"><span class=\"wprm-recipe-ingredient-amount-unit\" style=\"flex-basis: 100px;\"><span class=\"wprm-recipe-ingredient-amount\">4<\/span> <\/span> <span class=\"wprm-recipe-ingredient-name-notes\"><span class=\"wprm-recipe-ingredient-name\">Paprikaschoten <\/span><span class=\"wprm-recipe-ingredient-notes\"><\/span><\/span><\/li><li class=\"wprm-recipe-ingredient\" style=\"list-style-type: disc;\" data-uid=\"4\"><span class=\"wprm-recipe-ingredient-amount-unit\" style=\"flex-basis: 100px;\"><span class=\"wprm-recipe-ingredient-amount\">600<\/span> <span class=\"wprm-recipe-ingredient-unit\">g<\/span> <\/span> <span class=\"wprm-recipe-ingredient-name-notes\"><span class=\"wprm-recipe-ingredient-name\">Hackfleisch mager (gemischt halb Rind, halb Schwein)<\/span><span class=\"wprm-recipe-ingredient-notes\"><\/span><\/span><\/li><li class=\"wprm-recipe-ingredient\" style=\"list-style-type: disc;\" data-uid=\"5\"><span class=\"wprm-recipe-ingredient-amount-unit\" style=\"flex-basis: 100px;\"><span class=\"wprm-recipe-ingredient-amount\">200<\/span> <span class=\"wprm-recipe-ingredient-unit\">ml<\/span> <\/span> <span class=\"wprm-recipe-ingredient-name-notes\"><span class=\"wprm-recipe-ingredient-name\">Milch<\/span><span class=\"wprm-recipe-ingredient-notes\"><\/span><\/span><\/li><li class=\"wprm-recipe-ingredient\" style=\"list-style-type: disc;\" data-uid=\"6\"><span class=\"wprm-recipe-ingredient-amount-unit\" style=\"flex-basis: 100px;\"><span class=\"wprm-recipe-ingredient-amount\">1<\/span> <\/span> <span class=\"wprm-recipe-ingredient-name-notes\"><span class=\"wprm-recipe-ingredient-name\">Semmel, vom Vortag<\/span><span class=\"wprm-recipe-ingredient-notes\"><\/span><\/span><\/li><li class=\"wprm-recipe-ingredient\" style=\"list-style-type: disc;\" data-uid=\"7\"><span class=\"wprm-recipe-ingredient-amount-unit\" style=\"flex-basis: 100px;\"><span class=\"wprm-recipe-ingredient-amount\">1<\/span> <\/span> <span class=\"wprm-recipe-ingredient-name-notes\"><span class=\"wprm-recipe-ingredient-name\">Ei<\/span><span class=\"wprm-recipe-ingredient-notes\"><\/span><\/span><\/li><li class=\"wprm-recipe-ingredient\" style=\"list-style-type: disc;\" data-uid=\"8\"><span class=\"wprm-recipe-ingredient-amount-unit\" style=\"flex-basis: 100px;\"><span class=\"wprm-recipe-ingredient-amount\">1<\/span> <\/span> <span class=\"wprm-recipe-ingredient-name-notes\"><span class=\"wprm-recipe-ingredient-name\">Zwiebel, gew&#xFC;rfelt<\/span><span class=\"wprm-recipe-ingredient-notes\"><\/span><\/span><\/li><li class=\"wprm-recipe-ingredient\" style=\"list-style-type: disc;\" data-uid=\"9\"><span class=\"wprm-recipe-ingredient-amount-unit\" style=\"flex-basis: 100px;\"><span class=\"wprm-recipe-ingredient-amount\">1<\/span> <\/span> <span class=\"wprm-recipe-ingredient-name-notes\"><span class=\"wprm-recipe-ingredient-name\">Knoblauchzehe, fein gehackt<\/span><span class=\"wprm-recipe-ingredient-notes\"><\/span><\/span><\/li><li class=\"wprm-recipe-ingredient\" style=\"list-style-type: disc;\" data-uid=\"10\"><span class=\"wprm-recipe-ingredient-amount-unit\" style=\"flex-basis: 100px;\"><span class=\"wprm-recipe-ingredient-amount\">2<\/span> <span class=\"wprm-recipe-ingredient-unit\">TL<\/span> <\/span> <span class=\"wprm-recipe-ingredient-name-notes\"><span class=\"wprm-recipe-ingredient-name\">Paprikapulver, edels&#xFC;&#xDF; oder rosenscharf<\/span><span class=\"wprm-recipe-ingredient-notes\"><\/span><\/span><\/li><li class=\"wprm-recipe-ingredient\" style=\"list-style-type: disc;\" data-uid=\"11\"><span class=\"wprm-recipe-ingredient-amount-unit\" style=\"flex-basis: 100px;\"><span class=\"wprm-recipe-ingredient-amount\">1<\/span> <span class=\"wprm-recipe-ingredient-unit\">TL<\/span> <\/span> <span class=\"wprm-recipe-ingredient-name-notes\"><span class=\"wprm-recipe-ingredient-name\">Salz<\/span><span class=\"wprm-recipe-ingredient-notes\"><\/span><\/span><\/li><li class=\"wprm-recipe-ingredient\" style=\"list-style-type: disc;\" data-uid=\"12\"><span class=\"wprm-recipe-ingredient-amount-unit\" style=\"flex-basis: 100px;\"><span class=\"wprm-recipe-ingredient-amount\">1<\/span> <span class=\"wprm-recipe-ingredient-unit\">TL<\/span> <\/span> <span class=\"wprm-recipe-ingredient-name-notes\"><span class=\"wprm-recipe-ingredient-name\"><a class=\"glossaryLink\"  href=\"https:\/\/www.harecker.de\/blog\/glossary\/majoran\/\"  data-gt-translate-attributes='[{\"attribute\":\"data-cmtooltip\", \"format\":\"html\"}]'  tabindex='0' role='link'>Majoran<\/a>, getrocknet<\/span><span class=\"wprm-recipe-ingredient-notes\"><\/span><\/span><\/li><\/ul><\/div><div class=\"wprm-recipe-ingredient-group\"><h3 class=\"wprm-recipe-group-name wprm-recipe-ingredient-group-name wprm-block-text-faded\">Zutaten So&#xDF;e:<\/h3><ul class=\"wprm-recipe-ingredients\"><li class=\"wprm-recipe-ingredient\" style=\"list-style-type: disc;\" data-uid=\"14\"><span class=\"wprm-recipe-ingredient-amount-unit\" style=\"flex-basis: 100px;\"><span class=\"wprm-recipe-ingredient-amount\">800<\/span> <span class=\"wprm-recipe-ingredient-unit\">g<\/span> <\/span> <span class=\"wprm-recipe-ingredient-name-notes\"><span class=\"wprm-recipe-ingredient-name\">Tomaten, ganze und gesch&#xE4;lte aus der Dose<\/span><span class=\"wprm-recipe-ingredient-notes\"><\/span><\/span><\/li><li class=\"wprm-recipe-ingredient\" style=\"list-style-type: disc;\" data-uid=\"15\"><span class=\"wprm-recipe-ingredient-amount-unit\" style=\"flex-basis: 100px;\"><span class=\"wprm-recipe-ingredient-amount\">1<\/span> <\/span> <span class=\"wprm-recipe-ingredient-name-notes\"><span class=\"wprm-recipe-ingredient-name\">Zwiebel, klein gew&#xFC;rfelt<\/span><span class=\"wprm-recipe-ingredient-notes\"><\/span><\/span><\/li><li class=\"wprm-recipe-ingredient\" style=\"list-style-type: disc;\" data-uid=\"16\"><span class=\"wprm-recipe-ingredient-amount-unit\" style=\"flex-basis: 100px;\"><span class=\"wprm-recipe-ingredient-amount\">1<\/span> <\/span> <span class=\"wprm-recipe-ingredient-name-notes\"><span class=\"wprm-recipe-ingredient-name\">Knoblauchzehe, fein gew&#xFC;rfelt<\/span><span class=\"wprm-recipe-ingredient-notes\"><\/span><\/span><\/li><li class=\"wprm-recipe-ingredient\" style=\"list-style-type: disc;\" data-uid=\"17\"><span class=\"wprm-recipe-ingredient-amount-unit\" style=\"flex-basis: 100px;\"><span class=\"wprm-recipe-ingredient-amount\">2 <\/span> <span class=\"wprm-recipe-ingredient-unit\">EL<\/span> <\/span> <span class=\"wprm-recipe-ingredient-name-notes\"><span class=\"wprm-recipe-ingredient-name\">Tomatenmark<\/span><span class=\"wprm-recipe-ingredient-notes\"><\/span><\/span><\/li><li class=\"wprm-recipe-ingredient\" style=\"list-style-type: disc;\" data-uid=\"18\"><span class=\"wprm-recipe-ingredient-amount-unit\" style=\"flex-basis: 100px;\"><span class=\"wprm-recipe-ingredient-amount\">1<\/span> <span class=\"wprm-recipe-ingredient-unit\">EL<\/span> <\/span> <span class=\"wprm-recipe-ingredient-name-notes\"><span class=\"wprm-recipe-ingredient-name\">Paprika-Tomatenmark<\/span><span class=\"wprm-recipe-ingredient-notes\"><\/span><\/span><\/li><li class=\"wprm-recipe-ingredient\" style=\"list-style-type: disc;\" data-uid=\"19\"><span class=\"wprm-recipe-ingredient-amount-unit\" style=\"flex-basis: 100px;\"><span class=\"wprm-recipe-ingredient-amount\">1<\/span> <span class=\"wprm-recipe-ingredient-unit\">EL<\/span> <\/span> <span class=\"wprm-recipe-ingredient-name-notes\"><span class=\"wprm-recipe-ingredient-name\">Ajvar (Paprikamus) nach Belieben<\/span><span class=\"wprm-recipe-ingredient-notes\"><\/span><\/span><\/li><li class=\"wprm-recipe-ingredient\" style=\"list-style-type: disc;\" data-uid=\"25\"><span class=\"wprm-recipe-ingredient-amount-unit\" style=\"flex-basis: 100px;\"><span class=\"wprm-recipe-ingredient-amount\">1<\/span> <span class=\"wprm-recipe-ingredient-unit\">TL<\/span> <\/span> <span class=\"wprm-recipe-ingredient-name-notes\"><span class=\"wprm-recipe-ingredient-name\">Italienische Kr&#xE4;uter (gemischt)<\/span><span class=\"wprm-recipe-ingredient-notes\"><\/span><\/span><\/li><li class=\"wprm-recipe-ingredient\" style=\"list-style-type: disc;\" data-uid=\"21\"><span class=\"wprm-recipe-ingredient-amount-unit\" style=\"flex-basis: 100px;\"><span class=\"wprm-recipe-ingredient-amount\">1<\/span> <span class=\"wprm-recipe-ingredient-unit\">Prise <\/span> <\/span> <span class=\"wprm-recipe-ingredient-name-notes\"><span class=\"wprm-recipe-ingredient-name\">Salz<\/span><span class=\"wprm-recipe-ingredient-notes\"><\/span><\/span><\/li><li class=\"wprm-recipe-ingredient\" style=\"list-style-type: disc;\" data-uid=\"22\"><span class=\"wprm-recipe-ingredient-amount-unit\" style=\"flex-basis: 100px;\"><span class=\"wprm-recipe-ingredient-amount\">1<\/span> <span class=\"wprm-recipe-ingredient-unit\">Prise<\/span> <\/span> <span class=\"wprm-recipe-ingredient-name-notes\"><span class=\"wprm-recipe-ingredient-name\">Zucker<\/span><span class=\"wprm-recipe-ingredient-notes\"><\/span><\/span><\/li><li class=\"wprm-recipe-ingredient\" style=\"list-style-type: disc;\" data-uid=\"23\"><span class=\"wprm-recipe-ingredient-amount-unit\" style=\"flex-basis: 100px;\"><span class=\"wprm-recipe-ingredient-amount\">1<\/span> <span class=\"wprm-recipe-ingredient-unit\">Msp.<\/span> <\/span> <span class=\"wprm-recipe-ingredient-name-notes\"><span class=\"wprm-recipe-ingredient-name\">Cayennepfeffer<\/span><span class=\"wprm-recipe-ingredient-notes\"><\/span><\/span><\/li><li class=\"wprm-recipe-ingredient\" style=\"list-style-type: disc;\" data-uid=\"24\"><span class=\"wprm-recipe-ingredient-amount-unit\" style=\"flex-basis: 100px;\"><span class=\"wprm-recipe-ingredient-amount\">2<\/span> <span class=\"wprm-recipe-ingredient-unit\">EL<\/span> <\/span> <span class=\"wprm-recipe-ingredient-name-notes\"><span class=\"wprm-recipe-ingredient-name\">Oliven&#xF6;l<\/span><span class=\"wprm-recipe-ingredient-notes\"><\/span><\/span><\/li><\/ul><\/div><div class=\"wprm-recipe-ingredient-group\"><h3 class=\"wprm-recipe-group-name wprm-recipe-ingredient-group-name wprm-block-text-faded\">Sonstiges:<\/h3><ul class=\"wprm-recipe-ingredients\"><li class=\"wprm-recipe-ingredient\" style=\"list-style-type: disc;\" data-uid=\"27\"><span class=\"wprm-recipe-ingredient-amount-unit\" style=\"flex-basis: 100px;\"><span class=\"wprm-recipe-ingredient-amount\">1<\/span> <span class=\"wprm-recipe-ingredient-unit\">St&#xFC;ck<\/span> <\/span> <span class=\"wprm-recipe-ingredient-name-notes\"><span class=\"wprm-recipe-ingredient-name\">Mozzarella, in Scheiben geschnitten<\/span><span class=\"wprm-recipe-ingredient-notes\"><\/span><\/span><\/li><li class=\"wprm-recipe-ingredient\" style=\"list-style-type: disc;\" data-uid=\"28\"><span class=\"wprm-recipe-ingredient-amount-unit\" style=\"flex-basis: 100px;\"><span class=\"wprm-recipe-ingredient-unit\">einige<\/span> <\/span> <span class=\"wprm-recipe-ingredient-name-notes\"><span class=\"wprm-recipe-ingredient-name\">frische Kr&#xE4;uter zum Garnieren<\/span><span class=\"wprm-recipe-ingredient-notes\"><\/span><\/span><\/li><\/ul><\/div><\/div>\n<div id=\"recipe-19518-instructions\" class=\"wprm-recipe-instructions-container wprm-recipe-19518-instructions-container wprm-block-text-normal\" data-recipe=\"19518\"><h2 class=\"wprm-recipe-header wprm-recipe-instructions-header wprm-block-text-uppercase wprm-align-left wprm-header-decoration-line wprm-header-has-actions\" style=\"\">Zubereitung<div class=\"wprm-decoration-line\" style=\"border-color: #e0e0e0;\"><\/div>&#xA0;<\/h2><div class=\"wprm-recipe-instruction-group\"><h4 class=\"wprm-recipe-group-name wprm-recipe-instruction-group-name wprm-block-text-bold\">Vorbereitung:<\/h4><ul class=\"wprm-recipe-instructions\"><li id=\"wprm-recipe-19518-step-0-0\" class=\"wprm-recipe-instruction\" style=\"list-style-type: decimal;\"><div class=\"wprm-recipe-instruction-text\" style=\"margin-bottom: 5px;\"><span style=\"display: block;\">Heize den Backofen auf 180&#xB0;C Umluft vor. <\/span><\/div><\/li><li id=\"wprm-recipe-19518-step-0-1\" class=\"wprm-recipe-instruction\" style=\"list-style-type: decimal;\"><div class=\"wprm-recipe-instruction-text\" style=\"margin-bottom: 5px;\"><span style=\"display: block;\">W&#xFC;rfle die Semmel vom Vortag klein, gib sie in eine Sch&#xFC;ssel und &#xFC;bergie&#xDF;e sie mit der Milch zum Einweichen. Wasche die Paprikaschoten, schneide ca. 1,5 cm vom oberen Teil als Deckel ab und entferne mit einem kleinen Messer die Trennw&#xE4;nde und Kerne. Entferne den gr&#xFC;nen Stiel aus den Paprika-Deckeln. <\/span><\/div><div class=\"wprm-recipe-instruction-ingredients wprm-recipe-instruction-ingredients-inline wprm-block-text-faded\" style=\"margin-top: -5px; margin-bottom: 5px;\"><span class=\"wprm-recipe-instruction-ingredient wprm-recipe-instruction-ingredient-19518-5\" data-separator=\" \/\" data-both-units=\"0\" style=\"margin-bottom: 5px;\">200 ml Milch \/<\/span><span class=\"wprm-recipe-instruction-ingredient wprm-recipe-instruction-ingredient-19518-6\" data-separator=\" \/\" data-both-units=\"0\" style=\"margin-bottom: 5px;\">1 Semmel, vom Vortag \/<\/span><span class=\"wprm-recipe-instruction-ingredient wprm-recipe-instruction-ingredient-19518-3\" data-separator=\"\" data-both-units=\"0\" style=\"margin-bottom: 5px;\">4 Paprikaschoten<\/span><\/div><\/li><li id=\"wprm-recipe-19518-step-0-2\" class=\"wprm-recipe-instruction\" style=\"list-style-type: decimal;\"><div class=\"wprm-recipe-instruction-text\" style=\"margin-bottom: 5px;\"><span style=\"display: block;\">Gib das Hackfleisch in eine gro&#xDF;e Sch&#xFC;ssel, f&#xFC;ge das Ei, die gew&#xFC;rfelte Zwiebel, den Knoblauch, Paprikapulver, Salz und Majoran hinzu. Dr&#xFC;cke die Milch mit den H&#xE4;nden aus den Semmelw&#xFC;rfeln, gib sie ebenfalls zur Hackfleischmischung und verknete alles gut miteinander.<\/span><\/div><div class=\"wprm-recipe-instruction-ingredients wprm-recipe-instruction-ingredients-inline wprm-block-text-faded\" style=\"margin-top: -5px; margin-bottom: 5px;\"><span class=\"wprm-recipe-instruction-ingredient wprm-recipe-instruction-ingredient-19518-4\" data-separator=\" \/\" data-both-units=\"0\" style=\"margin-bottom: 5px;\">600 g Hackfleisch mager (gemischt halb Rind, halb Schwein) \/<\/span><span class=\"wprm-recipe-instruction-ingredient wprm-recipe-instruction-ingredient-19518-7\" data-separator=\" \/\" data-both-units=\"0\" style=\"margin-bottom: 5px;\">1 Ei \/<\/span><span class=\"wprm-recipe-instruction-ingredient wprm-recipe-instruction-ingredient-19518-8\" data-separator=\" \/\" data-both-units=\"0\" style=\"margin-bottom: 5px;\">1 Zwiebel, gew&#xFC;rfelt \/<\/span><span class=\"wprm-recipe-instruction-ingredient wprm-recipe-instruction-ingredient-19518-9\" data-separator=\" \/\" data-both-units=\"0\" style=\"margin-bottom: 5px;\">1 Knoblauchzehe, fein gehackt \/<\/span><span class=\"wprm-recipe-instruction-ingredient wprm-recipe-instruction-ingredient-19518-10\" data-separator=\" \/\" data-both-units=\"0\" style=\"margin-bottom: 5px;\">2 TL Paprikapulver, edels&#xFC;&#xDF; oder rosenscharf \/<\/span><span class=\"wprm-recipe-instruction-ingredient wprm-recipe-instruction-ingredient-19518-11\" data-separator=\" \/\" data-both-units=\"0\" style=\"margin-bottom: 5px;\">1 TL Salz \/<\/span><span class=\"wprm-recipe-instruction-ingredient wprm-recipe-instruction-ingredient-19518-12\" data-separator=\"\" data-both-units=\"0\" style=\"margin-bottom: 5px;\">1 TL Majoran, getrocknet<\/span><\/div><\/li><\/ul><\/div><div class=\"wprm-recipe-instruction-group\"><h4 class=\"wprm-recipe-group-name wprm-recipe-instruction-group-name wprm-block-text-bold\">Zubereitung:<\/h4><ul class=\"wprm-recipe-instructions\"><li id=\"wprm-recipe-19518-step-1-0\" class=\"wprm-recipe-instruction\" style=\"list-style-type: decimal;\"><div class=\"wprm-recipe-instruction-text\" style=\"margin-bottom: 5px;\"><span style=\"display: block;\">F&#xFC;lle die Hackfleischmischung in die Paprikaschoten und setze den Deckel mit Loch oben auf. Sollte eine Paprika nicht stehen bleiben, schneide unten eine kleine Scheibe gerade ab.<\/span><\/div><\/li><li id=\"wprm-recipe-19518-step-1-1\" class=\"wprm-recipe-instruction\" style=\"list-style-type: decimal;\"><div class=\"wprm-recipe-instruction-text\" style=\"margin-bottom: 5px;\"><span style=\"display: block;\">D&#xFC;nste die klein gew&#xFC;rfelte Zwiebel f&#xFC;r die So&#xDF;e in deiner Harecker Pfanne mit Oliven&#xF6;l glasig. Gib den gew&#xFC;rfelten Knoblauch dazu und d&#xFC;nste ihn kurz mit. R&#xFC;hre danach das Tomatenmark und das Paprika-Tomatenmark ein und r&#xF6;ste es etwas an. F&#xFC;ge die gesamten 800 g Tomaten aus der Dose, Ajvar, Zucker, Salz, italienische Kr&#xE4;uter und Cayennepfeffer hinzu und vermische alles gut. Lasse die So&#xDF;e kurz aufkochen und schmecke sie gegebenenfalls nach. F&#xFC;lle die So&#xDF;e in die Harecker Viereckpfanne, setze die gef&#xFC;llten Paprika hinein und gare sie mit geschlossenem Deckel im vorgeheizten Ofen (mittlere Ebene) f&#xFC;r ca. 30 Minuten.<\/span><\/div><div class=\"wprm-recipe-instruction-ingredients wprm-recipe-instruction-ingredients-inline wprm-block-text-faded\" style=\"margin-top: -5px; margin-bottom: 5px;\"><span class=\"wprm-recipe-instruction-ingredient wprm-recipe-instruction-ingredient-19518-14\" data-separator=\" \/\" data-both-units=\"0\" style=\"margin-bottom: 5px;\">800 g Tomaten, ganze und gesch&#xE4;lte aus der Dose \/<\/span><span class=\"wprm-recipe-instruction-ingredient wprm-recipe-instruction-ingredient-19518-15\" data-separator=\" \/\" data-both-units=\"0\" style=\"margin-bottom: 5px;\">1 Zwiebel, klein gew&#xFC;rfelt \/<\/span><span class=\"wprm-recipe-instruction-ingredient wprm-recipe-instruction-ingredient-19518-16\" data-separator=\" \/\" data-both-units=\"0\" style=\"margin-bottom: 5px;\">1 Knoblauchzehe, fein gew&#xFC;rfelt \/<\/span><span class=\"wprm-recipe-instruction-ingredient wprm-recipe-instruction-ingredient-19518-17\" data-separator=\" \/\" data-both-units=\"0\" style=\"margin-bottom: 5px;\">2  EL Tomatenmark \/<\/span><span class=\"wprm-recipe-instruction-ingredient wprm-recipe-instruction-ingredient-19518-18\" data-separator=\" \/\" data-both-units=\"0\" style=\"margin-bottom: 5px;\">1 EL Paprika-Tomatenmark \/<\/span><span class=\"wprm-recipe-instruction-ingredient wprm-recipe-instruction-ingredient-19518-19\" data-separator=\" \/\" data-both-units=\"0\" style=\"margin-bottom: 5px;\">1 EL Ajvar (Paprikamus) nach Belieben \/<\/span><span class=\"wprm-recipe-instruction-ingredient wprm-recipe-instruction-ingredient-19518-25\" data-separator=\" \/\" data-both-units=\"0\" style=\"margin-bottom: 5px;\">1 TL Italienische Kr&#xE4;uter (gemischt) \/<\/span><span class=\"wprm-recipe-instruction-ingredient wprm-recipe-instruction-ingredient-19518-21\" data-separator=\" \/\" data-both-units=\"0\" style=\"margin-bottom: 5px;\">1 Prise  Salz \/<\/span><span class=\"wprm-recipe-instruction-ingredient wprm-recipe-instruction-ingredient-19518-22\" data-separator=\" \/\" data-both-units=\"0\" style=\"margin-bottom: 5px;\">1 Prise Zucker \/<\/span><span class=\"wprm-recipe-instruction-ingredient wprm-recipe-instruction-ingredient-19518-23\" data-separator=\" \/\" data-both-units=\"0\" style=\"margin-bottom: 5px;\">1 Msp. Cayennepfeffer \/<\/span><span class=\"wprm-recipe-instruction-ingredient wprm-recipe-instruction-ingredient-19518-24\" data-separator=\"\" data-both-units=\"0\" style=\"margin-bottom: 5px;\">2 EL Oliven&#xF6;l<\/span><\/div><\/li><li id=\"wprm-recipe-19518-step-1-2\" class=\"wprm-recipe-instruction\" style=\"list-style-type: decimal;\"><div class=\"wprm-recipe-instruction-text\" style=\"margin-bottom: 5px;\"><span style=\"display: block;\">Nimm anschlie&#xDF;end den Paprika-Deckel ab, lege die geschnittenen Mozzarella-Scheiben auf die Paprika und gare sie f&#xFC;r weitere 15 Minuten, bis der K&#xE4;se geschmolzen ist.<\/span><\/div><div class=\"wprm-recipe-instruction-ingredients wprm-recipe-instruction-ingredients-inline wprm-block-text-faded\" style=\"margin-top: -5px; margin-bottom: 5px;\"><span class=\"wprm-recipe-instruction-ingredient wprm-recipe-instruction-ingredient-19518-27\" data-separator=\"\" data-both-units=\"0\" style=\"margin-bottom: 5px;\">1 St&#xFC;ck Mozzarella, in Scheiben geschnitten<\/span><\/div><\/li><\/ul><\/div><div class=\"wprm-recipe-instruction-group\"><h4 class=\"wprm-recipe-group-name wprm-recipe-instruction-group-name wprm-block-text-bold\">Anrichten und Servieren:<\/h4><ul class=\"wprm-recipe-instructions\"><li id=\"wprm-recipe-19518-step-2-0\" class=\"wprm-recipe-instruction\" style=\"list-style-type: decimal;\"><div class=\"wprm-recipe-instruction-text\" style=\"margin-bottom: 5px;\"><span style=\"display: block;\">Gib vor dem Servieren einige klein gehackte, frische Kr&#xE4;uter auf die Paprika, setze den Paprika-Deckel wieder auf und serviere sie direkt auf den Tellern. Ein frischer, bunter Salat ist die ideale Low-Carb-Begleitung dazu.<\/span><\/div><div class=\"wprm-recipe-instruction-ingredients wprm-recipe-instruction-ingredients-inline wprm-block-text-faded\" style=\"margin-top: -5px; margin-bottom: 5px;\"><span class=\"wprm-recipe-instruction-ingredient wprm-recipe-instruction-ingredient-19518-28\" data-separator=\"\" data-both-units=\"0\" style=\"margin-bottom: 5px;\">einige frische Kr&#xE4;uter zum Garnieren<\/span><\/div><\/li><\/ul><\/div><\/div>\n<div class=\"wprm-spacer\"><\/div>\n<a href=\"#commentform\" data-modal-uid=\"user-rating\" data-recipe=\"19518\" style=\"color: #ffffff;background-color: #051d40;border-color: #051d40;border-radius: 0px;padding: 5px 5px;\" class=\"wprm-recipe-user-ratings-modal wprm-recipe-link wprm-block-text-normal wprm-recipe-user-ratings-modal-wide-button wprm-recipe-link-wide-button wprm-color-accent\"><span class=\"wprm-recipe-icon wprm-recipe-user-ratings-modal-icon\"><svg xmlns=\"http:\/\/www.w3.org\/2000\/svg\" xmlns:xlink=\"http:\/\/www.w3.org\/1999\/xlink\" x=\"0px\" y=\"0px\" width=\"16px\" height=\"16px\" viewbox=\"0 0 24 24\"><g><path fill=\"#ffffff\" d=\"M12.712,1.942l2.969,6.015l6.638,0.965c0.651,0.095,0.911,0.895,0.44,1.354l-4.804,4.682l1.134,6.612c0.111,0.649-0.57,1.143-1.152,0.837L12,19.286l-5.938,3.122C5.48,22.714,4.799,22.219,4.91,21.57l1.134-6.612l-4.804-4.682c-0.471-0.459-0.211-1.26,0.44-1.354l6.638-0.965l2.969-6.015C11.579,1.352,12.421,1.352,12.712,1.942z\"><\/path><\/g><\/svg><\/span> Bewerten &amp; Kommentieren<\/a>\n<a href=\"https:\/\/www.harecker.de\/blog\/wprm_print\/gefuellte-paprika-mit-hackfleisch-low-carb\" style=\"color: #ffffff;background-color: #051d40;border-color: #051d40;border-radius: 0px;padding: 5px 5px;\" class=\"wprm-recipe-print wprm-recipe-link wprm-print-recipe-shortcode wprm-block-text-normal wprm-recipe-print-wide-button wprm-recipe-link-wide-button wprm-color-accent\" data-recipe-id=\"19518\" data-template=\"\" target=\"_blank\" rel=\"nofollow\"><span class=\"wprm-recipe-icon wprm-recipe-print-icon\"><svg width=\"16px\" height=\"16px\" viewbox=\"0 0 24 24\" version=\"1.1\" xmlns=\"http:\/\/www.w3.org\/2000\/svg\" xmlns:xlink=\"http:\/\/www.w3.org\/1999\/xlink\"><g stroke=\"none\" stroke-width=\"1\" fill=\"none\" fill-rule=\"evenodd\"><g fill=\"#ffffff\"><g><path d=\"M17.5454,0.0005 C18.2904,0.0005 18.9004,0.6105 18.9004,1.3565 L18.9004,1.3565 L18.9004,4.9445 L21.9904,4.9445 C23.0954,4.9445 24.0004,5.8485 24.0004,6.9535 L24.0004,6.9535 L24.0004,17.2415 C24.0004,18.3465 23.0954,19.2505 21.9904,19.2505 L21.9904,19.2505 L19.8414,19.2505 L19.8414,22.2795 C19.8414,23.1725 19.1104,23.9035 18.2174,23.9035 L18.2174,23.9035 L5.7834,23.9035 C4.8894,23.9035 4.1594,23.1725 4.1594,22.2795 L4.1594,22.2795 L4.1594,19.2505 L2.0104,19.2505 C0.9044,19.2505 0.0004,18.3465 0.0004,17.2415 L0.0004,17.2415 L0.0004,6.9535 C0.0004,5.8485 0.9044,4.9445 2.0104,4.9445 L2.0104,4.9445 L5.0984,4.9445 L5.0984,1.3565 C5.0984,0.6105 5.7094,0.0005 6.4554,0.0005 L6.4554,0.0005 Z M17.8414,15.5975 L6.1594,15.5975 L6.1594,21.9035 L17.8414,21.9035 L17.8414,15.5975 Z M21.9904,6.9445 L2.0104,6.9445 L2.0004,17.2415 L4.1594,17.2425 L4.1594,15.2215 C4.1594,14.3285 4.8894,13.5975 5.7834,13.5975 L5.7834,13.5975 L18.2174,13.5975 C19.1104,13.5975 19.8414,14.3285 19.8414,15.2215 L19.8414,15.2215 L19.8414,17.2495 L21.9904,17.2505 L22.0004,6.9535 L21.9904,6.9445 Z M6.1632,9.1318 C6.7902,9.1318 7.2992,9.6408 7.2992,10.2678 C7.2992,10.8948 6.7902,11.4028 6.1632,11.4028 L6.1632,11.4028 L5.0992,11.4028 C4.4722,11.4028 3.9632,10.8948 3.9632,10.2678 C3.9632,9.6408 4.4722,9.1318 5.0992,9.1318 L5.0992,9.1318 Z M16.6304,2.2715 L7.3704,2.2715 L7.3704,4.6845 L16.6304,4.6845 L16.6304,2.2715 Z\"><\/path><\/g><\/g><\/g><\/svg><\/span> Drucken<\/a>\n\n<div id=\"recipe-19518-notes\" class=\"wprm-recipe-notes-container wprm-block-text-normal\"><h3 class=\"wprm-recipe-header wprm-recipe-notes-header wprm-block-text-uppercase wprm-align-left wprm-header-decoration-line\" style=\"\">Notizen<div class=\"wprm-decoration-line\" style=\"border-color: #e0e0e0;\"><\/div><\/h3><div class=\"wprm-recipe-notes\"><span style=\"display: block;\">&#xA0;<\/span><div class=\"wprm-spacer\"><\/div>\n<span style=\"display: block;\">&#xA0;<\/span><\/div><\/div>\n<div id=\"recipe-19518-nutrition\" class=\"wprm-nutrition-label-shortcode-container\"><h3 class=\"wprm-recipe-header wprm-recipe-nutrition-header wprm-block-text-uppercase wprm-align-left wprm-header-decoration-line\" style=\"\">N&#xE4;hrwerte<div class=\"wprm-decoration-line\" style=\"border-color: #e0e0e0;\"><\/div><\/h3><div class=\"wprm-nutrition-label-container wprm-nutrition-label-container-grouped wprm-block-text-normal wprm-nutrition-label-container-grouped-text\" style=\"text-align: left;column-gap: 10px;\"><span class=\"wprm-nutrition-label-text-nutrition-container wprm-nutrition-label-text-nutrition-container-serving_size\" style=\"flex-basis: 175px;\"><span class=\"wprm-nutrition-label-text-nutrition-label  wprm-block-text-faded\" style=\"color: #333333\">Serving: <\/span><span class=\"wprm-nutrition-label-text-nutrition-value\" style=\"color: #333333\">1<\/span><span class=\"wprm-nutrition-label-text-nutrition-unit\" style=\"color: #333333\">Portion<\/span><\/span><span class=\"wprm-nutrition-label-text-nutrition-container wprm-nutrition-label-text-nutrition-container-calories\" style=\"flex-basis: 175px;\"><span class=\"wprm-nutrition-label-text-nutrition-label  wprm-block-text-faded\" style=\"color: #333333\">Calories: <\/span><span class=\"wprm-nutrition-label-text-nutrition-value\" style=\"color: #333333\">485<\/span><span class=\"wprm-nutrition-label-text-nutrition-unit\" style=\"color: #333333\">kcal<\/span><\/span><span class=\"wprm-nutrition-label-text-nutrition-container wprm-nutrition-label-text-nutrition-container-carbohydrates\" style=\"flex-basis: 175px;\"><span class=\"wprm-nutrition-label-text-nutrition-label  wprm-block-text-faded\" style=\"color: #333333\">Carbohydrates: <\/span><span class=\"wprm-nutrition-label-text-nutrition-value\" style=\"color: #333333\">18<\/span><span class=\"wprm-nutrition-label-text-nutrition-unit\" style=\"color: #333333\">g<\/span><\/span><span class=\"wprm-nutrition-label-text-nutrition-container wprm-nutrition-label-text-nutrition-container-protein\" style=\"flex-basis: 175px;\"><span class=\"wprm-nutrition-label-text-nutrition-label  wprm-block-text-faded\" style=\"color: #333333\">Protein: <\/span><span class=\"wprm-nutrition-label-text-nutrition-value\" style=\"color: #333333\">42<\/span><span class=\"wprm-nutrition-label-text-nutrition-unit\" style=\"color: #333333\">g<\/span><\/span><span class=\"wprm-nutrition-label-text-nutrition-container wprm-nutrition-label-text-nutrition-container-fat\" style=\"flex-basis: 175px;\"><span class=\"wprm-nutrition-label-text-nutrition-label  wprm-block-text-faded\" style=\"color: #333333\">Fat: <\/span><span class=\"wprm-nutrition-label-text-nutrition-value\" style=\"color: #333333\">26<\/span><span class=\"wprm-nutrition-label-text-nutrition-unit\" style=\"color: #333333\">g<\/span><\/span><span class=\"wprm-nutrition-label-text-nutrition-container wprm-nutrition-label-text-nutrition-container-sugar\" style=\"flex-basis: 175px;\"><span class=\"wprm-nutrition-label-text-nutrition-label  wprm-block-text-faded\" style=\"color: #333333\">Sugar: <\/span><span class=\"wprm-nutrition-label-text-nutrition-value\" style=\"color: #333333\">9<\/span><span class=\"wprm-nutrition-label-text-nutrition-unit\" style=\"color: #333333\">g<\/span><\/span><\/div><\/div>\n<div class=\"wprm-spacer\" style=\"height: 20px;\"><\/div>\n<div class=\"wprm-icon-shortcode wprm-icon-shortcode-separate wprm-align-center wprm-icon-decoration-line\" style=\"font-size: 24px;height: 24px;\"><div class=\"wprm-decoration-line\" style=\"border-color: #e0e0e0;\"><\/div><span class=\"wprm-recipe-icon\" aria-hidden=\"true\"><svg width=\"16px\" height=\"16px\" viewbox=\"0 0 24 24\" version=\"1.1\" xmlns=\"http:\/\/www.w3.org\/2000\/svg\" xmlns:xlink=\"http:\/\/www.w3.org\/1999\/xlink\"><g id=\"Icons\" stroke=\"none\" stroke-width=\"1\" fill=\"none\" fill-rule=\"evenodd\"><g fill=\"#9e9e9e\"><path d=\"M9.0039,16.0079 C5.1419,16.0079 1.9999,12.8659 1.9999,9.0039 C1.9999,5.1419 5.1419,1.9999 9.0039,1.9999 C12.8659,1.9999 16.0079,5.1419 16.0079,9.0039 C16.0079,12.8659 12.8659,16.0079 9.0039,16.0079 M23.6209,22.2069 L16.1439,14.7299 C16.1059,14.6919 16.0579,14.6759 16.0159,14.6449 C17.2599,13.1009 18.0079,11.1409 18.0079,9.0039 C18.0079,4.0309 13.9769,-0.0001 9.0039,-0.0001 C4.0309,-0.0001 -0.0001,4.0309 -0.0001,9.0039 C-0.0001,13.9769 4.0309,18.0079 9.0039,18.0079 C11.1409,18.0079 13.1009,17.2599 14.6449,16.0169 C14.6749,16.0579 14.6919,16.1059 14.7299,16.1439 L22.2069,23.6209 C22.4019,23.8169 22.6579,23.9139 22.9139,23.9139 C23.1699,23.9139 23.4259,23.8169 23.6209,23.6209 C24.0119,23.2309 24.0119,22.5979 23.6209,22.2069\"><\/path><\/g><\/g><\/svg><\/span> <div class=\"wprm-decoration-line\" style=\"border-color: #e0e0e0;\"><\/div><\/div>\n<div class=\"wprm-recipe-meta-container wprm-recipe-custom-container wprm-recipe-details-container wprm-recipe-details-container-table wprm-block-text-normal wprm-recipe-table-borders-none wprm-recipe-table-borders-inside\" style=\"border-width: 0;border-style: dotted;border-color: #666666;\"><div class=\"wprm-recipe-block-container wprm-recipe-block-container-table wprm-block-text-normal wprm-recipe-tag-container wprm-recipe-keyword-container\" style=\"border-width: 0;border-style: dotted;border-color: #666666;\"><span class=\"wprm-recipe-details-label wprm-block-text-uppercase-faded wprm-recipe-tag-label wprm-recipe-keyword-label\">Keyword <\/span><span class=\"wprm-recipe-keyword wprm-block-text-normal\">Einfach in der Zubereitung, Gef&#xFC;llte Paprika mit Hackfleisch, gesunde Hackfleisch-Gerichte, Harecker Viereckpfanne, Klassisches Familienessen, mit Mozarella &#xFC;berbacken, Ofenrezept, schmackhaft, traditionell<\/span><\/div><\/div>\n<div class=\"wprm-spacer\"><\/div>\n\n<a href=\"https:\/\/www.harecker.de\/\" target=\"_blank\" class=\"wprm-link wprm-recipe-link wprm-block-text-bold wprm-recipe-link-wide-button wprm-color-accent\" rel=\"nofollow\" style=\"color: #ffffff;background-color: #051d40;border-color: #051d40;border-radius: 0px;padding: 20px 5px;\"><span class=\"wprm-recipe-icon wprm-recipe-link-icon\"><svg xmlns=\"http:\/\/www.w3.org\/2000\/svg\" width=\"16\" height=\"16\" viewbox=\"0 0 16 16\"><g class=\"nc-icon-wrapper\" stroke-width=\"1\" fill=\"none\" stroke=\"#ffffff\" stroke-miterlimit=\"10\" stroke-linecap=\"round\" stroke-linejoin=\"round\"><polyline points=\"0.5,0.5 3.5,0.5 3.5,9.5 13.5,9.5 15.5,2.5 6.5,2.5 \" data-cap=\"butt\"><\/polyline> <circle cx=\"4\" cy=\"14\" r=\"1.5\" data-cap=\"butt\" stroke=\"#ffffff\"><\/circle> <circle cx=\"13\" cy=\"14\" r=\"1.5\" data-cap=\"butt\" stroke=\"#ffffff\"><\/circle><\/g><\/svg><\/span> Harecker Shop<\/a><\/div><\/div>\n\n\n<h2 class=\"wp-block-heading\" id=\"h-entdecke-weitere-rezepte-genau-so-gut\"><strong>Entdecke weitere Rezepte &#x2013; genau so gut!<\/strong><\/h2>\n\n\n\n<div class=\"wp-block-media-text is-stacked-on-mobile\" style=\"grid-template-columns:21% auto\"><figure class=\"wp-block-media-text__media\"><img loading=\"lazy\" decoding=\"async\" width=\"768\" height=\"1024\" src=\"https:\/\/www.harecker.de\/blog\/wp-content\/uploads\/2024\/09\/Pfannen-Lasagne-a-la-Pfannen-Harecker-768x1024.jpeg\" alt=\"Schnelle und einfache Pfannen-Lasagne von Pfannen Harecker\" class=\"wp-image-23223 size-full\" srcset=\"https:\/\/www.harecker.de\/blog\/wp-content\/uploads\/2024\/09\/Pfannen-Lasagne-a-la-Pfannen-Harecker-768x1024.jpeg 768w, https:\/\/www.harecker.de\/blog\/wp-content\/uploads\/2024\/09\/Pfannen-Lasagne-a-la-Pfannen-Harecker-263x350.jpeg 263w, https:\/\/www.harecker.de\/blog\/wp-content\/uploads\/2024\/09\/Pfannen-Lasagne-a-la-Pfannen-Harecker-1152x1536.jpeg 1152w, https:\/\/www.harecker.de\/blog\/wp-content\/uploads\/2024\/09\/Pfannen-Lasagne-a-la-Pfannen-Harecker-250x333.jpeg 250w, https:\/\/www.harecker.de\/blog\/wp-content\/uploads\/2024\/09\/Pfannen-Lasagne-a-la-Pfannen-Harecker.jpeg 1536w\" sizes=\"auto, (max-width: 768px) 100vw, 768px\"\/><\/figure><div class=\"wp-block-media-text__content\">\n<p><strong><a href=\"https:\/\/www.harecker.de\/blog\/pfannen-lasagne-a-la-pfannen-harecker\/\">Pfannen-Lasagne &#xE0; la Pfannen Harecker<\/a><\/strong><\/p>\n<\/div><\/div>\n\n\n\n<p><\/p>\n\n\n\n<div class=\"wp-block-media-text is-stacked-on-mobile\" style=\"grid-template-columns:21% auto\"><figure class=\"wp-block-media-text__media\"><img loading=\"lazy\" decoding=\"async\" width=\"565\" height=\"640\" src=\"https:\/\/www.harecker.de\/blog\/wp-content\/uploads\/2024\/05\/Chili-con-Carne.jpg\" alt=\"Chili con Crane mit etwas frischem Baguette auf einem Teller serviert.\" class=\"wp-image-21018 size-full\" srcset=\"https:\/\/www.harecker.de\/blog\/wp-content\/uploads\/2024\/05\/Chili-con-Carne.jpg 565w, https:\/\/www.harecker.de\/blog\/wp-content\/uploads\/2024\/05\/Chili-con-Carne-309x350.jpg 309w, https:\/\/www.harecker.de\/blog\/wp-content\/uploads\/2024\/05\/Chili-con-Carne-250x283.jpg 250w\" sizes=\"auto, (max-width: 565px) 100vw, 565px\"\/><\/figure><div class=\"wp-block-media-text__content\">\n<p><strong><a href=\"https:\/\/www.harecker.de\/blog\/chili-con-carne\/\">Chili con Carne<\/a><\/strong><\/p>\n<\/div><\/div>\n\n\n\n<p><\/p>\n\n\n\n<div class=\"wp-block-media-text is-stacked-on-mobile\" style=\"grid-template-columns:21% auto\"><figure class=\"wp-block-media-text__media\"><img loading=\"lazy\" decoding=\"async\" width=\"555\" height=\"600\" src=\"https:\/\/www.harecker.de\/blog\/wp-content\/uploads\/2024\/05\/Mit-Kartoffelbrei-gefuellte-Zucchini-und-Paprika.jpg\" alt=\"Mit Kartoffelbrei gef&#xFC;llte Zucchini und Paprika in der Harecker Auflaufform im Ofen gebacken.\" class=\"wp-image-21319 size-full\" srcset=\"https:\/\/www.harecker.de\/blog\/wp-content\/uploads\/2024\/05\/Mit-Kartoffelbrei-gefuellte-Zucchini-und-Paprika.jpg 555w, https:\/\/www.harecker.de\/blog\/wp-content\/uploads\/2024\/05\/Mit-Kartoffelbrei-gefuellte-Zucchini-und-Paprika-324x350.jpg 324w, https:\/\/www.harecker.de\/blog\/wp-content\/uploads\/2024\/05\/Mit-Kartoffelbrei-gefuellte-Zucchini-und-Paprika-250x270.jpg 250w\" sizes=\"auto, (max-width: 555px) 100vw, 555px\"\/><\/figure><div class=\"wp-block-media-text__content\">\n<p><strong><a href=\"https:\/\/www.harecker.de\/blog\/mit-kartoffelbrei-gefuellte-zucchini-und-paprika\/\">Mit Kartoffelbrei gef&#xFC;llte Zucchini und Paprika<\/a><\/strong><\/p>\n<\/div><\/div>\n\n\n\n<hr class=\"wp-block-separator has-alpha-channel-opacity\">\n\n\n\n<h2 class=\"wp-block-heading\"><strong>Dein Herzst&#xFC;ck in der K&#xFC;che: Gef&#xFC;llte Paprika neu interpretiert<\/strong><\/h2>\n\n\n\n<h2 class=\"wp-block-heading\" id=\"h-warum-du-diesen-klassiker-lieben-wirst\"><strong>Warum du diesen Klassiker lieben wirst<\/strong><\/h2>\n\n\n\n<p>Manchmal muss es einfach ein Gericht sein, das Erinnerungen weckt und die ganze Familie an den Tisch holt. Die gef&#xFC;llte Paprika ist genau so ein Seelenfutter, und weil du Wert auf eine bewusste Ern&#xE4;hrung legst, zeigen wir dir heute die perfekte Low-Carb-Version. Schlie&#xDF;lich m&#xF6;chtest du genie&#xDF;en, ohne Kompromisse bei den Kohlenhydraten einzugehen. Also lass uns gemeinsam diese Mahlzeit zubereiten, denn sie ist nicht nur unglaublich lecker, sondern passt auch perfekt in deinen Alltag.<\/p>\n\n\n\n<h2 class=\"wp-block-heading\" id=\"h-der-geschmack-von-heimat-und-qualitat\"><strong>Der Geschmack von Heimat und Qualit&#xE4;t<\/strong><\/h2>\n\n\n\n<p>Du beginnst mit dem Herzst&#xFC;ck, der Hackfleischf&#xFC;llung. W&#xE4;hrend viele einfach nur Fleisch und Gew&#xFC;rze mischen, sorgen wir f&#xFC;r das gewisse Extra. Weil du eine lockere und saftige Konsistenz m&#xF6;chtest, weichst du die Semmel in Milch ein. Anschlie&#xDF;end dr&#xFC;ckst du die Fl&#xFC;ssigkeit heraus und knetest sie unter das magere Hackfleisch. Dadurch bleibt die F&#xFC;llung beim Garen sch&#xF6;n zart, und du bekommst ein Ergebnis, das du so schnell nicht vergessen wirst.<\/p>\n\n\n\n<h2 class=\"wp-block-heading\" id=\"h-die-pfanne-die-mehr-kann\"><strong>Die Pfanne, die mehr kann<\/strong><\/h2>\n\n\n\n<p>Nun kommt unser Geheimtipp ins Spiel: Die <strong><a href=\"https:\/\/www.harecker.de\/viereckpfanne-induktion28x28cm\">Harecker Viereckpfanne<\/a><\/strong>. Da die Paprika nicht immer perfekt stehen wollen, brauchst du eine Form, die dir die Arbeit erleichtert. Weil diese Pfanne eine optimale Bratfl&#xE4;che bietet, kannst du alle vier gef&#xFC;llten Paprika bequem in der aromatischen Tomatenso&#xDF;e platzieren. Zuerst d&#xFC;nstest du Zwiebeln und Knoblauch darin an, bevor du das Tomatenmark anr&#xF6;stest und die restlichen So&#xDF;en-Zutaten hinzuf&#xFC;gst. Dadurch intensivierst du den Geschmack enorm, und du erh&#xE4;ltst eine tiefrote, w&#xFC;rzige Basis.<\/p>\n\n\n\n<h2 class=\"wp-block-heading\" id=\"h-der-guss-der-alles-zusammenhalt\"><strong>Der Guss, der alles zusammenh&#xE4;lt<\/strong><\/h2>\n\n\n\n<p>Du stellst die Pfanne mit Deckel in den Ofen. Weil die Pfanne backofenfest ist, brauchst du kein extra Geschirr zu verwenden, und der Bratvorgang gelingt m&#xFC;helos. Sobald die Paprika fast gar sind, nimmst du den Deckel ab und belegst das Gericht mit dem Mozzarella. Du wirst sehen, wie der K&#xE4;se in den letzten 15 Minuten goldbraun schmilzt, denn das ist der Moment, in dem aus einem guten Gericht ein grandioses wird. Schlie&#xDF;lich m&#xF6;chtest du ein perfektes Abendessen servieren, und dieses Rezept liefert genau das.<br><\/p>\n\n\n\n<hr class=\"wp-block-separator has-alpha-channel-opacity\">\n\n\n\n<p><\/p>\n\n\n\n<p>Verpasse keine <strong>neuen Rezepte<\/strong> und Angebote bei Pfannen Harecker! Mit dem Newsletter und der<a href=\"https:\/\/www.harecker.de\/blog\/schmankerlpost-verpasst\/\"> Schmankerlpost<\/a> von Pfannen Harecker bleibst du immer informiert! Du erh&#xE4;ltst <strong>jeden Donnerstag unsere Schmankerlpost mit neuen Rezepten &amp; Tipps<\/strong> rund um&#xB4;s Kochen.<br>Anmelden &amp; nichts mehr verpassen:<\/p>\n\n\n<div style=\"\n    background:#051d40;\n    padding:30px;\n    border-radius:15px;\n    text-align:center;\n    color:white;\n    font-family:Arial, sans-serif;\n    max-width:600px;\n    margin:0 auto;\n\">\n    <h2 style=\"color:white; margin-top:0;\">\n        Werde Teil der Harecker Community! &#x1F499;\n    <\/h2>\n\n    <p style=\"color:white; font-size:16px; line-height:1.5;\">\n        &#128073; Melde dich hier f&uuml;r unsere Schmankerlpost &amp; Newsletter an,\n        um keine Rezepte oder Angebote mehr zu verpassen.\n    <\/p>\n\n    <a href=\"https:\/\/t06a3949a.emailsys1a.net\/58\/8585\/3e7d016769\/subscribe\/form.html?_g=1764611427\" style=\"\n           display:inline-block;\n           background:#277dc1;\n           color:white;\n           padding:14px 28px;\n           border-radius:8px;\n           text-decoration:none;\n           font-size:18px;\n           font-weight:bold;\n           margin-top:15px;\n       \">\n        Jetzt anmelden\n    <\/a>\n<\/div>\n\n\n\n<hr class=\"wp-block-separator has-alpha-channel-opacity\">\n\n\n\n<p><strong>Pfannen Harecker w&#xFC;nscht viel Spa&#xDF; beim Kochen und Genie&#xDF;en!<\/strong><\/p>\n","protected":false},"excerpt":{"rendered":"<p>Low Carb Seelenfutter: So schmeckt der Klassiker neu! Gef&#xFC;llte Paprika mit Hackfleisch ist ein zeitloser Genuss, den wir heute in einer k&#xF6;stlichen Low-Carb-Version zelebrieren. Durch den Verzicht auf zus&#xE4;tzliche Kohlenhydrate und die Konzentration auf mageres Hackfleisch und frische Paprika wird dieses Gericht zum perfekten, gesunden Familienessen. Die saftige F&#xFC;llung trifft auf eine aromatische Tomatenso&#xDF;e, die&#x2026;<\/p>\n<p><a class=\"read-more\" href=\"https:\/\/www.harecker.de\/blog\/gefuellte-paprika-mit-hackfleisch-low-carb\/\">&#xBB; Weiterlesen<\/a><\/p>\n","protected":false},"author":17,"featured_media":19510,"comment_status":"open","ping_status":"open","sticky":false,"template":"","format":"standard","meta":{"_acf_changed":false,"wprm-recipe-roundup-name":"","wprm-recipe-roundup-description":"","_jetpack_memberships_contains_paid_content":false,"footnotes":""},"categories":[3639,4863],"tags":[11747,11743,11744,11746,11745,11749,11748],"class_list":["post-19520","post","type-post","status-publish","format-standard","has-post-thumbnail","hentry","category-rezept-gerichte-mit-hackfleisch-zum-selbermachen","category-ofengerichte-zum-selbermachen","tag-familienessen-low-carb","tag-gefuellte-paprika-hackfleisch-low-carb","tag-gesunde-hackfleisch-gerichte","tag-guss-pfanne-ofenrezepte","tag-harecker-viereckpfanne-rezept","tag-paprika-mit-mozzarella-ueberbacken","tag-rezept-gefuellte-paprika-ohne-reis"],"acf":[],"yoast_head":"<!-- This site is optimized with the Yoast SEO Premium plugin v27.4 (Yoast SEO v27.5) - https:\/\/yoast.com\/product\/yoast-seo-premium-wordpress\/ -->\n<title>Gef\u00fcllte Paprika mit Hackfleisch - Low Carb - Die Pfanne von harecker.de<\/title>\n<meta name=\"description\" content=\"Ein Klassiker unter den beliebten Familienessen: Gef\u00fcllte Paprika mit Hackfleisch. Super einfach und mega lecker. Hier dein Rezept!\" \/>\n<meta name=\"robots\" content=\"index, follow, max-snippet:-1, max-image-preview:large, max-video-preview:-1\" \/>\n<link rel=\"canonical\" href=\"https:\/\/www.harecker.de\/blog\/gefuellte-paprika-mit-hackfleisch-low-carb\/\" \/>\n<meta property=\"og:locale\" content=\"de_DE\" \/>\n<meta property=\"og:type\" content=\"article\" \/>\n<meta property=\"og:title\" content=\"Gef\u00fcllte Paprika mit Hackfleisch - Low Carb\" \/>\n<meta property=\"og:description\" content=\"Low Carb Seelenfutter: So schmeckt der Klassiker neu! Gef\u00fcllte Paprika mit Hackfleisch ist ein zeitloser Genuss, den wir heute in einer k\u00f6stlichen\" \/>\n<meta property=\"og:url\" content=\"https:\/\/www.harecker.de\/blog\/gefuellte-paprika-mit-hackfleisch-low-carb\/\" \/>\n<meta property=\"og:site_name\" content=\"Die Pfanne von harecker.de\" \/>\n<meta property=\"article:publisher\" content=\"https:\/\/de-de.facebook.com\/harecker.pfannen\/\" \/>\n<meta property=\"article:published_time\" content=\"2024-02-12T16:46:29+00:00\" \/>\n<meta property=\"article:modified_time\" content=\"2026-02-03T14:43:18+00:00\" \/>\n<meta property=\"og:image\" content=\"https:\/\/www.harecker.de\/blog\/wp-content\/uploads\/2024\/02\/Gefuellte-Paprika.jpg\" \/>\n\t<meta property=\"og:image:width\" content=\"564\" \/>\n\t<meta property=\"og:image:height\" content=\"640\" \/>\n\t<meta property=\"og:image:type\" content=\"image\/jpeg\" \/>\n<meta name=\"author\" content=\"Angelika Stanglmayr\" \/>\n<meta name=\"twitter:card\" content=\"summary_large_image\" \/>\n<meta name=\"twitter:label1\" content=\"Verfasst von\" \/>\n\t<meta name=\"twitter:data1\" content=\"Angelika Stanglmayr\" \/>\n\t<meta name=\"twitter:label2\" content=\"Gesch\u00e4tzte Lesezeit\" \/>\n\t<meta name=\"twitter:data2\" content=\"6\u00a0Minuten\" \/>\n<script type=\"application\/ld+json\" class=\"yoast-schema-graph\">{\"@context\":\"https:\\\/\\\/schema.org\",\"@graph\":[{\"@type\":\"Article\",\"@id\":\"https:\\\/\\\/www.harecker.de\\\/blog\\\/gefuellte-paprika-mit-hackfleisch-low-carb\\\/#article\",\"isPartOf\":{\"@id\":\"https:\\\/\\\/www.harecker.de\\\/blog\\\/gefuellte-paprika-mit-hackfleisch-low-carb\\\/\"},\"author\":{\"name\":\"Angelika Stanglmayr\",\"@id\":\"https:\\\/\\\/www.harecker.de\\\/blog\\\/#\\\/schema\\\/person\\\/46acd01e0f0a354a133bd32f0753bc35\"},\"headline\":\"Gef\u00fcllte Paprika mit Hackfleisch &#8211; Low Carb\",\"datePublished\":\"2024-02-12T16:46:29+00:00\",\"dateModified\":\"2026-02-03T14:43:18+00:00\",\"mainEntityOfPage\":{\"@id\":\"https:\\\/\\\/www.harecker.de\\\/blog\\\/gefuellte-paprika-mit-hackfleisch-low-carb\\\/\"},\"wordCount\":1171,\"commentCount\":1,\"publisher\":{\"@id\":\"https:\\\/\\\/www.harecker.de\\\/blog\\\/#organization\"},\"image\":{\"@id\":\"https:\\\/\\\/www.harecker.de\\\/blog\\\/gefuellte-paprika-mit-hackfleisch-low-carb\\\/#primaryimage\"},\"thumbnailUrl\":\"https:\\\/\\\/www.harecker.de\\\/blog\\\/wp-content\\\/uploads\\\/2024\\\/02\\\/Gefuellte-Paprika.jpg\",\"keywords\":[\"Familienessen Low Carb\",\"Gef\u00fcllte Paprika Hackfleisch Low Carb\",\"gesunde Hackfleisch-Gerichte\",\"Guss-Pfanne Ofenrezepte\",\"Harecker Viereckpfanne Rezept\",\"Paprika mit Mozzarella \u00fcberbacken.\",\"Rezept gef\u00fcllte Paprika ohne Reis\"],\"articleSection\":[\"Gerichte mit Hackfleisch\",\"Ofengerichte\"],\"inLanguage\":\"de\",\"potentialAction\":[{\"@type\":\"CommentAction\",\"name\":\"Comment\",\"target\":[\"https:\\\/\\\/www.harecker.de\\\/blog\\\/gefuellte-paprika-mit-hackfleisch-low-carb\\\/#respond\"]}]},{\"@type\":\"WebPage\",\"@id\":\"https:\\\/\\\/www.harecker.de\\\/blog\\\/gefuellte-paprika-mit-hackfleisch-low-carb\\\/\",\"url\":\"https:\\\/\\\/www.harecker.de\\\/blog\\\/gefuellte-paprika-mit-hackfleisch-low-carb\\\/\",\"name\":\"Gef\u00fcllte Paprika mit Hackfleisch - Low Carb - Die Pfanne von harecker.de\",\"isPartOf\":{\"@id\":\"https:\\\/\\\/www.harecker.de\\\/blog\\\/#website\"},\"primaryImageOfPage\":{\"@id\":\"https:\\\/\\\/www.harecker.de\\\/blog\\\/gefuellte-paprika-mit-hackfleisch-low-carb\\\/#primaryimage\"},\"image\":{\"@id\":\"https:\\\/\\\/www.harecker.de\\\/blog\\\/gefuellte-paprika-mit-hackfleisch-low-carb\\\/#primaryimage\"},\"thumbnailUrl\":\"https:\\\/\\\/www.harecker.de\\\/blog\\\/wp-content\\\/uploads\\\/2024\\\/02\\\/Gefuellte-Paprika.jpg\",\"datePublished\":\"2024-02-12T16:46:29+00:00\",\"dateModified\":\"2026-02-03T14:43:18+00:00\",\"description\":\"Ein Klassiker unter den beliebten Familienessen: Gef\u00fcllte Paprika mit Hackfleisch. Super einfach und mega lecker. Hier dein Rezept!\",\"breadcrumb\":{\"@id\":\"https:\\\/\\\/www.harecker.de\\\/blog\\\/gefuellte-paprika-mit-hackfleisch-low-carb\\\/#breadcrumb\"},\"inLanguage\":\"de\",\"potentialAction\":[{\"@type\":\"ReadAction\",\"target\":[\"https:\\\/\\\/www.harecker.de\\\/blog\\\/gefuellte-paprika-mit-hackfleisch-low-carb\\\/\"]}]},{\"@type\":\"ImageObject\",\"inLanguage\":\"de\",\"@id\":\"https:\\\/\\\/www.harecker.de\\\/blog\\\/gefuellte-paprika-mit-hackfleisch-low-carb\\\/#primaryimage\",\"url\":\"https:\\\/\\\/www.harecker.de\\\/blog\\\/wp-content\\\/uploads\\\/2024\\\/02\\\/Gefuellte-Paprika.jpg\",\"contentUrl\":\"https:\\\/\\\/www.harecker.de\\\/blog\\\/wp-content\\\/uploads\\\/2024\\\/02\\\/Gefuellte-Paprika.jpg\",\"width\":564,\"height\":640,\"caption\":\"Gefu\u0308llte-Paprika\"},{\"@type\":\"BreadcrumbList\",\"@id\":\"https:\\\/\\\/www.harecker.de\\\/blog\\\/gefuellte-paprika-mit-hackfleisch-low-carb\\\/#breadcrumb\",\"itemListElement\":[{\"@type\":\"ListItem\",\"position\":1,\"name\":\"Startseite\",\"item\":\"https:\\\/\\\/www.harecker.de\\\/blog\\\/\"},{\"@type\":\"ListItem\",\"position\":2,\"name\":\"Gef\u00fcllte Paprika mit Hackfleisch &#8211; Low Carb\"}]},{\"@type\":\"WebSite\",\"@id\":\"https:\\\/\\\/www.harecker.de\\\/blog\\\/#website\",\"url\":\"https:\\\/\\\/www.harecker.de\\\/blog\\\/\",\"name\":\"Die Pfanne von harecker.de\",\"description\":\"Tipps, Tricks und Neuigkeiten Rund um das Thema Kochen, Backen, Braten und Ern\u00e4hrung Pfannen, T\u00f6pfe und Br\u00e4ter in Profiqualit\u00e4t \u2013 Made in Germany\",\"publisher\":{\"@id\":\"https:\\\/\\\/www.harecker.de\\\/blog\\\/#organization\"},\"potentialAction\":[{\"@type\":\"SearchAction\",\"target\":{\"@type\":\"EntryPoint\",\"urlTemplate\":\"https:\\\/\\\/www.harecker.de\\\/blog\\\/?s={search_term_string}\"},\"query-input\":{\"@type\":\"PropertyValueSpecification\",\"valueRequired\":true,\"valueName\":\"search_term_string\"}}],\"inLanguage\":\"de\"},{\"@type\":\"Organization\",\"@id\":\"https:\\\/\\\/www.harecker.de\\\/blog\\\/#organization\",\"name\":\"Harecker Pfannen\",\"url\":\"https:\\\/\\\/www.harecker.de\\\/blog\\\/\",\"logo\":{\"@type\":\"ImageObject\",\"inLanguage\":\"de\",\"@id\":\"https:\\\/\\\/www.harecker.de\\\/blog\\\/#\\\/schema\\\/logo\\\/image\\\/\",\"url\":\"https:\\\/\\\/www.harecker.de\\\/blog\\\/wp-content\\\/uploads\\\/2018\\\/04\\\/logo.png\",\"contentUrl\":\"https:\\\/\\\/www.harecker.de\\\/blog\\\/wp-content\\\/uploads\\\/2018\\\/04\\\/logo.png\",\"width\":185,\"height\":96,\"caption\":\"Harecker Pfannen\"},\"image\":{\"@id\":\"https:\\\/\\\/www.harecker.de\\\/blog\\\/#\\\/schema\\\/logo\\\/image\\\/\"},\"sameAs\":[\"https:\\\/\\\/de-de.facebook.com\\\/harecker.pfannen\\\/\"]},{\"@type\":\"Person\",\"@id\":\"https:\\\/\\\/www.harecker.de\\\/blog\\\/#\\\/schema\\\/person\\\/46acd01e0f0a354a133bd32f0753bc35\",\"name\":\"Angelika Stanglmayr\"}]}<\/script>\n<!-- \/ Yoast SEO Premium plugin. -->","yoast_head_json":{"title":"Gef\u00fcllte Paprika mit Hackfleisch - Low Carb - Die Pfanne von harecker.de","description":"Ein Klassiker unter den beliebten Familienessen: Gef\u00fcllte Paprika mit Hackfleisch. Super einfach und mega lecker. Hier dein Rezept!","robots":{"index":"index","follow":"follow","max-snippet":"max-snippet:-1","max-image-preview":"max-image-preview:large","max-video-preview":"max-video-preview:-1"},"canonical":"https:\/\/www.harecker.de\/blog\/gefuellte-paprika-mit-hackfleisch-low-carb\/","og_locale":"de_DE","og_type":"article","og_title":"Gef\u00fcllte Paprika mit Hackfleisch - Low Carb","og_description":"Low Carb Seelenfutter: So schmeckt der Klassiker neu! Gef\u00fcllte Paprika mit Hackfleisch ist ein zeitloser Genuss, den wir heute in einer k\u00f6stlichen","og_url":"https:\/\/www.harecker.de\/blog\/gefuellte-paprika-mit-hackfleisch-low-carb\/","og_site_name":"Die Pfanne von harecker.de","article_publisher":"https:\/\/de-de.facebook.com\/harecker.pfannen\/","article_published_time":"2024-02-12T16:46:29+00:00","article_modified_time":"2026-02-03T14:43:18+00:00","og_image":[{"width":564,"height":640,"url":"https:\/\/www.harecker.de\/blog\/wp-content\/uploads\/2024\/02\/Gefuellte-Paprika.jpg","type":"image\/jpeg"}],"author":"Angelika Stanglmayr","twitter_card":"summary_large_image","twitter_misc":{"Verfasst von":"Angelika Stanglmayr","Gesch\u00e4tzte Lesezeit":"6\u00a0Minuten"},"schema":{"@context":"https:\/\/schema.org","@graph":[{"@type":"Article","@id":"https:\/\/www.harecker.de\/blog\/gefuellte-paprika-mit-hackfleisch-low-carb\/#article","isPartOf":{"@id":"https:\/\/www.harecker.de\/blog\/gefuellte-paprika-mit-hackfleisch-low-carb\/"},"author":{"name":"Angelika Stanglmayr","@id":"https:\/\/www.harecker.de\/blog\/#\/schema\/person\/46acd01e0f0a354a133bd32f0753bc35"},"headline":"Gef\u00fcllte Paprika mit Hackfleisch &#8211; Low Carb","datePublished":"2024-02-12T16:46:29+00:00","dateModified":"2026-02-03T14:43:18+00:00","mainEntityOfPage":{"@id":"https:\/\/www.harecker.de\/blog\/gefuellte-paprika-mit-hackfleisch-low-carb\/"},"wordCount":1171,"commentCount":1,"publisher":{"@id":"https:\/\/www.harecker.de\/blog\/#organization"},"image":{"@id":"https:\/\/www.harecker.de\/blog\/gefuellte-paprika-mit-hackfleisch-low-carb\/#primaryimage"},"thumbnailUrl":"https:\/\/www.harecker.de\/blog\/wp-content\/uploads\/2024\/02\/Gefuellte-Paprika.jpg","keywords":["Familienessen Low Carb","Gef\u00fcllte Paprika Hackfleisch Low Carb","gesunde Hackfleisch-Gerichte","Guss-Pfanne Ofenrezepte","Harecker Viereckpfanne Rezept","Paprika mit Mozzarella \u00fcberbacken.","Rezept gef\u00fcllte Paprika ohne Reis"],"articleSection":["Gerichte mit Hackfleisch","Ofengerichte"],"inLanguage":"de","potentialAction":[{"@type":"CommentAction","name":"Comment","target":["https:\/\/www.harecker.de\/blog\/gefuellte-paprika-mit-hackfleisch-low-carb\/#respond"]}]},{"@type":"WebPage","@id":"https:\/\/www.harecker.de\/blog\/gefuellte-paprika-mit-hackfleisch-low-carb\/","url":"https:\/\/www.harecker.de\/blog\/gefuellte-paprika-mit-hackfleisch-low-carb\/","name":"Gef\u00fcllte Paprika mit Hackfleisch - Low Carb - Die Pfanne von harecker.de","isPartOf":{"@id":"https:\/\/www.harecker.de\/blog\/#website"},"primaryImageOfPage":{"@id":"https:\/\/www.harecker.de\/blog\/gefuellte-paprika-mit-hackfleisch-low-carb\/#primaryimage"},"image":{"@id":"https:\/\/www.harecker.de\/blog\/gefuellte-paprika-mit-hackfleisch-low-carb\/#primaryimage"},"thumbnailUrl":"https:\/\/www.harecker.de\/blog\/wp-content\/uploads\/2024\/02\/Gefuellte-Paprika.jpg","datePublished":"2024-02-12T16:46:29+00:00","dateModified":"2026-02-03T14:43:18+00:00","description":"Ein Klassiker unter den beliebten Familienessen: Gef\u00fcllte Paprika mit Hackfleisch. Super einfach und mega lecker. Hier dein Rezept!","breadcrumb":{"@id":"https:\/\/www.harecker.de\/blog\/gefuellte-paprika-mit-hackfleisch-low-carb\/#breadcrumb"},"inLanguage":"de","potentialAction":[{"@type":"ReadAction","target":["https:\/\/www.harecker.de\/blog\/gefuellte-paprika-mit-hackfleisch-low-carb\/"]}]},{"@type":"ImageObject","inLanguage":"de","@id":"https:\/\/www.harecker.de\/blog\/gefuellte-paprika-mit-hackfleisch-low-carb\/#primaryimage","url":"https:\/\/www.harecker.de\/blog\/wp-content\/uploads\/2024\/02\/Gefuellte-Paprika.jpg","contentUrl":"https:\/\/www.harecker.de\/blog\/wp-content\/uploads\/2024\/02\/Gefuellte-Paprika.jpg","width":564,"height":640,"caption":"Gefu\u0308llte-Paprika"},{"@type":"BreadcrumbList","@id":"https:\/\/www.harecker.de\/blog\/gefuellte-paprika-mit-hackfleisch-low-carb\/#breadcrumb","itemListElement":[{"@type":"ListItem","position":1,"name":"Startseite","item":"https:\/\/www.harecker.de\/blog\/"},{"@type":"ListItem","position":2,"name":"Gef\u00fcllte Paprika mit Hackfleisch &#8211; Low Carb"}]},{"@type":"WebSite","@id":"https:\/\/www.harecker.de\/blog\/#website","url":"https:\/\/www.harecker.de\/blog\/","name":"Die Pfanne von harecker.de","description":"Tipps, Tricks und Neuigkeiten Rund um das Thema Kochen, Backen, Braten und Ern\u00e4hrung Pfannen, T\u00f6pfe und Br\u00e4ter in Profiqualit\u00e4t \u2013 Made in Germany","publisher":{"@id":"https:\/\/www.harecker.de\/blog\/#organization"},"potentialAction":[{"@type":"SearchAction","target":{"@type":"EntryPoint","urlTemplate":"https:\/\/www.harecker.de\/blog\/?s={search_term_string}"},"query-input":{"@type":"PropertyValueSpecification","valueRequired":true,"valueName":"search_term_string"}}],"inLanguage":"de"},{"@type":"Organization","@id":"https:\/\/www.harecker.de\/blog\/#organization","name":"Harecker Pfannen","url":"https:\/\/www.harecker.de\/blog\/","logo":{"@type":"ImageObject","inLanguage":"de","@id":"https:\/\/www.harecker.de\/blog\/#\/schema\/logo\/image\/","url":"https:\/\/www.harecker.de\/blog\/wp-content\/uploads\/2018\/04\/logo.png","contentUrl":"https:\/\/www.harecker.de\/blog\/wp-content\/uploads\/2018\/04\/logo.png","width":185,"height":96,"caption":"Harecker Pfannen"},"image":{"@id":"https:\/\/www.harecker.de\/blog\/#\/schema\/logo\/image\/"},"sameAs":["https:\/\/de-de.facebook.com\/harecker.pfannen\/"]},{"@type":"Person","@id":"https:\/\/www.harecker.de\/blog\/#\/schema\/person\/46acd01e0f0a354a133bd32f0753bc35","name":"Angelika Stanglmayr"}]}},"jetpack_featured_media_url":"https:\/\/www.harecker.de\/blog\/wp-content\/uploads\/2024\/02\/Gefuellte-Paprika.jpg","jetpack_likes_enabled":true,"jetpack_sharing_enabled":true,"_links":{"self":[{"href":"https:\/\/www.harecker.de\/blog\/wp-json\/wp\/v2\/posts\/19520","targetHints":{"allow":["GET"]}}],"collection":[{"href":"https:\/\/www.harecker.de\/blog\/wp-json\/wp\/v2\/posts"}],"about":[{"href":"https:\/\/www.harecker.de\/blog\/wp-json\/wp\/v2\/types\/post"}],"author":[{"embeddable":true,"href":"https:\/\/www.harecker.de\/blog\/wp-json\/wp\/v2\/users\/17"}],"replies":[{"embeddable":true,"href":"https:\/\/www.harecker.de\/blog\/wp-json\/wp\/v2\/comments?post=19520"}],"version-history":[{"count":21,"href":"https:\/\/www.harecker.de\/blog\/wp-json\/wp\/v2\/posts\/19520\/revisions"}],"predecessor-version":[{"id":31151,"href":"https:\/\/www.harecker.de\/blog\/wp-json\/wp\/v2\/posts\/19520\/revisions\/31151"}],"wp:featuredmedia":[{"embeddable":true,"href":"https:\/\/www.harecker.de\/blog\/wp-json\/wp\/v2\/media\/19510"}],"wp:attachment":[{"href":"https:\/\/www.harecker.de\/blog\/wp-json\/wp\/v2\/media?parent=19520"}],"wp:term":[{"taxonomy":"category","embeddable":true,"href":"https:\/\/www.harecker.de\/blog\/wp-json\/wp\/v2\/categories?post=19520"},{"taxonomy":"post_tag","embeddable":true,"href":"https:\/\/www.harecker.de\/blog\/wp-json\/wp\/v2\/tags?post=19520"}],"curies":[{"name":"wp","href":"https:\/\/api.w.org\/{rel}","templated":true}]}}