{"id":19448,"date":"2024-02-06T13:35:30","date_gmt":"2024-02-06T12:35:30","guid":{"rendered":"https:\/\/www.harecker.de\/blog\/?p=19448"},"modified":"2024-06-26T12:04:04","modified_gmt":"2024-06-26T10:04:04","slug":"sous-vide-garen-tabelle","status":"publish","type":"post","link":"https:\/\/www.harecker.de\/blog\/sous-vide-garen-tabelle\/","title":{"rendered":"Sous-vide-Garen Tabelle"},"content":{"rendered":"<p>Beim Sous-vide-Garen versiegelst du Lebensmittel in Vakuumbeuteln und gart sie dann bei niedrigen Temperaturen in einem Wasserbad. Mit einem Sous-vide Stick zu Hause ist das einfach und ohne viel Aufwand m&#xF6;glich. Diese Methode garantiert eine pr&#xE4;zise Kerntemperaturkontrolle und f&#xFC;hrt zu gleichm&#xE4;&#xDF;ig gegarten Speisen. Aromen und N&#xE4;hrstoffe bleiben im Vakuumbeutel erhalten, w&#xE4;hrend das Gargut saftig und zart wird. Fleisch, Fisch und Gem&#xFC;se k&#xF6;nnen so perfekt zubereitet werden. Sous-vide-Garen eignet sich ideal f&#xFC;r Hobbyk&#xF6;che, die professionelle Ergebnisse erzielen m&#xF6;chten, ohne komplizierte Techniken anwenden zu m&#xFC;ssen. <\/p>\n\n\n\n<p>Nach dem Sous-vide-Garen k&#xF6;nnen die Speisen nach Belieben weiter verfeinert werden, beispielsweise durch Anbraten f&#xFC;r eine knusprige Kruste oder das Hinzuf&#xFC;gen von Gew&#xFC;rzen f&#xFC;r zus&#xE4;tzliche Geschmacksnuancen. Sous-vide-Garen bietet eine einfache und effektive M&#xF6;glichkeit, hochwertige Gerichte zu Hause zuzubereiten, die selbst Feinschmecker beeindrucken k&#xF6;nnen.<\/p>\n\n\n\n<div class=\"wp-block-media-text is-stacked-on-mobile\" style=\"grid-template-columns:36% auto\"><figure class=\"wp-block-media-text__media\"><a href=\"https:\/\/www.harecker.de\/blog\/entrecote-mit-pfeffersauce\/\"><img loading=\"lazy\" decoding=\"async\" width=\"1024\" height=\"1024\" src=\"https:\/\/www.harecker.de\/blog\/wp-content\/uploads\/2024\/01\/Entrecote-mit-Pfeffersauce-1024x1024.jpeg\" alt=\"\" class=\"wp-image-19053 size-full\" srcset=\"https:\/\/www.harecker.de\/blog\/wp-content\/uploads\/2024\/01\/Entrecote-mit-Pfeffersauce-1024x1024.jpeg 1024w, https:\/\/www.harecker.de\/blog\/wp-content\/uploads\/2024\/01\/Entrecote-mit-Pfeffersauce-350x350.jpeg 350w, https:\/\/www.harecker.de\/blog\/wp-content\/uploads\/2024\/01\/Entrecote-mit-Pfeffersauce-240x240.jpeg 240w, https:\/\/www.harecker.de\/blog\/wp-content\/uploads\/2024\/01\/Entrecote-mit-Pfeffersauce-768x768.jpeg 768w, https:\/\/www.harecker.de\/blog\/wp-content\/uploads\/2024\/01\/Entrecote-mit-Pfeffersauce-150x150.jpeg 150w, https:\/\/www.harecker.de\/blog\/wp-content\/uploads\/2024\/01\/Entrecote-mit-Pfeffersauce-1536x1536.jpeg 1536w, https:\/\/www.harecker.de\/blog\/wp-content\/uploads\/2024\/01\/Entrecote-mit-Pfeffersauce-2048x2048.jpeg 2048w, https:\/\/www.harecker.de\/blog\/wp-content\/uploads\/2024\/01\/Entrecote-mit-Pfeffersauce-500x500.jpeg 500w, https:\/\/www.harecker.de\/blog\/wp-content\/uploads\/2024\/01\/Entrecote-mit-Pfeffersauce-250x250.jpeg 250w\" sizes=\"auto, (max-width: 1024px) 100vw, 1024px\"\/><\/a><\/figure><div class=\"wp-block-media-text__content\">\n<h3 class=\"wp-block-heading\" id=\"h-sous-vide-garen-von-fleisch\">Sous-vide-Garen von Fleisch<\/h3>\n\n\n\n<p>Sous-vide Garen bietet pr&#xE4;zise Kontrolle &#xFC;ber die Kerntemperatur des Fleisches, was zu perfekten Ergebnissen f&#xFC;hrt. Das Fleisch bleibt saftig und zart, w&#xE4;hrend Aromen erhalten bleiben. Durch das anschlie&#xDF;ende Anbraten erh&#xE4;lt es eine knusprige Kruste, die den Genuss vervollst&#xE4;ndigt und ein unvergleichliches Geschmackserlebnis bietet. Bei uns findest du das richtige Rezept zum Beispiel f&#xFC;r ein <a href=\"https:\/\/www.harecker.de\/blog\/entrecote-mit-pfeffersauce\/\">Entrecote mit Pfeffersauce<\/a> Sous-vide gegart.<\/p>\n<\/div><\/div>\n\n\n\n<h3 class=\"wp-block-heading\" id=\"h-fleisch\">Fleisch:<\/h3>\n\n\n\n<figure class=\"wp-block-table\"><table><thead><tr><th>Fleischart<\/th><th>Kerntemperatur (&#xB0;C)<\/th><th>Minimale Gartemperatur (&#xB0;C)<\/th><th>Maximale Gartemperatur (&#xB0;C)<\/th><th>Minimale Garzeit (Stunden)<\/th><th>Maximale Garzeit (Stunden)<\/th><th>Gewicht (Gramm)<\/th><\/tr><\/thead><tbody><tr><td>Rinderfilet<\/td><td>54 &#x2013; 58<\/td><td>50<\/td><td>60<\/td><td>1.5<\/td><td>4<\/td><td>200 &#x2013; 250<\/td><\/tr><tr><td>Ribeye Steak<\/td><td>54 &#x2013; 58<\/td><td>50<\/td><td>60<\/td><td>1.5<\/td><td>4<\/td><td>250 &#x2013; 300<\/td><\/tr><tr><td>Schweinefilet<\/td><td>60 &#x2013; 63<\/td><td>55<\/td><td>65<\/td><td>1<\/td><td>4<\/td><td>200 &#x2013; 250<\/td><\/tr><tr><td>Lammkoteletts<\/td><td>60 &#x2013; 63<\/td><td>55<\/td><td>65<\/td><td>1.5<\/td><td>4<\/td><td>150 &#x2013; 200<\/td><\/tr><tr><td>H&#xFC;hnerbrust<\/td><td>60 &#x2013; 64<\/td><td>55<\/td><td>65<\/td><td>1<\/td><td>3<\/td><td>150 &#x2013; 200<\/td><\/tr><tr><td>Entenbrust<\/td><td>54 &#x2013; 57<\/td><td>50<\/td><td>60<\/td><td>1.5<\/td><td>4<\/td><td>200 &#x2013; 250<\/td><\/tr><tr><td>G&#xE4;nsebrust<\/td><td>60 &#x2013; 64<\/td><td>55<\/td><td>65<\/td><td>3<\/td><td>6<\/td><td>300 &#x2013; 400<\/td><\/tr><tr><td>Schweinebauch Schweinebraten<\/td><td>70 &#x2013; 74<\/td><td>65<\/td><td>75<\/td><td>12<\/td><td>24<\/td><td>500 &#x2013; 600<\/td><\/tr><tr><td>Rinderbrust<\/td><td>54 &#x2013; 57<\/td><td>50<\/td><td>60<\/td><td>24<\/td><td>48<\/td><td>500 &#x2013; 600<\/td><\/tr><tr><td>Lammkeule<\/td><td>60 &#x2013; 63<\/td><td>55<\/td><td>65<\/td><td>12<\/td><td>24<\/td><td>800 &#x2013; 900<\/td><\/tr><tr><td>Kalbsschnitzel<\/td><td>58 &#x2013; 62<\/td><td>54<\/td><td>64<\/td><td>1<\/td><td>4<\/td><td>150 &#x2013; 200<\/td><\/tr><tr><td>Ochsenb&#xE4;ckchen<\/td><td>80 &#x2013; 85<\/td><td>75<\/td><td>90<\/td><td>12<\/td><td>24<\/td><td>200 &#x2013; 250<\/td><\/tr><tr><td>Hirschfilet<\/td><td>54 &#x2013; 57<\/td><td>50<\/td><td>60<\/td><td>2<\/td><td>6<\/td><td>200 &#x2013; 250<\/td><\/tr><tr><td>Wildschweinr&#xFC;cken<\/td><td>54 &#x2013; 57<\/td><td>50<\/td><td>60<\/td><td>3<\/td><td>8<\/td><td>300 &#x2013; 400<\/td><\/tr><tr><td>Kaninchenkeule<\/td><td>62 &#x2013; 65<\/td><td>58<\/td><td>68<\/td><td>4<\/td><td>8<\/td><td>200 &#x2013; 250<\/td><\/tr><tr><td>Entenkeule<\/td><td>62 &#x2013; 65<\/td><td>58<\/td><td>68<\/td><td>6<\/td><td>12<\/td><td>250 &#x2013; 300<\/td><\/tr><tr><td>Lammhackfleisch<\/td><td>60 &#x2013; 63<\/td><td>55<\/td><td>65<\/td><td>1<\/td><td>4<\/td><td>200 &#x2013; 250<\/td><\/tr><tr><td>Rinderhackfleisch<\/td><td>60 &#x2013; 64<\/td><td>55<\/td><td>65<\/td><td>2<\/td><td>4<\/td><td>200 &#x2013; 250<\/td><\/tr><tr><td>Schweinekoteletts<\/td><td>60 &#x2013; 63<\/td><td>55<\/td><td>65<\/td><td>2<\/td><td>4<\/td><td>200 &#x2013; 250<\/td><\/tr><tr><td>H&#xE4;hnchenschenkel<\/td><td>60 &#x2013; 64<\/td><td>55<\/td><td>65<\/td><td>2<\/td><td>4<\/td><td>250 &#x2013; 300<\/td><\/tr><\/tbody><\/table><\/figure>\n\n\n\n<div class=\"wp-block-media-text is-stacked-on-mobile\" style=\"grid-template-columns:51% auto\"><figure class=\"wp-block-media-text__media\"><a href=\"https:\/\/www.harecker.de\/pfanne-bratpfanne-kochtopf\"><img loading=\"lazy\" decoding=\"async\" width=\"800\" height=\"440\" src=\"https:\/\/www.harecker.de\/blog\/wp-content\/uploads\/2022\/10\/1124i_flache-pfanne-induktion-24cm.jpg\" alt=\"\" class=\"wp-image-9903 size-full\" srcset=\"https:\/\/www.harecker.de\/blog\/wp-content\/uploads\/2022\/10\/1124i_flache-pfanne-induktion-24cm.jpg 800w, https:\/\/www.harecker.de\/blog\/wp-content\/uploads\/2022\/10\/1124i_flache-pfanne-induktion-24cm-350x193.jpg 350w, https:\/\/www.harecker.de\/blog\/wp-content\/uploads\/2022\/10\/1124i_flache-pfanne-induktion-24cm-768x422.jpg 768w, https:\/\/www.harecker.de\/blog\/wp-content\/uploads\/2022\/10\/1124i_flache-pfanne-induktion-24cm-250x138.jpg 250w\" sizes=\"auto, (max-width: 800px) 100vw, 800px\"\/><\/a><\/figure><div class=\"wp-block-media-text__content\">\n<p><strong>Die Pfannen von Pfannen Harecker<\/strong><br>Mit unseren Pfannen aus unserem <a href=\"https:\/\/www.harecker.de\/pfanne-bratpfanne-kochtopf\">Pfannen Shop<\/a> erzielst du das perfekte Bratergebnis bei Sous-vide gegarten Fleisch und Fisch. <\/p>\n<\/div><\/div>\n\n\n\n<h3 class=\"wp-block-heading\" id=\"h-sous-vide-garen-von-fisch\">Sous-vide-Garen von Fisch<\/h3>\n\n\n\n<p>Sous-vide-Garen sorgt f&#xFC;r gleichm&#xE4;&#xDF;ig gegarten Fisch mit perfekter Konsistenz und zartem Geschmack. Die niedrigen Temperaturen erhalten die Feuchtigkeit und Aromen. Durch das anschlie&#xDF;ende Anbraten erh&#xE4;lt der Fisch eine knusprige Haut, die den Genuss vollendet.<\/p>\n\n\n\n<div class=\"wp-block-media-text has-media-on-the-right is-stacked-on-mobile\" style=\"grid-template-columns:auto 32%\"><div class=\"wp-block-media-text__content\">\n<p><strong>Die <a class=\"glossaryLink\" href=\"https:\/\/www.harecker.de\/blog\/glossary\/teppanyaki\/\" data-gt-translate-attributes='[{\"attribute\":\"data-cmtooltip\", \"format\":\"html\"}]' tabindex=\"0\" role=\"link\">Teppanyaki<\/a> Platte<\/strong><br>Fisch und Fleisch lassen sich mit unserer <a href=\"https:\/\/www.harecker.de\/Teppanyaki-Platte-INDUKTION-41-x-24-x-25-cm\">Teppanyaki Platte<\/a> nach dem Garen direkt am Tisch zubereiten &#x2013; das perfekt Kocherlebnis! Siehe unsere Tipps &#xFC;ber <a href=\"https:\/\/www.harecker.de\/blog\/teppanyaki-platte-und-grillplatte-erleben\/\">Teppanyaki Platte und Grillpatte erleben<\/a>. <\/p>\n<\/div><figure class=\"wp-block-media-text__media\"><a href=\"https:\/\/www.harecker.de\/blog\/teppanyaki-platte-und-grillplatte-erleben\/\"><img loading=\"lazy\" decoding=\"async\" width=\"1024\" height=\"1024\" src=\"https:\/\/www.harecker.de\/blog\/wp-content\/uploads\/2024\/01\/Spaghetti-mit-Garnelen-1024x1024.jpeg\" alt=\"\" class=\"wp-image-19057 size-full\" srcset=\"https:\/\/www.harecker.de\/blog\/wp-content\/uploads\/2024\/01\/Spaghetti-mit-Garnelen-1024x1024.jpeg 1024w, https:\/\/www.harecker.de\/blog\/wp-content\/uploads\/2024\/01\/Spaghetti-mit-Garnelen-350x350.jpeg 350w, https:\/\/www.harecker.de\/blog\/wp-content\/uploads\/2024\/01\/Spaghetti-mit-Garnelen-240x240.jpeg 240w, https:\/\/www.harecker.de\/blog\/wp-content\/uploads\/2024\/01\/Spaghetti-mit-Garnelen-768x768.jpeg 768w, https:\/\/www.harecker.de\/blog\/wp-content\/uploads\/2024\/01\/Spaghetti-mit-Garnelen-150x150.jpeg 150w, https:\/\/www.harecker.de\/blog\/wp-content\/uploads\/2024\/01\/Spaghetti-mit-Garnelen-1536x1536.jpeg 1536w, https:\/\/www.harecker.de\/blog\/wp-content\/uploads\/2024\/01\/Spaghetti-mit-Garnelen-2048x2048.jpeg 2048w, https:\/\/www.harecker.de\/blog\/wp-content\/uploads\/2024\/01\/Spaghetti-mit-Garnelen-500x500.jpeg 500w, https:\/\/www.harecker.de\/blog\/wp-content\/uploads\/2024\/01\/Spaghetti-mit-Garnelen-250x250.jpeg 250w\" sizes=\"auto, (max-width: 1024px) 100vw, 1024px\"\/><\/a><\/figure><\/div>\n\n\n\n<h3 class=\"wp-block-heading\">Fisch:<\/h3>\n\n\n\n<figure class=\"wp-block-table\"><table><thead><tr><th>Fischart<\/th><th>Kerntemperatur (&#xB0;C)<\/th><th>Minimale Gartemperatur (&#xB0;C)<\/th><th>Maximale Gartemperatur (&#xB0;C)<\/th><th>Minimale Garzeit (Stunden)<\/th><th>Maximale Garzeit (Stunden)<\/th><th>Gewicht (Gramm)<\/th><\/tr><\/thead><tbody><tr><td>Lachs<\/td><td>45 &#x2013; 54<\/td><td>40<\/td><td>55<\/td><td>0.5<\/td><td>1.5<\/td><td>150 &#x2013; 200<\/td><\/tr><tr><td>Zander<\/td><td>50 &#x2013; 54<\/td><td>45<\/td><td>55<\/td><td>0.5<\/td><td>1<\/td><td>200 &#x2013; 250<\/td><\/tr><tr><td>Heilbutt<\/td><td>50 &#x2013; 54<\/td><td>45<\/td><td>55<\/td><td>0.5<\/td><td>1<\/td><td>200 &#x2013; 250<\/td><\/tr><tr><td>Thunfischsteak<\/td><td>50 &#x2013; 54<\/td><td>45<\/td><td>55<\/td><td>0.5<\/td><td>1<\/td><td>200 &#x2013; 250<\/td><\/tr><tr><td>Forelle<\/td><td>45 &#x2013; 54<\/td><td>40<\/td><td>55<\/td><td>0.5<\/td><td>1<\/td><td>150 &#x2013; 200<\/td><\/tr><tr><td>Kabeljau<\/td><td>50 &#x2013; 54<\/td><td>45<\/td><td>55<\/td><td>0.5<\/td><td>1<\/td><td>200 &#x2013; 250<\/td><\/tr><tr><td>Dorade<\/td><td>45 &#x2013; 50<\/td><td>40<\/td><td>55<\/td><td>0.5<\/td><td>1<\/td><td>250 &#x2013; 300<\/td><\/tr><tr><td>Makrele<\/td><td>45 &#x2013; 50<\/td><td>40<\/td><td>55<\/td><td>0.5<\/td><td>1<\/td><td>200 &#x2013; 250<\/td><\/tr><tr><td>Scholle<\/td><td>45 &#x2013; 50<\/td><td>40<\/td><td>55<\/td><td>0.5<\/td><td>1<\/td><td>200 &#x2013; 250<\/td><\/tr><tr><td>Seebarsch<\/td><td>45 &#x2013; 50<\/td><td>40<\/td><td>55<\/td><td>0.5<\/td><td>1<\/td><td>200 &#x2013; 250<\/td><\/tr><tr><td><a class=\"glossaryLink\" href=\"https:\/\/www.harecker.de\/blog\/glossary\/steinbutt\/\" data-gt-translate-attributes='[{\"attribute\":\"data-cmtooltip\", \"format\":\"html\"}]' tabindex=\"0\" role=\"link\">Steinbutt<\/a><\/td><td>45 &#x2013; 50<\/td><td>40<\/td><td>55<\/td><td>0.5<\/td><td>1<\/td><td>250 &#x2013; 300<\/td><\/tr><tr><td>Rotbarsch<\/td><td>45 &#x2013; 50<\/td><td>40<\/td><td>55<\/td><td>0.5<\/td><td>1<\/td><td>200 &#x2013; 250<\/td><\/tr><tr><td>Forelle<\/td><td>45 &#x2013; 54<\/td><td>40<\/td><td>55<\/td><td>0.5<\/td><td>1<\/td><td>150 &#x2013; 200<\/td><\/tr><tr><td><a class=\"glossaryLink\" href=\"https:\/\/www.harecker.de\/blog\/glossary\/seezunge\/\" data-gt-translate-attributes='[{\"attribute\":\"data-cmtooltip\", \"format\":\"html\"}]' tabindex=\"0\" role=\"link\">Seezunge<\/a><\/td><td>45 &#x2013; 50<\/td><td>40<\/td><td>55<\/td><td>0.5<\/td><td>1<\/td><td>250 &#x2013; 300<\/td><\/tr><tr><td>Sardinen<\/td><td>45 &#x2013; 50<\/td><td>40<\/td><td>55<\/td><td>0.5<\/td><td>1<\/td><td>200 &#x2013; 250<\/td><\/tr><tr><td>Schwertfisch<\/td><td>50 &#x2013; 54<\/td><td>45<\/td><td>55<\/td><td>0.5<\/td><td>1<\/td><td>200 &#x2013; 250<\/td><\/tr><tr><td>Dorade<\/td><td>45 &#x2013; 50<\/td><td>40<\/td><td>55<\/td><td>0.5<\/td><td>1<\/td><td>250 &#x2013; 300<\/td><\/tr><tr><td>Jakobsmuscheln<\/td><td>50 &#x2013; 54<\/td><td>45<\/td><td>55<\/td><td>0.5<\/td><td>1<\/td><td>200 &#x2013; 250<\/td><\/tr><\/tbody><\/table><\/figure>\n\n\n\n<div class=\"wp-block-media-text is-stacked-on-mobile\" style=\"grid-template-columns:30% auto\"><figure class=\"wp-block-media-text__media\"><a href=\"https:\/\/www.harecker.de\/clip-allzweckclip\"><img loading=\"lazy\" decoding=\"async\" width=\"800\" height=\"800\" src=\"https:\/\/www.harecker.de\/blog\/wp-content\/uploads\/2024\/02\/allzweckclip.webp\" alt=\"\" class=\"wp-image-19458 size-full\" srcset=\"https:\/\/www.harecker.de\/blog\/wp-content\/uploads\/2024\/02\/allzweckclip.webp 800w, https:\/\/www.harecker.de\/blog\/wp-content\/uploads\/2024\/02\/allzweckclip-350x350.webp 350w, https:\/\/www.harecker.de\/blog\/wp-content\/uploads\/2024\/02\/allzweckclip-240x240.webp 240w, https:\/\/www.harecker.de\/blog\/wp-content\/uploads\/2024\/02\/allzweckclip-768x768.webp 768w, https:\/\/www.harecker.de\/blog\/wp-content\/uploads\/2024\/02\/allzweckclip-150x150.webp 150w, https:\/\/www.harecker.de\/blog\/wp-content\/uploads\/2024\/02\/allzweckclip-500x500.webp 500w, https:\/\/www.harecker.de\/blog\/wp-content\/uploads\/2024\/02\/allzweckclip-250x250.webp 250w\" sizes=\"auto, (max-width: 800px) 100vw, 800px\"\/><\/a><\/figure><div class=\"wp-block-media-text__content\">\n<p><strong>Der Turbo Clip<\/strong><br>Du hast kein Vakuumierger&#xE4;t? Kein Problem, mit unserem <a href=\"https:\/\/www.harecker.de\/clip-allzweckclip\">Alzweck-Clip<\/a> kannst du jeden Gefrierbeutel f&#xFC;r das Sous-vide-Garen verwenden. Gargut mit Gew&#xFC;rzen in den Beutel geben &#x2013; Luft herausdr&#xFC;cken und mit dem Clip verschlie&#xDF;en. <\/p>\n<\/div><\/div>\n\n\n\n<h2 class=\"wp-block-heading\" id=\"h-sous-vide-garen-von-gemuse\">Sous-vide-Garen von Gem&#xFC;se<\/h2>\n\n\n\n<p>Sous-vide-Garen von Gem&#xFC;se bewahrt dessen nat&#xFC;rliche Farbe, Textur und N&#xE4;hrstoffe. Die kontrollierte Temperatur sorgt f&#xFC;r gleichm&#xE4;&#xDF;iges Garen, w&#xE4;hrend Aromen intensiviert werden. Das Ergebnis ist zartes, aber dennoch bissfestes Gem&#xFC;se mit vollem Geschmack und erhaltener N&#xE4;hrstoffen.<\/p>\n\n\n\n<h3 class=\"wp-block-heading\" id=\"h-gemuse\">Gem&#xFC;se:<\/h3>\n\n\n\n<figure class=\"wp-block-table\"><table><thead><tr><th>Gem&#xFC;se<\/th><th>Kerntemperatur (&#xB0;C)<\/th><th>Minimale Gartemperatur (&#xB0;C)<\/th><th>Maximale Gartemperatur (&#xB0;C)<\/th><th>Minimale Garzeit (Minuten)<\/th><th>Maximale Garzeit (Stunden)<\/th><th>Gewicht (Gramm)<\/th><\/tr><\/thead><tbody><tr><td><a class=\"glossaryLink\" href=\"https:\/\/www.harecker.de\/blog\/glossary\/karotten\/\" data-gt-translate-attributes='[{\"attribute\":\"data-cmtooltip\", \"format\":\"html\"}]' tabindex=\"0\" role=\"link\">Karotten<\/a><\/td><td>85 &#x2013; 88<\/td><td>80<\/td><td>90<\/td><td>45<\/td><td>1<\/td><td>150 &#x2013; 200<\/td><\/tr><tr><td>Spargel<\/td><td>85 &#x2013; 88<\/td><td>80<\/td><td>90<\/td><td>20<\/td><td>1<\/td><td>200 &#x2013; 250<\/td><\/tr><tr><td>Brokkoli<\/td><td>85 &#x2013; 88<\/td><td>80<\/td><td>90<\/td><td>30<\/td><td>1<\/td><td>200 &#x2013; 250<\/td><\/tr><tr><td>S&#xFC;&#xDF;kartoffeln<\/td><td>85 &#x2013; 88<\/td><td>80<\/td><td>90<\/td><td>45<\/td><td>1.5<\/td><td>200 &#x2013; 250<\/td><\/tr><tr><td><a class=\"glossaryLink\" href=\"https:\/\/www.harecker.de\/blog\/glossary\/rote-bete\/\" data-gt-translate-attributes='[{\"attribute\":\"data-cmtooltip\", \"format\":\"html\"}]' tabindex=\"0\" role=\"link\">Rote Bete<\/a><\/td><td>85 &#x2013; 88<\/td><td>80<\/td><td>90<\/td><td>60<\/td><td>2<\/td><td>200 &#x2013; 250<\/td><\/tr><tr><td>Kartoffeln<\/td><td>85 &#x2013; 88<\/td><td>80<\/td><td>90<\/td><td>45<\/td><td>1.5<\/td><td>200 &#x2013; 250<\/td><\/tr><tr><td>Gr&#xFC;ne Bohnen<\/td><td>85 &#x2013; 88<\/td><td>80<\/td><td>90<\/td><td>30<\/td><td>1<\/td><td>150 &#x2013; 200<\/td><\/tr><tr><td>Erbsen<\/td><td>85 &#x2013; 88<\/td><td>80<\/td><td>90<\/td><td>20<\/td><td>1<\/td><td>150 &#x2013; 200<\/td><\/tr><tr><td><a class=\"glossaryLink\" href=\"https:\/\/www.harecker.de\/blog\/glossary\/blumenkohl\/\" data-gt-translate-attributes='[{\"attribute\":\"data-cmtooltip\", \"format\":\"html\"}]' tabindex=\"0\" role=\"link\">Blumenkohl<\/a><\/td><td>85 &#x2013; 88<\/td><td>80<\/td><td>90<\/td><td>30<\/td><td>1<\/td><td>200 &#x2013; 250<\/td><\/tr><tr><td>Spitzkohl<\/td><td>85 &#x2013; 88<\/td><td>80<\/td><td>90<\/td><td>30<\/td><td>1<\/td><td>200 &#x2013; 250<\/td><\/tr><tr><td><a class=\"glossaryLink\" href=\"https:\/\/www.harecker.de\/blog\/glossary\/rosenkohl\/\" data-gt-translate-attributes='[{\"attribute\":\"data-cmtooltip\", \"format\":\"html\"}]' tabindex=\"0\" role=\"link\">Rosenkohl<\/a><\/td><td>85 &#x2013; 88<\/td><td>80<\/td><td>90<\/td><td>30<\/td><td>1<\/td><td>150 &#x2013; 200<\/td><\/tr><tr><td>Sellerie<\/td><td>85 &#x2013; 88<\/td><td>80<\/td><td>90<\/td><td>45<\/td><td>1.5<\/td><td>200 &#x2013; 250<\/td><\/tr><tr><td>Zucchini<\/td><td>85 &#x2013; 88<\/td><td>80<\/td><td>90<\/td><td>20<\/td><td>1<\/td><td>150 &#x2013; 200<\/td><\/tr><tr><td><a class=\"glossaryLink\" href=\"https:\/\/www.harecker.de\/blog\/glossary\/aubergine\/\" data-gt-translate-attributes='[{\"attribute\":\"data-cmtooltip\", \"format\":\"html\"}]' tabindex=\"0\" role=\"link\">Aubergine<\/a><\/td><td>85 &#x2013; 88<\/td><td>80<\/td><td>90<\/td><td>30<\/td><td>1<\/td><td>200 &#x2013; 250<\/td><\/tr><tr><td>Paprika<\/td><td>85 &#x2013; 88<\/td><td>80<\/td><td>90<\/td><td>30<\/td><td>1<\/td><td>200 &#x2013; 250<\/td><\/tr><tr><td>Lauch<\/td><td>85 &#x2013; 88<\/td><td>80<\/td><td>90<\/td><td>30<\/td><td>1<\/td><td>150 &#x2013; 200<\/td><\/tr><\/tbody><\/table><\/figure>\n\n\n\n<p><\/p>\n\n\n\n<p><br><\/p>\n\n\n\n<p><\/p>\n\n\n\n<p>Verpasse keine <strong>neuen Rezepte<\/strong> und Angebote bei Pfannen Harecker! Mit dem Newsletter und der<a href=\"https:\/\/www.harecker.de\/blog\/schmankerlpost-verpasst\/\"> Schmankerlpost<\/a> von Pfannen Harecker bleibst du immer informiert! Du erh&#xE4;ltst <strong>jeden Donnerstag unsere Schmankerlpost mit neuen Rezepten &amp; Tipps<\/strong> rund um&#xB4;s Kochen.<br>Anmelden &amp; nichts mehr verpassen:<\/p>\n\n\n<div style=\"\n    background:#051d40;\n    padding:30px;\n    border-radius:15px;\n    text-align:center;\n    color:white;\n    font-family:Arial, sans-serif;\n    max-width:600px;\n    margin:0 auto;\n\">\n    <h2 style=\"color:white; margin-top:0;\">\n        Werde Teil der Harecker Community! &#x1F499;\n    <\/h2>\n\n    <p style=\"color:white; font-size:16px; line-height:1.5;\">\n        &#128073; Melde dich hier f&uuml;r unsere Schmankerlpost &amp; Newsletter an,\n        um keine Rezepte oder Angebote mehr zu verpassen.\n    <\/p>\n\n    <a href=\"https:\/\/t06a3949a.emailsys1a.net\/58\/8585\/3e7d016769\/subscribe\/form.html?_g=1764611427\" style=\"\n           display:inline-block;\n           background:#277dc1;\n           color:white;\n           padding:14px 28px;\n           border-radius:8px;\n           text-decoration:none;\n           font-size:18px;\n           font-weight:bold;\n           margin-top:15px;\n       \">\n        Jetzt anmelden\n    <\/a>\n<\/div>\n\n\n\n<hr class=\"wp-block-separator has-alpha-channel-opacity\">\n","protected":false},"excerpt":{"rendered":"<p>Beim Sous-vide-Garen versiegelst du Lebensmittel in Vakuumbeuteln und gart sie dann bei niedrigen Temperaturen in einem Wasserbad. Mit einem Sous-vide Stick zu Hause ist das einfach und ohne viel Aufwand m&#xF6;glich. Diese Methode garantiert eine pr&#xE4;zise Kerntemperaturkontrolle und f&#xFC;hrt zu gleichm&#xE4;&#xDF;ig gegarten Speisen. Aromen und N&#xE4;hrstoffe bleiben im Vakuumbeutel erhalten, w&#xE4;hrend das Gargut saftig und&#x2026;<\/p>\n<p><a class=\"read-more\" href=\"https:\/\/www.harecker.de\/blog\/sous-vide-garen-tabelle\/\">&#xBB; Weiterlesen<\/a><\/p>\n","protected":false},"author":23,"featured_media":19053,"comment_status":"open","ping_status":"open","sticky":false,"template":"","format":"standard","meta":{"_acf_changed":false,"wprm-recipe-roundup-name":"","wprm-recipe-roundup-description":"","_jetpack_memberships_contains_paid_content":false,"footnotes":""},"categories":[1632],"tags":[7128,7140],"class_list":["post-19448","post","type-post","status-publish","format-standard","has-post-thumbnail","hentry","category-tipps-tricks-zu-pfannen-kochgeschirr-ernaerung","tag-sous-vide","tag-sous-vide-gartabelle"],"acf":[],"yoast_head":"<!-- This site is optimized with the Yoast SEO Premium plugin v27.4 (Yoast SEO v27.5) - https:\/\/yoast.com\/product\/yoast-seo-premium-wordpress\/ -->\n<title>Sous-vide-Garen Tabelle - Die Pfanne von harecker.de<\/title>\n<meta name=\"description\" content=\"Sous-vide-Garen ist ganz einfach! Bei uns findest du die Gartabelle f\u00fcr Fisch, Fleisch und Gem\u00fcse. So gelingt dir dein Sous-vide Rezept!\" \/>\n<meta name=\"robots\" content=\"index, follow, max-snippet:-1, max-image-preview:large, max-video-preview:-1\" \/>\n<link rel=\"canonical\" href=\"https:\/\/www.harecker.de\/blog\/sous-vide-garen-tabelle\/\" \/>\n<meta property=\"og:locale\" content=\"de_DE\" \/>\n<meta property=\"og:type\" content=\"article\" \/>\n<meta property=\"og:title\" content=\"Sous-vide-Garen Tabelle\" \/>\n<meta property=\"og:description\" content=\"Beim Sous-vide-Garen versiegelst du Lebensmittel in Vakuumbeuteln und gart sie dann bei niedrigen Temperaturen in einem Wasserbad. Mit einem Sous-vide\" \/>\n<meta property=\"og:url\" content=\"https:\/\/www.harecker.de\/blog\/sous-vide-garen-tabelle\/\" \/>\n<meta property=\"og:site_name\" content=\"Die Pfanne von harecker.de\" \/>\n<meta property=\"article:publisher\" content=\"https:\/\/de-de.facebook.com\/harecker.pfannen\/\" \/>\n<meta property=\"article:published_time\" content=\"2024-02-06T12:35:30+00:00\" \/>\n<meta property=\"article:modified_time\" content=\"2024-06-26T10:04:04+00:00\" \/>\n<meta property=\"og:image\" content=\"https:\/\/www.harecker.de\/blog\/wp-content\/uploads\/2024\/01\/Entrecote-mit-Pfeffersauce-scaled.jpeg\" \/>\n\t<meta property=\"og:image:width\" content=\"2560\" \/>\n\t<meta property=\"og:image:height\" content=\"2560\" \/>\n\t<meta property=\"og:image:type\" content=\"image\/jpeg\" \/>\n<meta name=\"author\" content=\"Rainer Schnell\" \/>\n<meta name=\"twitter:card\" content=\"summary_large_image\" \/>\n<meta name=\"twitter:label1\" content=\"Verfasst von\" \/>\n\t<meta name=\"twitter:data1\" content=\"Rainer Schnell\" \/>\n\t<meta name=\"twitter:label2\" content=\"Gesch\u00e4tzte Lesezeit\" \/>\n\t<meta name=\"twitter:data2\" content=\"7\u00a0Minuten\" \/>\n<script type=\"application\/ld+json\" class=\"yoast-schema-graph\">{\"@context\":\"https:\\\/\\\/schema.org\",\"@graph\":[{\"@type\":\"Article\",\"@id\":\"https:\\\/\\\/www.harecker.de\\\/blog\\\/sous-vide-garen-tabelle\\\/#article\",\"isPartOf\":{\"@id\":\"https:\\\/\\\/www.harecker.de\\\/blog\\\/sous-vide-garen-tabelle\\\/\"},\"author\":{\"name\":\"Rainer Schnell\",\"@id\":\"https:\\\/\\\/www.harecker.de\\\/blog\\\/#\\\/schema\\\/person\\\/caa0a35c11d3302a677fb10d8868c416\"},\"headline\":\"Sous-vide-Garen Tabelle\",\"datePublished\":\"2024-02-06T12:35:30+00:00\",\"dateModified\":\"2024-06-26T10:04:04+00:00\",\"mainEntityOfPage\":{\"@id\":\"https:\\\/\\\/www.harecker.de\\\/blog\\\/sous-vide-garen-tabelle\\\/\"},\"wordCount\":629,\"commentCount\":1,\"publisher\":{\"@id\":\"https:\\\/\\\/www.harecker.de\\\/blog\\\/#organization\"},\"image\":{\"@id\":\"https:\\\/\\\/www.harecker.de\\\/blog\\\/sous-vide-garen-tabelle\\\/#primaryimage\"},\"thumbnailUrl\":\"https:\\\/\\\/www.harecker.de\\\/blog\\\/wp-content\\\/uploads\\\/2024\\\/01\\\/Entrecote-mit-Pfeffersauce-scaled.jpeg\",\"keywords\":[\"Sous vide\",\"Sous vide Gartabelle\"],\"articleSection\":[\"Tipps &amp; Tricks\"],\"inLanguage\":\"de\",\"potentialAction\":[{\"@type\":\"CommentAction\",\"name\":\"Comment\",\"target\":[\"https:\\\/\\\/www.harecker.de\\\/blog\\\/sous-vide-garen-tabelle\\\/#respond\"]}]},{\"@type\":\"WebPage\",\"@id\":\"https:\\\/\\\/www.harecker.de\\\/blog\\\/sous-vide-garen-tabelle\\\/\",\"url\":\"https:\\\/\\\/www.harecker.de\\\/blog\\\/sous-vide-garen-tabelle\\\/\",\"name\":\"Sous-vide-Garen Tabelle - Die Pfanne von harecker.de\",\"isPartOf\":{\"@id\":\"https:\\\/\\\/www.harecker.de\\\/blog\\\/#website\"},\"primaryImageOfPage\":{\"@id\":\"https:\\\/\\\/www.harecker.de\\\/blog\\\/sous-vide-garen-tabelle\\\/#primaryimage\"},\"image\":{\"@id\":\"https:\\\/\\\/www.harecker.de\\\/blog\\\/sous-vide-garen-tabelle\\\/#primaryimage\"},\"thumbnailUrl\":\"https:\\\/\\\/www.harecker.de\\\/blog\\\/wp-content\\\/uploads\\\/2024\\\/01\\\/Entrecote-mit-Pfeffersauce-scaled.jpeg\",\"datePublished\":\"2024-02-06T12:35:30+00:00\",\"dateModified\":\"2024-06-26T10:04:04+00:00\",\"description\":\"Sous-vide-Garen ist ganz einfach! Bei uns findest du die Gartabelle f\u00fcr Fisch, Fleisch und Gem\u00fcse. So gelingt dir dein Sous-vide Rezept!\",\"breadcrumb\":{\"@id\":\"https:\\\/\\\/www.harecker.de\\\/blog\\\/sous-vide-garen-tabelle\\\/#breadcrumb\"},\"inLanguage\":\"de\",\"potentialAction\":[{\"@type\":\"ReadAction\",\"target\":[\"https:\\\/\\\/www.harecker.de\\\/blog\\\/sous-vide-garen-tabelle\\\/\"]}]},{\"@type\":\"ImageObject\",\"inLanguage\":\"de\",\"@id\":\"https:\\\/\\\/www.harecker.de\\\/blog\\\/sous-vide-garen-tabelle\\\/#primaryimage\",\"url\":\"https:\\\/\\\/www.harecker.de\\\/blog\\\/wp-content\\\/uploads\\\/2024\\\/01\\\/Entrecote-mit-Pfeffersauce-scaled.jpeg\",\"contentUrl\":\"https:\\\/\\\/www.harecker.de\\\/blog\\\/wp-content\\\/uploads\\\/2024\\\/01\\\/Entrecote-mit-Pfeffersauce-scaled.jpeg\",\"width\":2560,\"height\":2560},{\"@type\":\"BreadcrumbList\",\"@id\":\"https:\\\/\\\/www.harecker.de\\\/blog\\\/sous-vide-garen-tabelle\\\/#breadcrumb\",\"itemListElement\":[{\"@type\":\"ListItem\",\"position\":1,\"name\":\"Startseite\",\"item\":\"https:\\\/\\\/www.harecker.de\\\/blog\\\/\"},{\"@type\":\"ListItem\",\"position\":2,\"name\":\"Sous-vide-Garen Tabelle\"}]},{\"@type\":\"WebSite\",\"@id\":\"https:\\\/\\\/www.harecker.de\\\/blog\\\/#website\",\"url\":\"https:\\\/\\\/www.harecker.de\\\/blog\\\/\",\"name\":\"Die Pfanne von harecker.de\",\"description\":\"Tipps, Tricks und Neuigkeiten Rund um das Thema Kochen, Backen, Braten und Ern\u00e4hrung Pfannen, T\u00f6pfe und Br\u00e4ter in Profiqualit\u00e4t \u2013 Made in Germany\",\"publisher\":{\"@id\":\"https:\\\/\\\/www.harecker.de\\\/blog\\\/#organization\"},\"potentialAction\":[{\"@type\":\"SearchAction\",\"target\":{\"@type\":\"EntryPoint\",\"urlTemplate\":\"https:\\\/\\\/www.harecker.de\\\/blog\\\/?s={search_term_string}\"},\"query-input\":{\"@type\":\"PropertyValueSpecification\",\"valueRequired\":true,\"valueName\":\"search_term_string\"}}],\"inLanguage\":\"de\"},{\"@type\":\"Organization\",\"@id\":\"https:\\\/\\\/www.harecker.de\\\/blog\\\/#organization\",\"name\":\"Harecker Pfannen\",\"url\":\"https:\\\/\\\/www.harecker.de\\\/blog\\\/\",\"logo\":{\"@type\":\"ImageObject\",\"inLanguage\":\"de\",\"@id\":\"https:\\\/\\\/www.harecker.de\\\/blog\\\/#\\\/schema\\\/logo\\\/image\\\/\",\"url\":\"https:\\\/\\\/www.harecker.de\\\/blog\\\/wp-content\\\/uploads\\\/2018\\\/04\\\/logo.png\",\"contentUrl\":\"https:\\\/\\\/www.harecker.de\\\/blog\\\/wp-content\\\/uploads\\\/2018\\\/04\\\/logo.png\",\"width\":185,\"height\":96,\"caption\":\"Harecker Pfannen\"},\"image\":{\"@id\":\"https:\\\/\\\/www.harecker.de\\\/blog\\\/#\\\/schema\\\/logo\\\/image\\\/\"},\"sameAs\":[\"https:\\\/\\\/de-de.facebook.com\\\/harecker.pfannen\\\/\"]},{\"@type\":\"Person\",\"@id\":\"https:\\\/\\\/www.harecker.de\\\/blog\\\/#\\\/schema\\\/person\\\/caa0a35c11d3302a677fb10d8868c416\",\"name\":\"Rainer Schnell\"}]}<\/script>\n<!-- \/ Yoast SEO Premium plugin. -->","yoast_head_json":{"title":"Sous-vide-Garen Tabelle - Die Pfanne von harecker.de","description":"Sous-vide-Garen ist ganz einfach! Bei uns findest du die Gartabelle f\u00fcr Fisch, Fleisch und Gem\u00fcse. So gelingt dir dein Sous-vide Rezept!","robots":{"index":"index","follow":"follow","max-snippet":"max-snippet:-1","max-image-preview":"max-image-preview:large","max-video-preview":"max-video-preview:-1"},"canonical":"https:\/\/www.harecker.de\/blog\/sous-vide-garen-tabelle\/","og_locale":"de_DE","og_type":"article","og_title":"Sous-vide-Garen Tabelle","og_description":"Beim Sous-vide-Garen versiegelst du Lebensmittel in Vakuumbeuteln und gart sie dann bei niedrigen Temperaturen in einem Wasserbad. Mit einem Sous-vide","og_url":"https:\/\/www.harecker.de\/blog\/sous-vide-garen-tabelle\/","og_site_name":"Die Pfanne von harecker.de","article_publisher":"https:\/\/de-de.facebook.com\/harecker.pfannen\/","article_published_time":"2024-02-06T12:35:30+00:00","article_modified_time":"2024-06-26T10:04:04+00:00","og_image":[{"width":2560,"height":2560,"url":"https:\/\/www.harecker.de\/blog\/wp-content\/uploads\/2024\/01\/Entrecote-mit-Pfeffersauce-scaled.jpeg","type":"image\/jpeg"}],"author":"Rainer Schnell","twitter_card":"summary_large_image","twitter_misc":{"Verfasst von":"Rainer Schnell","Gesch\u00e4tzte Lesezeit":"7\u00a0Minuten"},"schema":{"@context":"https:\/\/schema.org","@graph":[{"@type":"Article","@id":"https:\/\/www.harecker.de\/blog\/sous-vide-garen-tabelle\/#article","isPartOf":{"@id":"https:\/\/www.harecker.de\/blog\/sous-vide-garen-tabelle\/"},"author":{"name":"Rainer Schnell","@id":"https:\/\/www.harecker.de\/blog\/#\/schema\/person\/caa0a35c11d3302a677fb10d8868c416"},"headline":"Sous-vide-Garen Tabelle","datePublished":"2024-02-06T12:35:30+00:00","dateModified":"2024-06-26T10:04:04+00:00","mainEntityOfPage":{"@id":"https:\/\/www.harecker.de\/blog\/sous-vide-garen-tabelle\/"},"wordCount":629,"commentCount":1,"publisher":{"@id":"https:\/\/www.harecker.de\/blog\/#organization"},"image":{"@id":"https:\/\/www.harecker.de\/blog\/sous-vide-garen-tabelle\/#primaryimage"},"thumbnailUrl":"https:\/\/www.harecker.de\/blog\/wp-content\/uploads\/2024\/01\/Entrecote-mit-Pfeffersauce-scaled.jpeg","keywords":["Sous vide","Sous vide Gartabelle"],"articleSection":["Tipps &amp; Tricks"],"inLanguage":"de","potentialAction":[{"@type":"CommentAction","name":"Comment","target":["https:\/\/www.harecker.de\/blog\/sous-vide-garen-tabelle\/#respond"]}]},{"@type":"WebPage","@id":"https:\/\/www.harecker.de\/blog\/sous-vide-garen-tabelle\/","url":"https:\/\/www.harecker.de\/blog\/sous-vide-garen-tabelle\/","name":"Sous-vide-Garen Tabelle - Die Pfanne von harecker.de","isPartOf":{"@id":"https:\/\/www.harecker.de\/blog\/#website"},"primaryImageOfPage":{"@id":"https:\/\/www.harecker.de\/blog\/sous-vide-garen-tabelle\/#primaryimage"},"image":{"@id":"https:\/\/www.harecker.de\/blog\/sous-vide-garen-tabelle\/#primaryimage"},"thumbnailUrl":"https:\/\/www.harecker.de\/blog\/wp-content\/uploads\/2024\/01\/Entrecote-mit-Pfeffersauce-scaled.jpeg","datePublished":"2024-02-06T12:35:30+00:00","dateModified":"2024-06-26T10:04:04+00:00","description":"Sous-vide-Garen ist ganz einfach! Bei uns findest du die Gartabelle f\u00fcr Fisch, Fleisch und Gem\u00fcse. So gelingt dir dein Sous-vide Rezept!","breadcrumb":{"@id":"https:\/\/www.harecker.de\/blog\/sous-vide-garen-tabelle\/#breadcrumb"},"inLanguage":"de","potentialAction":[{"@type":"ReadAction","target":["https:\/\/www.harecker.de\/blog\/sous-vide-garen-tabelle\/"]}]},{"@type":"ImageObject","inLanguage":"de","@id":"https:\/\/www.harecker.de\/blog\/sous-vide-garen-tabelle\/#primaryimage","url":"https:\/\/www.harecker.de\/blog\/wp-content\/uploads\/2024\/01\/Entrecote-mit-Pfeffersauce-scaled.jpeg","contentUrl":"https:\/\/www.harecker.de\/blog\/wp-content\/uploads\/2024\/01\/Entrecote-mit-Pfeffersauce-scaled.jpeg","width":2560,"height":2560},{"@type":"BreadcrumbList","@id":"https:\/\/www.harecker.de\/blog\/sous-vide-garen-tabelle\/#breadcrumb","itemListElement":[{"@type":"ListItem","position":1,"name":"Startseite","item":"https:\/\/www.harecker.de\/blog\/"},{"@type":"ListItem","position":2,"name":"Sous-vide-Garen Tabelle"}]},{"@type":"WebSite","@id":"https:\/\/www.harecker.de\/blog\/#website","url":"https:\/\/www.harecker.de\/blog\/","name":"Die Pfanne von harecker.de","description":"Tipps, Tricks und Neuigkeiten Rund um das Thema Kochen, Backen, Braten und Ern\u00e4hrung Pfannen, T\u00f6pfe und Br\u00e4ter in Profiqualit\u00e4t \u2013 Made in Germany","publisher":{"@id":"https:\/\/www.harecker.de\/blog\/#organization"},"potentialAction":[{"@type":"SearchAction","target":{"@type":"EntryPoint","urlTemplate":"https:\/\/www.harecker.de\/blog\/?s={search_term_string}"},"query-input":{"@type":"PropertyValueSpecification","valueRequired":true,"valueName":"search_term_string"}}],"inLanguage":"de"},{"@type":"Organization","@id":"https:\/\/www.harecker.de\/blog\/#organization","name":"Harecker Pfannen","url":"https:\/\/www.harecker.de\/blog\/","logo":{"@type":"ImageObject","inLanguage":"de","@id":"https:\/\/www.harecker.de\/blog\/#\/schema\/logo\/image\/","url":"https:\/\/www.harecker.de\/blog\/wp-content\/uploads\/2018\/04\/logo.png","contentUrl":"https:\/\/www.harecker.de\/blog\/wp-content\/uploads\/2018\/04\/logo.png","width":185,"height":96,"caption":"Harecker Pfannen"},"image":{"@id":"https:\/\/www.harecker.de\/blog\/#\/schema\/logo\/image\/"},"sameAs":["https:\/\/de-de.facebook.com\/harecker.pfannen\/"]},{"@type":"Person","@id":"https:\/\/www.harecker.de\/blog\/#\/schema\/person\/caa0a35c11d3302a677fb10d8868c416","name":"Rainer Schnell"}]}},"jetpack_featured_media_url":"https:\/\/www.harecker.de\/blog\/wp-content\/uploads\/2024\/01\/Entrecote-mit-Pfeffersauce-scaled.jpeg","jetpack_likes_enabled":true,"jetpack_sharing_enabled":true,"_links":{"self":[{"href":"https:\/\/www.harecker.de\/blog\/wp-json\/wp\/v2\/posts\/19448","targetHints":{"allow":["GET"]}}],"collection":[{"href":"https:\/\/www.harecker.de\/blog\/wp-json\/wp\/v2\/posts"}],"about":[{"href":"https:\/\/www.harecker.de\/blog\/wp-json\/wp\/v2\/types\/post"}],"author":[{"embeddable":true,"href":"https:\/\/www.harecker.de\/blog\/wp-json\/wp\/v2\/users\/23"}],"replies":[{"embeddable":true,"href":"https:\/\/www.harecker.de\/blog\/wp-json\/wp\/v2\/comments?post=19448"}],"version-history":[{"count":12,"href":"https:\/\/www.harecker.de\/blog\/wp-json\/wp\/v2\/posts\/19448\/revisions"}],"predecessor-version":[{"id":21992,"href":"https:\/\/www.harecker.de\/blog\/wp-json\/wp\/v2\/posts\/19448\/revisions\/21992"}],"wp:featuredmedia":[{"embeddable":true,"href":"https:\/\/www.harecker.de\/blog\/wp-json\/wp\/v2\/media\/19053"}],"wp:attachment":[{"href":"https:\/\/www.harecker.de\/blog\/wp-json\/wp\/v2\/media?parent=19448"}],"wp:term":[{"taxonomy":"category","embeddable":true,"href":"https:\/\/www.harecker.de\/blog\/wp-json\/wp\/v2\/categories?post=19448"},{"taxonomy":"post_tag","embeddable":true,"href":"https:\/\/www.harecker.de\/blog\/wp-json\/wp\/v2\/tags?post=19448"}],"curies":[{"name":"wp","href":"https:\/\/api.w.org\/{rel}","templated":true}]}}