{"id":2486,"count":50,"description":"<h2>Lecker und Gesund<\/h2>\r\nIm Fokus steht eine \"<strong>gesunde Ern\u00e4hrung<\/strong>\", die einen umfassenden Ansatz verfolgt. Dieser setzt nicht nur auf ausgewogene Nahrungsmittel, sondern ber\u00fccksichtigt auch die positiven Auswirkungen auf die mentale Verfassung und das allgemeine Wohlbefinden. Das bedeutet vor allem auch die positiven Effekte einer gesunden Ern\u00e4hrung.\r\n\r\n<strong>Lecker und Gesund<\/strong> pr\u00e4sentiert regelm\u00e4\u00dfig saisonale Rezepte.","link":"https:\/\/www.harecker.de\/blog\/was-koche-ich-heute\/lecker-und-gesund\/","name":"Lecker und Gesund","slug":"lecker-und-gesund","taxonomy":"category","parent":2159,"meta":[],"acf":[],"yoast_head":"<!-- This site is optimized with the Yoast SEO Premium plugin v27.5 (Yoast SEO v27.5) - https:\/\/yoast.com\/product\/yoast-seo-premium-wordpress\/ -->\n<title>Lecker und Gesund<\/title>\n<meta name=\"description\" content=\"Lecker und Gesund - Rezepte f\u00fcr die Fitness und das Wohnbefinden. F\u00fcr alle die sich gesund ern\u00e4hren m\u00f6chten. Einfache Rezepte die schnell zubereitet sind.\" \/>\n<meta name=\"robots\" content=\"index, follow, max-snippet:-1, max-image-preview:large, max-video-preview:-1\" \/>\n<link rel=\"canonical\" href=\"https:\/\/www.harecker.de\/blog\/was-koche-ich-heute\/lecker-und-gesund\/\" \/>\n<meta property=\"og:locale\" content=\"de_DE\" \/>\n<meta property=\"og:type\" content=\"article\" \/>\n<meta property=\"og:title\" content=\"Lecker und Gesund Archive\" \/>\n<meta property=\"og:url\" content=\"https:\/\/www.harecker.de\/blog\/was-koche-ich-heute\/lecker-und-gesund\/\" \/>\n<meta property=\"og:site_name\" content=\"Die Pfanne von harecker.de\" \/>\n<meta name=\"twitter:card\" content=\"summary_large_image\" \/>\n<script type=\"application\/ld+json\" class=\"yoast-schema-graph\">{\"@context\":\"https:\\\/\\\/schema.org\",\"@graph\":[{\"@type\":\"CollectionPage\",\"@id\":\"https:\\\/\\\/www.harecker.de\\\/blog\\\/was-koche-ich-heute\\\/lecker-und-gesund\\\/\",\"url\":\"https:\\\/\\\/www.harecker.de\\\/blog\\\/was-koche-ich-heute\\\/lecker-und-gesund\\\/\",\"name\":\"Lecker und Gesund\",\"isPartOf\":{\"@id\":\"https:\\\/\\\/www.harecker.de\\\/blog\\\/#website\"},\"description\":\"Lecker und Gesund - Rezepte f\u00fcr die Fitness und das Wohnbefinden. F\u00fcr alle die sich gesund ern\u00e4hren m\u00f6chten. Einfache Rezepte die schnell zubereitet sind.\",\"breadcrumb\":{\"@id\":\"https:\\\/\\\/www.harecker.de\\\/blog\\\/was-koche-ich-heute\\\/lecker-und-gesund\\\/#breadcrumb\"},\"inLanguage\":\"de\"},{\"@type\":\"BreadcrumbList\",\"@id\":\"https:\\\/\\\/www.harecker.de\\\/blog\\\/was-koche-ich-heute\\\/lecker-und-gesund\\\/#breadcrumb\",\"itemListElement\":[{\"@type\":\"ListItem\",\"position\":1,\"name\":\"Startseite\",\"item\":\"https:\\\/\\\/www.harecker.de\\\/blog\\\/\"},{\"@type\":\"ListItem\",\"position\":2,\"name\":\"Rezepte\",\"item\":\"https:\\\/\\\/www.harecker.de\\\/blog\\\/was-koche-ich-heute\\\/\"},{\"@type\":\"ListItem\",\"position\":3,\"name\":\"Lecker und Gesund\"}]},{\"@type\":\"WebSite\",\"@id\":\"https:\\\/\\\/www.harecker.de\\\/blog\\\/#website\",\"url\":\"https:\\\/\\\/www.harecker.de\\\/blog\\\/\",\"name\":\"Die Pfanne von harecker.de\",\"description\":\"Tipps, Tricks und Neuigkeiten Rund um das Thema Kochen, Backen, Braten und Ern\u00e4hrung Pfannen, T\u00f6pfe und Br\u00e4ter in Profiqualit\u00e4t \u2013 Made in Germany\",\"publisher\":{\"@id\":\"https:\\\/\\\/www.harecker.de\\\/blog\\\/#organization\"},\"potentialAction\":[{\"@type\":\"SearchAction\",\"target\":{\"@type\":\"EntryPoint\",\"urlTemplate\":\"https:\\\/\\\/www.harecker.de\\\/blog\\\/?s={search_term_string}\"},\"query-input\":{\"@type\":\"PropertyValueSpecification\",\"valueRequired\":true,\"valueName\":\"search_term_string\"}}],\"inLanguage\":\"de\"},{\"@type\":\"Organization\",\"@id\":\"https:\\\/\\\/www.harecker.de\\\/blog\\\/#organization\",\"name\":\"Harecker Pfannen\",\"url\":\"https:\\\/\\\/www.harecker.de\\\/blog\\\/\",\"logo\":{\"@type\":\"ImageObject\",\"inLanguage\":\"de\",\"@id\":\"https:\\\/\\\/www.harecker.de\\\/blog\\\/#\\\/schema\\\/logo\\\/image\\\/\",\"url\":\"https:\\\/\\\/www.harecker.de\\\/blog\\\/wp-content\\\/uploads\\\/2018\\\/04\\\/logo.png\",\"contentUrl\":\"https:\\\/\\\/www.harecker.de\\\/blog\\\/wp-content\\\/uploads\\\/2018\\\/04\\\/logo.png\",\"width\":185,\"height\":96,\"caption\":\"Harecker Pfannen\"},\"image\":{\"@id\":\"https:\\\/\\\/www.harecker.de\\\/blog\\\/#\\\/schema\\\/logo\\\/image\\\/\"},\"sameAs\":[\"https:\\\/\\\/de-de.facebook.com\\\/harecker.pfannen\\\/\"]}]}<\/script>\n<!-- \/ Yoast SEO Premium plugin. -->","yoast_head_json":{"title":"Lecker und Gesund","description":"Lecker und Gesund - Rezepte f\u00fcr die Fitness und das Wohnbefinden. F\u00fcr alle die sich gesund ern\u00e4hren m\u00f6chten. Einfache Rezepte die schnell zubereitet sind.","robots":{"index":"index","follow":"follow","max-snippet":"max-snippet:-1","max-image-preview":"max-image-preview:large","max-video-preview":"max-video-preview:-1"},"canonical":"https:\/\/www.harecker.de\/blog\/was-koche-ich-heute\/lecker-und-gesund\/","og_locale":"de_DE","og_type":"article","og_title":"Lecker und Gesund Archive","og_url":"https:\/\/www.harecker.de\/blog\/was-koche-ich-heute\/lecker-und-gesund\/","og_site_name":"Die Pfanne von harecker.de","twitter_card":"summary_large_image","schema":{"@context":"https:\/\/schema.org","@graph":[{"@type":"CollectionPage","@id":"https:\/\/www.harecker.de\/blog\/was-koche-ich-heute\/lecker-und-gesund\/","url":"https:\/\/www.harecker.de\/blog\/was-koche-ich-heute\/lecker-und-gesund\/","name":"Lecker und Gesund","isPartOf":{"@id":"https:\/\/www.harecker.de\/blog\/#website"},"description":"Lecker und Gesund - Rezepte f\u00fcr die Fitness und das Wohnbefinden. F\u00fcr alle die sich gesund ern\u00e4hren m\u00f6chten. Einfache Rezepte die schnell zubereitet sind.","breadcrumb":{"@id":"https:\/\/www.harecker.de\/blog\/was-koche-ich-heute\/lecker-und-gesund\/#breadcrumb"},"inLanguage":"de"},{"@type":"BreadcrumbList","@id":"https:\/\/www.harecker.de\/blog\/was-koche-ich-heute\/lecker-und-gesund\/#breadcrumb","itemListElement":[{"@type":"ListItem","position":1,"name":"Startseite","item":"https:\/\/www.harecker.de\/blog\/"},{"@type":"ListItem","position":2,"name":"Rezepte","item":"https:\/\/www.harecker.de\/blog\/was-koche-ich-heute\/"},{"@type":"ListItem","position":3,"name":"Lecker und Gesund"}]},{"@type":"WebSite","@id":"https:\/\/www.harecker.de\/blog\/#website","url":"https:\/\/www.harecker.de\/blog\/","name":"Die Pfanne von harecker.de","description":"Tipps, Tricks und Neuigkeiten Rund um das Thema Kochen, Backen, Braten und Ern\u00e4hrung Pfannen, T\u00f6pfe und Br\u00e4ter in Profiqualit\u00e4t \u2013 Made in Germany","publisher":{"@id":"https:\/\/www.harecker.de\/blog\/#organization"},"potentialAction":[{"@type":"SearchAction","target":{"@type":"EntryPoint","urlTemplate":"https:\/\/www.harecker.de\/blog\/?s={search_term_string}"},"query-input":{"@type":"PropertyValueSpecification","valueRequired":true,"valueName":"search_term_string"}}],"inLanguage":"de"},{"@type":"Organization","@id":"https:\/\/www.harecker.de\/blog\/#organization","name":"Harecker Pfannen","url":"https:\/\/www.harecker.de\/blog\/","logo":{"@type":"ImageObject","inLanguage":"de","@id":"https:\/\/www.harecker.de\/blog\/#\/schema\/logo\/image\/","url":"https:\/\/www.harecker.de\/blog\/wp-content\/uploads\/2018\/04\/logo.png","contentUrl":"https:\/\/www.harecker.de\/blog\/wp-content\/uploads\/2018\/04\/logo.png","width":185,"height":96,"caption":"Harecker Pfannen"},"image":{"@id":"https:\/\/www.harecker.de\/blog\/#\/schema\/logo\/image\/"},"sameAs":["https:\/\/de-de.facebook.com\/harecker.pfannen\/"]}]}},"_links":{"self":[{"href":"https:\/\/www.harecker.de\/blog\/wp-json\/wp\/v2\/categories\/2486","targetHints":{"allow":["GET"]}}],"collection":[{"href":"https:\/\/www.harecker.de\/blog\/wp-json\/wp\/v2\/categories"}],"about":[{"href":"https:\/\/www.harecker.de\/blog\/wp-json\/wp\/v2\/taxonomies\/category"}],"up":[{"embeddable":true,"href":"https:\/\/www.harecker.de\/blog\/wp-json\/wp\/v2\/categories\/2159"}],"wp:post_type":[{"href":"https:\/\/www.harecker.de\/blog\/wp-json\/wp\/v2\/posts?categories=2486"}],"curies":[{"name":"wp","href":"https:\/\/api.w.org\/{rel}","templated":true}]}}